{"id":686911,"date":"2024-07-09T18:46:51","date_gmt":"2024-07-09T16:46:51","guid":{"rendered":"https:\/\/www.hashtag.al\/?p=686911"},"modified":"2024-07-09T18:46:51","modified_gmt":"2024-07-09T16:46:51","slug":"akuza-per-perdhunim-ndaj-26-vjecarit-ne-stafin-e-fshf-gjate-europianit-mediat-gjermane-zbulojne-detajet-e-ngjarjes","status":"publish","type":"post","link":"https:\/\/www.hashtag.al\/index.php\/2024\/07\/09\/akuza-per-perdhunim-ndaj-26-vjecarit-ne-stafin-e-fshf-gjate-europianit-mediat-gjermane-zbulojne-detajet-e-ngjarjes\/","title":{"rendered":"Akuza p\u00ebr p\u00ebrdhunim ndaj 26-vje\u00e7arit n\u00eb stafin e FSHF gjat\u00eb Europianit, mediat gjermane zbulojn\u00eb detajet e ngjarjes","gt_translate_keys":[{"key":"rendered","format":"text"}]},"content":{"rendered":"<p style=\"text-align: left;\"><span style=\"color: #000000;\"><img loading=\"lazy\" decoding=\"async\" class=\"size-full wp-image-686912 aligncenter\" src=\"https:\/\/www.hashtag.al\/wp-content\/uploads\/2024\/07\/Screenshot-2024-07-09-184051.png\" alt=\"\" width=\"482\" height=\"335\" srcset=\"https:\/\/www.hashtag.al\/wp-content\/uploads\/2024\/07\/Screenshot-2024-07-09-184051.png 482w, https:\/\/www.hashtag.al\/wp-content\/uploads\/2024\/07\/Screenshot-2024-07-09-184051-300x209.png 300w\" sizes=\"auto, (max-width: 482px) 100vw, 482px\" \/><\/span><\/p>\n<p style=\"text-align: left;\"><span style=\"color: #000000;\">Futbolli shqiptar ka b\u00ebr\u00eb p\u00ebrs\u00ebri em\u00ebr n\u00eb Gjermani p\u00ebr arsyet m\u00eb t\u00eb gabuara t\u00eb mundshme gjat\u00eb Euro 2024. Nj\u00eb punonj\u00ebs i FSHF-s\u00eb, akuzohet se ka p\u00ebrdhunuar nj\u00eb punonj\u00ebse t\u00eb hotelit ku q\u00ebndronte Komb\u00ebtarja kuqezi n\u00eb Kaiserau. Mediat gjermane kan\u00eb zbuluar detaje rreth k\u00ebsaj ngjarje, me\u00a0tabloidin \u201dBild\u201d q\u00eb ka treguar se nj\u00eb 26-vje\u00e7ar shqiptar \u00ebsht\u00eb n\u00ebn hetim. N\u00eb vijim, artikulli i plot\u00eb:<\/span><\/p>\n<p style=\"text-align: left;\"><span style=\"color: #000000;\">\u201cAkuza t\u00eb r\u00ebnda pas largimit t\u00eb skuadr\u00ebs shqiptare nga Kampionati Europian: Nj\u00eb supervizor (26-vje\u00e7) m\u00ebsohet se ka dhunuar nj\u00eb grua (18 vje\u00e7are) n\u00eb kuzhin\u00ebn e kompleksit ku akomodohej ekipi komb\u00ebtar.<\/span><\/p>\n<p style=\"text-align: left;\"><span style=\"color: #000000;\">Punonj\u00ebsja e hotelit t\u00eb shkoll\u00ebs sportive Kaizerau n\u00eb Kamen ka lajm\u00ebruar policin\u00eb pas sulmit t\u00eb 23 qershorit n\u00eb or\u00ebn 19:30. Prokuroria publike e Dortmundit konfirmoi se nj\u00eb hetim ishte duke u zhvilluar. \u201cHellweger Anzeiger\u201d ishte i pari q\u00eb e raportoi k\u00ebt\u00eb.<\/span><\/p>\n<p style=\"text-align: left;\"><span style=\"color: #000000;\">E reja i tha policis\u00eb n\u00eb Una (Rain-Vestfalia e Veriut) se shqiptari e kishte futur me forc\u00eb n\u00eb kuzhin\u00eb, e kishte puthur dhe abuzuar seksualisht me t\u00eb. Ajo q\u00eb \u00ebsht\u00eb interesante \u00ebsht\u00eb se edhe pse prokuroria publike u informua menj\u00ebher\u00eb p\u00ebr vepr\u00ebn seksuale t\u00eb raportuar, i akuzuari mundi t\u00eb fluturonte n\u00eb sht\u00ebpi i papenguar t\u00eb nes\u00ebrmen (humbja 0:1 kund\u00ebr Spanj\u00ebs n\u00ebnkuptonte eliminimin nga Kampionati Europian gjat\u00eb asaj dite)!<\/span><\/p>\n<p style=\"text-align: left;\"><span style=\"color: #000000;\">Nj\u00eb z\u00ebdh\u00ebn\u00ebse e organit t\u00eb akuz\u00ebs tha: \u201cDuke qen\u00eb se deri m\u00eb tani nuk ka dyshime t\u00eb forta p\u00ebr nj\u00eb krim, nuk \u00ebsht\u00eb b\u00ebr\u00eb asnj\u00eb k\u00ebrkes\u00eb p\u00ebr urdh\u00ebr arresti\u201d. Sipas ligjit gjerman, nj\u00eb p\u00ebrdhunues mund t\u00eb d\u00ebnohet me t\u00eb pakt\u00ebn dy vjet burg. Aktualisht \u00ebsht\u00eb e paqart\u00eb se si do t\u00eb vazhdoj\u00eb hetimi \u2013 ndoshta p\u00ebrmes nj\u00eb k\u00ebrkese t\u00eb nd\u00ebrlikuar p\u00ebr ndihm\u00eb juridike.<\/span><\/p>\n<p style=\"text-align: left;\"><span style=\"color: #000000;\">\u00c7\u00ebshtja e fajit tani duhet t\u00eb sqarohet se deri n\u00eb \u00e7far\u00eb mase burri mund ta kishte qen\u00eb i nd\u00ebrgjegjsh\u00ebm p\u00ebr refuzimin e gruas s\u00eb re. Shqiptari aludohet se i tha lamtumir\u00eb duke i th\u00ebn\u00eb m\u00eb pas q\u00eb ta priste. Personi i akuzuar raportohet se nuk \u00ebsht\u00eb as lojtar dhe as zyrtar i rangut t\u00eb lart\u00eb.<\/span><\/p>\n<p style=\"text-align: left;\"><span style=\"color: #000000;\">\u201cKujdesi ndaj punonj\u00ebses dhe mbrojtja e t\u00eb drejtave t\u00eb saj personale jan\u00eb prioriteti yn\u00eb kryesor\u201d, tha nj\u00eb z\u00ebdh\u00ebn\u00ebse e \u201cSportCentrum Kaiserau\u201d. Pasi u b\u00eb e ditur ngjarja, burri u pezullua menj\u00ebher\u00eb nga Federata Shqiptare e Futbollit.<\/span><\/p>\n<p style=\"text-align: left;\"><span style=\"color: #000000;\">Ardhja e komb\u00ebtares shqiptare \u00ebsht\u00eb festuar n\u00eb Kaiserau. Q\u00ebndrimi ishte planifikuar p\u00ebr jav\u00eb t\u00eb t\u00ebra dhe t\u00eb gjitha d\u00ebshirat organizative t\u00eb t\u00eb ftuarve ishin zbatuar sipas k\u00ebrkesave. M\u00eb 8 qershor, skuadra mb\u00ebrriti, p\u00ebrfshir\u00eb edhe Presidentin e Federat\u00ebs Armand Duka (61). Presidenti i Shoqat\u00ebs s\u00eb Futbollit dhe Atletik\u00ebs s\u00eb Vestfalis\u00eb (FLV\u00cb), Manfred Shnaiders (69), tha n\u00eb at\u00eb koh\u00eb: \u201cNe t\u00eb gjith\u00eb jemi shum\u00eb t\u00eb lumtur q\u00eb ju kemi k\u00ebtu\u201d, shkruan <span style=\"color: #0000ff;\"><strong><a style=\"color: #0000ff;\" href=\"http:\/\/www.panorama.com.al\/sport\/akuza-per-perdhunim-ndaj-26-vjecarit-ne-stafin-e-fshf-gjate-europianit-mediat-gjermane-zbulojne-detajet-e-ngjarjes-se-rende-ja-sa-vite-burg-rrezikon\/\">PanoramaSport.Al.<\/a><\/strong><\/span><\/span><\/p>\n","protected":false,"gt_translate_keys":[{"key":"rendered","format":"html"}]},"excerpt":{"rendered":"<p>Futbolli shqiptar ka b\u00ebr\u00eb p\u00ebrs\u00ebri em\u00ebr n\u00eb Gjermani p\u00ebr arsyet m\u00eb t\u00eb gabuara t\u00eb mundshme gjat\u00eb Euro 2024. Nj\u00eb punonj\u00ebs i FSHF-s\u00eb, akuzohet se ka p\u00ebrdhunuar nj\u00eb punonj\u00ebse t\u00eb hotelit ku q\u00ebndronte Komb\u00ebtarja kuqezi n\u00eb Kaiserau. Mediat gjermane kan\u00eb zbuluar detaje rreth k\u00ebsaj ngjarje, me\u00a0tabloidin \u201dBild\u201d q\u00eb ka treguar se nj\u00eb 26-vje\u00e7ar shqiptar \u00ebsht\u00eb n\u00ebn [&hellip;]<\/p>\n","protected":false,"gt_translate_keys":[{"key":"rendered","format":"html"}]},"author":4,"featured_media":686912,"comment_status":"closed","ping_status":"open","sticky":false,"template":"","format":"standard","meta":{"footnotes":""},"categories":[134],"tags":[],"class_list":["post-686911","post","type-post","status-publish","format-standard","has-post-thumbnail","hentry","category-sport"],"gt_translate_keys":[{"key":"link","format":"url"}],"_links":{"self":[{"href":"https:\/\/www.hashtag.al\/index.php\/wp-json\/wp\/v2\/posts\/686911","targetHints":{"allow":["GET"]}}],"collection":[{"href":"https:\/\/www.hashtag.al\/index.php\/wp-json\/wp\/v2\/posts"}],"about":[{"href":"https:\/\/www.hashtag.al\/index.php\/wp-json\/wp\/v2\/types\/post"}],"author":[{"embeddable":true,"href":"https:\/\/www.hashtag.al\/index.php\/wp-json\/wp\/v2\/users\/4"}],"replies":[{"embeddable":true,"href":"https:\/\/www.hashtag.al\/index.php\/wp-json\/wp\/v2\/comments?post=686911"}],"version-history":[{"count":0,"href":"https:\/\/www.hashtag.al\/index.php\/wp-json\/wp\/v2\/posts\/686911\/revisions"}],"wp:featuredmedia":[{"embeddable":true,"href":"https:\/\/www.hashtag.al\/index.php\/wp-json\/wp\/v2\/media\/686912"}],"wp:attachment":[{"href":"https:\/\/www.hashtag.al\/index.php\/wp-json\/wp\/v2\/media?parent=686911"}],"wp:term":[{"taxonomy":"category","embeddable":true,"href":"https:\/\/www.hashtag.al\/index.php\/wp-json\/wp\/v2\/categories?post=686911"},{"taxonomy":"post_tag","embeddable":true,"href":"https:\/\/www.hashtag.al\/index.php\/wp-json\/wp\/v2\/tags?post=686911"}],"curies":[{"name":"wp","href":"https:\/\/api.w.org\/{rel}","templated":true}]}}