{"id":686850,"date":"2024-07-09T13:38:14","date_gmt":"2024-07-09T11:38:14","guid":{"rendered":"https:\/\/www.hashtag.al\/?p=686850"},"modified":"2024-07-09T13:38:14","modified_gmt":"2024-07-09T11:38:14","slug":"arratiset-marko-roshic-i-denuar-nga-gjykata-themelore-per-vrasjen-e-politikanit-oliver-ivanovicit","status":"publish","type":"post","link":"https:\/\/www.hashtag.al\/index.php\/2024\/07\/09\/arratiset-marko-roshic-i-denuar-nga-gjykata-themelore-per-vrasjen-e-politikanit-oliver-ivanovicit\/","title":{"rendered":"Arratiset Marko Roshi\u00e7, i d\u00ebnuar nga Gjykata Themelore p\u00ebr vrasjen e politikanit Oliver Ivanovi\u00e7it","gt_translate_keys":[{"key":"rendered","format":"text"}]},"content":{"rendered":"<p><a href=\"https:\/\/www.hashtag.al\/wp-content\/uploads\/2024\/07\/policia-e-Kosoves-768x576-1.jpg\"><img loading=\"lazy\" decoding=\"async\" class=\"aligncenter size-full wp-image-686853\" src=\"https:\/\/www.hashtag.al\/wp-content\/uploads\/2024\/07\/policia-e-Kosoves-768x576-1.jpg\" alt=\"\" width=\"768\" height=\"576\" srcset=\"https:\/\/www.hashtag.al\/wp-content\/uploads\/2024\/07\/policia-e-Kosoves-768x576-1.jpg 768w, https:\/\/www.hashtag.al\/wp-content\/uploads\/2024\/07\/policia-e-Kosoves-768x576-1-300x225.jpg 300w\" sizes=\"auto, (max-width: 768px) 100vw, 768px\" \/><\/a><\/p>\n<p>&nbsp;<\/p>\n<p><span style=\"color: #000000;\">\u00cbsht\u00eb arratisur Marko Roshi\u00e7, nj\u00ebri nga kat\u00ebr t\u00eb d\u00ebnuarit p\u00ebr vrasjen e politikanit serb, Oliver Ivanovi\u00e7.<\/span><\/p>\n<p><span style=\"color: #000000;\">Lajmi \u00ebsht\u00eb konfirmuar p\u00ebr Express nga z\u00ebvend\u00ebsdrejtori i policis\u00eb p\u00ebr rajonin e veriut, Veton Elshani, shkruan Gazeta <span style=\"color: #0000ff;\"><a style=\"color: #0000ff;\" href=\"https:\/\/www.gazetaexpress.com\/arratiset-marko-roshiq-i-denuar-te-premten-nga-gjykata-themelore-per-vrasjen-e-oliver-ivanoviqit\/\">Express.<\/a><\/span><\/span><\/p>\n<p><span style=\"color: #000000;\">T\u00eb premten e 28 qershorit, Departamenti Special i Gjykat\u00ebs Themelore n\u00eb Prishtin\u00eb i ka d\u00ebnuar m\u00eb 20 vjet burgim kat\u00ebr t\u00eb akuzuarit p\u00ebr vrasjen e politikanit serb, Oliver Ivanoviq.<\/span><\/p>\n<p><span style=\"color: #000000;\">N\u00eb mesin e t\u00eb d\u00ebnuarve \u00ebsht\u00eb edhe Marko Roshiq p\u00ebr \u201cpjes\u00ebmarrje ose organizim i grupit kriminal\u201d lidhur me \u201cvrasje t\u00eb r\u00ebnd\u00eb, t\u00eb cilit i \u00ebsht\u00eb shqiptuar d\u00ebnim me 8 vjet burgim dhe 10 mij\u00eb euro gjob\u00eb.<\/span><\/p>\n<p><span style=\"color: #000000;\">Asnj\u00ebri nga t\u00eb akuzuarit nuk ishte prezent n\u00eb sall\u00ebn e gjyqit n\u00eb momentin e shpalljes s\u00eb aktgjykimit.<\/span><\/p>\n","protected":false,"gt_translate_keys":[{"key":"rendered","format":"html"}]},"excerpt":{"rendered":"<p>&nbsp; \u00cbsht\u00eb arratisur Marko Roshi\u00e7, nj\u00ebri nga kat\u00ebr t\u00eb d\u00ebnuarit p\u00ebr vrasjen e politikanit serb, Oliver Ivanovi\u00e7. Lajmi \u00ebsht\u00eb konfirmuar p\u00ebr Express nga z\u00ebvend\u00ebsdrejtori i policis\u00eb p\u00ebr rajonin e veriut, Veton Elshani, shkruan Gazeta Express. T\u00eb premten e 28 qershorit, Departamenti Special i Gjykat\u00ebs Themelore n\u00eb Prishtin\u00eb i ka d\u00ebnuar m\u00eb 20 vjet burgim kat\u00ebr [&hellip;]<\/p>\n","protected":false,"gt_translate_keys":[{"key":"rendered","format":"html"}]},"author":32,"featured_media":686853,"comment_status":"closed","ping_status":"open","sticky":false,"template":"","format":"standard","meta":{"footnotes":""},"categories":[149],"tags":[],"class_list":["post-686850","post","type-post","status-publish","format-standard","has-post-thumbnail","hentry","category-kosoverajon"],"gt_translate_keys":[{"key":"link","format":"url"}],"_links":{"self":[{"href":"https:\/\/www.hashtag.al\/index.php\/wp-json\/wp\/v2\/posts\/686850","targetHints":{"allow":["GET"]}}],"collection":[{"href":"https:\/\/www.hashtag.al\/index.php\/wp-json\/wp\/v2\/posts"}],"about":[{"href":"https:\/\/www.hashtag.al\/index.php\/wp-json\/wp\/v2\/types\/post"}],"author":[{"embeddable":true,"href":"https:\/\/www.hashtag.al\/index.php\/wp-json\/wp\/v2\/users\/32"}],"replies":[{"embeddable":true,"href":"https:\/\/www.hashtag.al\/index.php\/wp-json\/wp\/v2\/comments?post=686850"}],"version-history":[{"count":0,"href":"https:\/\/www.hashtag.al\/index.php\/wp-json\/wp\/v2\/posts\/686850\/revisions"}],"wp:featuredmedia":[{"embeddable":true,"href":"https:\/\/www.hashtag.al\/index.php\/wp-json\/wp\/v2\/media\/686853"}],"wp:attachment":[{"href":"https:\/\/www.hashtag.al\/index.php\/wp-json\/wp\/v2\/media?parent=686850"}],"wp:term":[{"taxonomy":"category","embeddable":true,"href":"https:\/\/www.hashtag.al\/index.php\/wp-json\/wp\/v2\/categories?post=686850"},{"taxonomy":"post_tag","embeddable":true,"href":"https:\/\/www.hashtag.al\/index.php\/wp-json\/wp\/v2\/tags?post=686850"}],"curies":[{"name":"wp","href":"https:\/\/api.w.org\/{rel}","templated":true}]}}