{"id":686848,"date":"2024-07-09T13:34:37","date_gmt":"2024-07-09T11:34:37","guid":{"rendered":"https:\/\/www.hashtag.al\/?p=686848"},"modified":"2024-07-09T13:34:46","modified_gmt":"2024-07-09T11:34:46","slug":"ndryshimet-ne-kodin-zgjedhor-spiropali-kemi-reflektuar-kerkesat-e-kushtetueses-diaspora-duhet-te-votoje","status":"publish","type":"post","link":"https:\/\/www.hashtag.al\/index.php\/2024\/07\/09\/ndryshimet-ne-kodin-zgjedhor-spiropali-kemi-reflektuar-kerkesat-e-kushtetueses-diaspora-duhet-te-votoje\/","title":{"rendered":"Ndryshimet n\u00eb Kodin Zgjedhor\/ Spiropali: Kemi reflektuar k\u00ebrkesat e Kushtetueses, diaspora duhet t\u00eb votoj\u00eb\u00a0","gt_translate_keys":[{"key":"rendered","format":"text"}]},"content":{"rendered":"<p><img loading=\"lazy\" decoding=\"async\" class=\"size-full wp-image-686851 aligncenter\" src=\"https:\/\/www.hashtag.al\/wp-content\/uploads\/2024\/07\/1720523144_elisaspiropali.jpg\" alt=\"\" width=\"625\" height=\"323\" srcset=\"https:\/\/www.hashtag.al\/wp-content\/uploads\/2024\/07\/1720523144_elisaspiropali.jpg 625w, https:\/\/www.hashtag.al\/wp-content\/uploads\/2024\/07\/1720523144_elisaspiropali-300x155.jpg 300w\" sizes=\"auto, (max-width: 625px) 100vw, 625px\" \/><\/p>\n<p><span style=\"font-weight: 400; color: #000000;\">N\u00eb p\u00ebrfundim t\u00eb mbledhjes se Konferenc\u00ebs se Kryetar\u00ebve,, ministrja e Shtetit p\u00ebr Marr\u00ebdh\u00ebniet me Parlamentin pati nj\u00eb deklarat\u00eb p\u00ebr mediat.<\/span><\/p>\n<p><span style=\"font-weight: 400; color: #000000;\">Ajo foli mes t\u00eb tjerash edhe n\u00eb lidhje me propozimin e PS lidhur me ndryshimet n\u00eb Kodin Zgjedhor.<\/span><\/p>\n<p><span style=\"color: #000000;\"><i><span style=\"font-weight: 400;\">\u201cKemi reflektuar k\u00ebrkesat e Kushtetueses. Besojm\u00eb se diaspora duhet t\u00eb votoj\u00eb, ndaj kemi reflektuar vendimin e GJK q\u00eb e konsideron mohimin e vot\u00ebs si jo kushtetues. Propozimi yn\u00eb i ngjash\u00ebm me sisteme edhe jasht\u00eb. Jan\u00eb leht\u00ebsisht t\u00eb zbatushme\u201d,<\/span><\/i><span style=\"font-weight: 400;\"> u shpreh ajo.<\/span><\/span><\/p>\n","protected":false,"gt_translate_keys":[{"key":"rendered","format":"html"}]},"excerpt":{"rendered":"<p>N\u00eb p\u00ebrfundim t\u00eb mbledhjes se Konferenc\u00ebs se Kryetar\u00ebve,, ministrja e Shtetit p\u00ebr Marr\u00ebdh\u00ebniet me Parlamentin pati nj\u00eb deklarat\u00eb p\u00ebr mediat. Ajo foli mes t\u00eb tjerash edhe n\u00eb lidhje me propozimin e PS lidhur me ndryshimet n\u00eb Kodin Zgjedhor. \u201cKemi reflektuar k\u00ebrkesat e Kushtetueses. Besojm\u00eb se diaspora duhet t\u00eb votoj\u00eb, ndaj kemi reflektuar vendimin e GJK [&hellip;]<\/p>\n","protected":false,"gt_translate_keys":[{"key":"rendered","format":"html"}]},"author":4,"featured_media":686851,"comment_status":"closed","ping_status":"open","sticky":false,"template":"","format":"standard","meta":{"footnotes":""},"categories":[65],"tags":[],"class_list":["post-686848","post","type-post","status-publish","format-standard","has-post-thumbnail","hentry","category-lajme"],"gt_translate_keys":[{"key":"link","format":"url"}],"_links":{"self":[{"href":"https:\/\/www.hashtag.al\/index.php\/wp-json\/wp\/v2\/posts\/686848","targetHints":{"allow":["GET"]}}],"collection":[{"href":"https:\/\/www.hashtag.al\/index.php\/wp-json\/wp\/v2\/posts"}],"about":[{"href":"https:\/\/www.hashtag.al\/index.php\/wp-json\/wp\/v2\/types\/post"}],"author":[{"embeddable":true,"href":"https:\/\/www.hashtag.al\/index.php\/wp-json\/wp\/v2\/users\/4"}],"replies":[{"embeddable":true,"href":"https:\/\/www.hashtag.al\/index.php\/wp-json\/wp\/v2\/comments?post=686848"}],"version-history":[{"count":0,"href":"https:\/\/www.hashtag.al\/index.php\/wp-json\/wp\/v2\/posts\/686848\/revisions"}],"wp:featuredmedia":[{"embeddable":true,"href":"https:\/\/www.hashtag.al\/index.php\/wp-json\/wp\/v2\/media\/686851"}],"wp:attachment":[{"href":"https:\/\/www.hashtag.al\/index.php\/wp-json\/wp\/v2\/media?parent=686848"}],"wp:term":[{"taxonomy":"category","embeddable":true,"href":"https:\/\/www.hashtag.al\/index.php\/wp-json\/wp\/v2\/categories?post=686848"},{"taxonomy":"post_tag","embeddable":true,"href":"https:\/\/www.hashtag.al\/index.php\/wp-json\/wp\/v2\/tags?post=686848"}],"curies":[{"name":"wp","href":"https:\/\/api.w.org\/{rel}","templated":true}]}}