{"id":686839,"date":"2024-07-09T13:11:06","date_gmt":"2024-07-09T11:11:06","guid":{"rendered":"https:\/\/www.hashtag.al\/?p=686839"},"modified":"2024-07-09T13:21:01","modified_gmt":"2024-07-09T11:21:01","slug":"ps-ja-dhe-pd-ja-mbeshtesin-propozimin-e-pdiu-se-per-rezolute-ndaj-greqise-per-heqjen-e-ligjit-te-luftes-te-enjten-kalon-ne-kuvend","status":"publish","type":"post","link":"https:\/\/www.hashtag.al\/index.php\/2024\/07\/09\/ps-ja-dhe-pd-ja-mbeshtesin-propozimin-e-pdiu-se-per-rezolute-ndaj-greqise-per-heqjen-e-ligjit-te-luftes-te-enjten-kalon-ne-kuvend\/","title":{"rendered":"PS-ja dhe PD-ja mb\u00ebshtesin propozimin e PDIU-s\u00eb p\u00ebr rezolut\u00eb ndaj Greqis\u00eb p\u00ebr heqjen e ligjit t\u00eb luft\u00ebs","gt_translate_keys":[{"key":"rendered","format":"text"}]},"content":{"rendered":"<p><img loading=\"lazy\" decoding=\"async\" class=\"size-full wp-image-686844 aligncenter\" src=\"https:\/\/www.hashtag.al\/wp-content\/uploads\/2024\/07\/1720081894_Screenshot1.jpg\" alt=\"\" width=\"780\" height=\"440\" srcset=\"https:\/\/www.hashtag.al\/wp-content\/uploads\/2024\/07\/1720081894_Screenshot1.jpg 780w, https:\/\/www.hashtag.al\/wp-content\/uploads\/2024\/07\/1720081894_Screenshot1-300x169.jpg 300w, https:\/\/www.hashtag.al\/wp-content\/uploads\/2024\/07\/1720081894_Screenshot1-768x433.jpg 768w\" sizes=\"auto, (max-width: 780px) 100vw, 780px\" \/><\/p>\n<p><span style=\"font-weight: 400; color: #000000;\">Partia Socialiste dhe Partia Demokratike kan\u00eb arritur dakord\u00ebsi p\u00ebr rezolut\u00ebn ndaj Greqis\u00eb n\u00eb konferenc\u00ebn e Kryetar\u00ebve.\u00a0<\/span><\/p>\n<p><span style=\"font-weight: 400; color: #000000;\">PS dhe PD mb\u00ebshtesin deklarat\u00ebn e grupit parlamentar t\u00eb PDIU-s\u00eb,\u00a0 p\u00ebr rezolut\u00ebn p\u00ebr ti k\u00ebrkuar Greqis\u00eb heqjen e ligjit t\u00eb luft\u00ebs.<\/span><\/p>\n<p><span style=\"font-weight: 400; color: #000000;\">Rezoluta do t\u00eb kaloj\u00eb t\u00eb enjten n\u00eb seanc\u00eb parlamentare, por m\u00eb par\u00eb parashikohet t\u00eb jet\u00eb dhe nj\u00eb debat ku pal\u00ebt do t\u00eb japin q\u00ebndrimin e tyre.<\/span><\/p>\n<p><span style=\"font-weight: 400; color: #000000;\">M\u00ebsohet se do t\u00eb parashikohet edhe nj\u00eb hap\u00ebsir\u00eb kohore p\u00ebr diskutim dhe debat, ku pal\u00ebt do t\u00eb shprehin q\u00ebndrimet e tyre para se rezoluta t\u00eb miratohet.<\/span><\/p>\n<p><span style=\"font-weight: 400; color: #000000;\">M\u00eb par\u00eb, kreu i PDIU, Shp\u00ebtim Idrizi kishte deklaruar se ligji i luft\u00ebs sjell implikim me t\u00eb drejtat e shqiptar\u00ebve.<\/span><\/p>\n","protected":false,"gt_translate_keys":[{"key":"rendered","format":"html"}]},"excerpt":{"rendered":"<p>Partia Socialiste dhe Partia Demokratike kan\u00eb arritur dakord\u00ebsi p\u00ebr rezolut\u00ebn ndaj Greqis\u00eb n\u00eb konferenc\u00ebn e Kryetar\u00ebve.\u00a0 PS dhe PD mb\u00ebshtesin deklarat\u00ebn e grupit parlamentar t\u00eb PDIU-s\u00eb,\u00a0 p\u00ebr rezolut\u00ebn p\u00ebr ti k\u00ebrkuar Greqis\u00eb heqjen e ligjit t\u00eb luft\u00ebs. Rezoluta do t\u00eb kaloj\u00eb t\u00eb enjten n\u00eb seanc\u00eb parlamentare, por m\u00eb par\u00eb parashikohet t\u00eb jet\u00eb dhe nj\u00eb debat [&hellip;]<\/p>\n","protected":false,"gt_translate_keys":[{"key":"rendered","format":"html"}]},"author":4,"featured_media":686844,"comment_status":"closed","ping_status":"open","sticky":false,"template":"","format":"standard","meta":{"footnotes":""},"categories":[65],"tags":[],"class_list":["post-686839","post","type-post","status-publish","format-standard","has-post-thumbnail","hentry","category-lajme"],"gt_translate_keys":[{"key":"link","format":"url"}],"_links":{"self":[{"href":"https:\/\/www.hashtag.al\/index.php\/wp-json\/wp\/v2\/posts\/686839","targetHints":{"allow":["GET"]}}],"collection":[{"href":"https:\/\/www.hashtag.al\/index.php\/wp-json\/wp\/v2\/posts"}],"about":[{"href":"https:\/\/www.hashtag.al\/index.php\/wp-json\/wp\/v2\/types\/post"}],"author":[{"embeddable":true,"href":"https:\/\/www.hashtag.al\/index.php\/wp-json\/wp\/v2\/users\/4"}],"replies":[{"embeddable":true,"href":"https:\/\/www.hashtag.al\/index.php\/wp-json\/wp\/v2\/comments?post=686839"}],"version-history":[{"count":0,"href":"https:\/\/www.hashtag.al\/index.php\/wp-json\/wp\/v2\/posts\/686839\/revisions"}],"wp:featuredmedia":[{"embeddable":true,"href":"https:\/\/www.hashtag.al\/index.php\/wp-json\/wp\/v2\/media\/686844"}],"wp:attachment":[{"href":"https:\/\/www.hashtag.al\/index.php\/wp-json\/wp\/v2\/media?parent=686839"}],"wp:term":[{"taxonomy":"category","embeddable":true,"href":"https:\/\/www.hashtag.al\/index.php\/wp-json\/wp\/v2\/categories?post=686839"},{"taxonomy":"post_tag","embeddable":true,"href":"https:\/\/www.hashtag.al\/index.php\/wp-json\/wp\/v2\/tags?post=686839"}],"curies":[{"name":"wp","href":"https:\/\/api.w.org\/{rel}","templated":true}]}}