{"id":686648,"date":"2024-07-08T15:35:40","date_gmt":"2024-07-08T13:35:40","guid":{"rendered":"https:\/\/www.hashtag.al\/?p=686648"},"modified":"2024-07-08T15:35:40","modified_gmt":"2024-07-08T13:35:40","slug":"dako-kerkoi-gjykim-te-shkurtuar-shtyhet-vendimi-i-gjkko-se-ne-date-19-korrik","status":"publish","type":"post","link":"https:\/\/www.hashtag.al\/index.php\/2024\/07\/08\/dako-kerkoi-gjykim-te-shkurtuar-shtyhet-vendimi-i-gjkko-se-ne-date-19-korrik\/","title":{"rendered":"Dako k\u00ebrkoi gjykim t\u00eb shkurtuar, shtyhet vendimi i GJKKO-s\u00eb n\u00eb dat\u00eb 19 korrik","gt_translate_keys":[{"key":"rendered","format":"text"}]},"content":{"rendered":"<p><img loading=\"lazy\" decoding=\"async\" class=\"alignnone size-full wp-image-668363\" src=\"https:\/\/www.hashtag.al\/wp-content\/uploads\/2024\/04\/vangjush-dako-1.jpg\" alt=\"\" width=\"819\" height=\"498\" srcset=\"https:\/\/www.hashtag.al\/wp-content\/uploads\/2024\/04\/vangjush-dako-1.jpg 819w, https:\/\/www.hashtag.al\/wp-content\/uploads\/2024\/04\/vangjush-dako-1-300x182.jpg 300w, https:\/\/www.hashtag.al\/wp-content\/uploads\/2024\/04\/vangjush-dako-1-768x467.jpg 768w\" sizes=\"auto, (max-width: 819px) 100vw, 819px\" \/><\/p>\n<p style=\"text-align: left;\"><span style=\"color: #000000;\">Gjykata e Posa\u00e7me ka shtyr\u00eb seanc\u00ebn p\u00ebr ish kryebashkiakun Vangjush Dako dhe t\u00eb tjer\u00ebt n\u00eb dat\u00ebn 19 korrik, ora 12:30. <\/span><\/p>\n<p style=\"text-align: left;\"><span style=\"color: #000000;\">Shtyrja u b\u00eb p\u00ebr shkak t\u00eb munges\u00ebs s\u00eb avokatit t\u00eb Hanza Rek\u00ebs, i cili ka paraqitur k\u00ebrkes\u00eb p\u00ebr shtyrjen e procesit p\u00ebrmes klientes s\u00eb tij n\u00eb sekretarin\u00eb e gjykat\u00ebs. <\/span><\/p>\n<p style=\"text-align: left;\"><span style=\"color: #000000;\">Arsyetimi p\u00ebr k\u00ebt\u00eb k\u00ebrkes\u00eb ishte fakti q\u00eb avokati ndodhet jasht\u00eb territorit t\u00eb vendit. <\/span><\/p>\n<p style=\"text-align: left;\"><span style=\"color: #000000;\">Gjyqtarja Elsa Ulliri pranoi k\u00ebrkes\u00ebn dhe riformuloi procesin n\u00eb dat\u00eb t\u00eb re p\u00ebr t\u00eb siguruar pranin\u00eb e avokatit t\u00eb Hanza Rek\u00ebs gjat\u00eb seanc\u00ebs gjyq\u00ebsore.<\/span><\/p>\n","protected":false,"gt_translate_keys":[{"key":"rendered","format":"html"}]},"excerpt":{"rendered":"<p>Gjykata e Posa\u00e7me ka shtyr\u00eb seanc\u00ebn p\u00ebr ish kryebashkiakun Vangjush Dako dhe t\u00eb tjer\u00ebt n\u00eb dat\u00ebn 19 korrik, ora 12:30. Shtyrja u b\u00eb p\u00ebr shkak t\u00eb munges\u00ebs s\u00eb avokatit t\u00eb Hanza Rek\u00ebs, i cili ka paraqitur k\u00ebrkes\u00eb p\u00ebr shtyrjen e procesit p\u00ebrmes klientes s\u00eb tij n\u00eb sekretarin\u00eb e gjykat\u00ebs. Arsyetimi p\u00ebr k\u00ebt\u00eb k\u00ebrkes\u00eb ishte fakti [&hellip;]<\/p>\n","protected":false,"gt_translate_keys":[{"key":"rendered","format":"html"}]},"author":4,"featured_media":668363,"comment_status":"closed","ping_status":"open","sticky":false,"template":"","format":"standard","meta":{"footnotes":""},"categories":[65],"tags":[],"class_list":["post-686648","post","type-post","status-publish","format-standard","has-post-thumbnail","hentry","category-lajme"],"gt_translate_keys":[{"key":"link","format":"url"}],"_links":{"self":[{"href":"https:\/\/www.hashtag.al\/index.php\/wp-json\/wp\/v2\/posts\/686648","targetHints":{"allow":["GET"]}}],"collection":[{"href":"https:\/\/www.hashtag.al\/index.php\/wp-json\/wp\/v2\/posts"}],"about":[{"href":"https:\/\/www.hashtag.al\/index.php\/wp-json\/wp\/v2\/types\/post"}],"author":[{"embeddable":true,"href":"https:\/\/www.hashtag.al\/index.php\/wp-json\/wp\/v2\/users\/4"}],"replies":[{"embeddable":true,"href":"https:\/\/www.hashtag.al\/index.php\/wp-json\/wp\/v2\/comments?post=686648"}],"version-history":[{"count":0,"href":"https:\/\/www.hashtag.al\/index.php\/wp-json\/wp\/v2\/posts\/686648\/revisions"}],"wp:featuredmedia":[{"embeddable":true,"href":"https:\/\/www.hashtag.al\/index.php\/wp-json\/wp\/v2\/media\/668363"}],"wp:attachment":[{"href":"https:\/\/www.hashtag.al\/index.php\/wp-json\/wp\/v2\/media?parent=686648"}],"wp:term":[{"taxonomy":"category","embeddable":true,"href":"https:\/\/www.hashtag.al\/index.php\/wp-json\/wp\/v2\/categories?post=686648"},{"taxonomy":"post_tag","embeddable":true,"href":"https:\/\/www.hashtag.al\/index.php\/wp-json\/wp\/v2\/tags?post=686648"}],"curies":[{"name":"wp","href":"https:\/\/api.w.org\/{rel}","templated":true}]}}