{"id":686619,"date":"2024-07-08T14:48:52","date_gmt":"2024-07-08T12:48:52","guid":{"rendered":"https:\/\/www.hashtag.al\/?p=686619"},"modified":"2024-07-08T14:57:50","modified_gmt":"2024-07-08T12:57:50","slug":"percarje-ne-grupimin-basha-paralajmerohet-krijimi-i-nje-partie-te-re","status":"publish","type":"post","link":"https:\/\/www.hashtag.al\/index.php\/2024\/07\/08\/percarje-ne-grupimin-basha-paralajmerohet-krijimi-i-nje-partie-te-re\/","title":{"rendered":"P\u00ebr\u00e7arje n\u00eb grupimin Basha, paralajm\u00ebrohet krijimi i nj\u00eb partie t\u00eb re","gt_translate_keys":[{"key":"rendered","format":"text"}]},"content":{"rendered":"<p><span style=\"color: #000000;\"><img loading=\"lazy\" decoding=\"async\" class=\"aligncenter size-full wp-image-686637\" src=\"https:\/\/www.hashtag.al\/wp-content\/uploads\/2024\/07\/bashaalibeaj.png\" alt=\"\" width=\"787\" height=\"508\" srcset=\"https:\/\/www.hashtag.al\/wp-content\/uploads\/2024\/07\/bashaalibeaj.png 787w, https:\/\/www.hashtag.al\/wp-content\/uploads\/2024\/07\/bashaalibeaj-300x194.png 300w, https:\/\/www.hashtag.al\/wp-content\/uploads\/2024\/07\/bashaalibeaj-768x496.png 768w\" sizes=\"auto, (max-width: 787px) 100vw, 787px\" \/><\/span><\/p>\n<p><span style=\"color: #000000;\">Nj\u00eb pjes\u00eb e grupimit t\u00eb Lulzim Bash\u00ebs po mendojn\u00eb t\u00eb themelojn\u00eb nj\u00eb parti t\u00eb re duke dh\u00ebn\u00eb shenjat e nj\u00eb p\u00ebr\u00e7arjeje me ish-kreun e PD-s\u00eb. <\/span><\/p>\n<p><span style=\"color: #000000;\">Nd\u00ebrkoh\u00eb q\u00eb Basha zyrtarisht ka theksuar se do b\u00ebj\u00eb rekurs n\u00eb Gjykat\u00ebn e Lart\u00eb p\u00ebr \u00e7\u00ebshtjen e vul\u00ebs pas vendimit t\u00eb Apelit p\u00ebr t\u2019ia dh\u00ebn\u00eb at\u00eb Rithemelimit t\u00eb Berish\u00ebs.<\/span><\/p>\n<p><span style=\"color: #000000;\"> An\u00ebtar\u00eb t\u00eb Kryesis\u00eb, deputet\u00eb dhe an\u00ebtar\u00eb t\u00eb K\u00ebshillit Komb\u00ebtar mes t\u00eb cil\u00ebve Enkelejd Alibeaj, Edvin Kulluri, Roland Bejko, Rezart Kthupi, Agron Kapllanaj e Gjergj Hani, po mendojn\u00eb t\u00eb themelojn\u00eb parti t\u00eb re sipas gazetarit Osman Stafa n\u00eb nj\u00eb reportim tijin p\u00ebr News24.<\/span><\/p>\n<p><span style=\"color: #000000;\">Pak\u00ebnaq\u00ebsi ndaj Bash\u00ebs ka edhe p\u00ebr faktin se ai nuk \u00ebsht\u00eb dor\u00ebhequr ende nga grupi parlamentar i PD-s\u00eb si\u00e7 ndodhi me Enkelejd Alibeajn pak dit\u00eb m\u00eb par\u00eb.<\/span><\/p>\n<p><span style=\"color: #000000;\">Grupimit mund t\u2019i bashhohet edheish-kandidati p\u00ebr kreun e PD-s\u00eb Fatbardh Kadilli nd\u00ebrsa forca e re politike pritet t\u00eb em\u00ebrtohet IDE (Inciativa e Demokrat\u00ebve Eutoatlantik\u00eb). Partia s\u2019do ket\u00eb kryetar, por do drejtohet nga nj\u00eb organ kolegjial n\u00eb zgjedhjet e vitit 2025.<\/span><\/p>\n<p><span style=\"color: #000000;\">Basha mblodhi dit\u00ebt e fundit grupimin ku u vendos\u00ebn 10 pika p\u00ebr vijimin e aksionit politik mes t\u00eb cilave apelimi i vendimit t\u00eb Gjykat\u00ebs s\u00eb Apelit, p\u00ebrgatitja p\u00ebr zgjedhjet e p\u00ebrgjithshme t\u00eb vitit 2025, negociatata me aleat\u00ebt e mundsh\u00ebm, kontakti me qyterar\u00ebt p\u00ebr paraqitjen\u00a0 e alternativ\u00ebs politike t\u00eb grupimit.<\/span><\/p>\n<p><span style=\"color: #000000;\">\u00c7\u00ebshtja e vul\u00ebs s\u00eb PD-s\u00eb ka qen\u00eb moll\u00eb sherri mes grupit t\u00eb Bash\u00ebs dhe atij t\u00eb Berish\u00ebs me secilin e e pretendoi si tij\u00ebn. Pas disa procesesh gjyq\u00ebsore q\u00eb zgjat\u00ebn m\u00eb shum\u00eb se nj\u00eb vit,\u00a0 n\u00eb fund Apeli vendosi t\u2019ia kaloj\u00eb grupit t\u00eb Berish\u00ebs vul\u00ebn dhe simbolet e PD-s\u00eb.<\/span><\/p>\n","protected":false,"gt_translate_keys":[{"key":"rendered","format":"html"}]},"excerpt":{"rendered":"<p>Nj\u00eb pjes\u00eb e grupimit t\u00eb Lulzim Bash\u00ebs po mendojn\u00eb t\u00eb themelojn\u00eb nj\u00eb parti t\u00eb re duke dh\u00ebn\u00eb shenjat e nj\u00eb p\u00ebr\u00e7arjeje me ish-kreun e PD-s\u00eb. Nd\u00ebrkoh\u00eb q\u00eb Basha zyrtarisht ka theksuar se do b\u00ebj\u00eb rekurs n\u00eb Gjykat\u00ebn e Lart\u00eb p\u00ebr \u00e7\u00ebshtjen e vul\u00ebs pas vendimit t\u00eb Apelit p\u00ebr t\u2019ia dh\u00ebn\u00eb at\u00eb Rithemelimit t\u00eb Berish\u00ebs. An\u00ebtar\u00eb [&hellip;]<\/p>\n","protected":false,"gt_translate_keys":[{"key":"rendered","format":"html"}]},"author":4,"featured_media":686637,"comment_status":"closed","ping_status":"open","sticky":false,"template":"","format":"standard","meta":{"footnotes":""},"categories":[65],"tags":[],"class_list":["post-686619","post","type-post","status-publish","format-standard","has-post-thumbnail","hentry","category-lajme"],"gt_translate_keys":[{"key":"link","format":"url"}],"_links":{"self":[{"href":"https:\/\/www.hashtag.al\/index.php\/wp-json\/wp\/v2\/posts\/686619","targetHints":{"allow":["GET"]}}],"collection":[{"href":"https:\/\/www.hashtag.al\/index.php\/wp-json\/wp\/v2\/posts"}],"about":[{"href":"https:\/\/www.hashtag.al\/index.php\/wp-json\/wp\/v2\/types\/post"}],"author":[{"embeddable":true,"href":"https:\/\/www.hashtag.al\/index.php\/wp-json\/wp\/v2\/users\/4"}],"replies":[{"embeddable":true,"href":"https:\/\/www.hashtag.al\/index.php\/wp-json\/wp\/v2\/comments?post=686619"}],"version-history":[{"count":0,"href":"https:\/\/www.hashtag.al\/index.php\/wp-json\/wp\/v2\/posts\/686619\/revisions"}],"wp:featuredmedia":[{"embeddable":true,"href":"https:\/\/www.hashtag.al\/index.php\/wp-json\/wp\/v2\/media\/686637"}],"wp:attachment":[{"href":"https:\/\/www.hashtag.al\/index.php\/wp-json\/wp\/v2\/media?parent=686619"}],"wp:term":[{"taxonomy":"category","embeddable":true,"href":"https:\/\/www.hashtag.al\/index.php\/wp-json\/wp\/v2\/categories?post=686619"},{"taxonomy":"post_tag","embeddable":true,"href":"https:\/\/www.hashtag.al\/index.php\/wp-json\/wp\/v2\/tags?post=686619"}],"curies":[{"name":"wp","href":"https:\/\/api.w.org\/{rel}","templated":true}]}}