{"id":686504,"date":"2024-07-08T09:19:30","date_gmt":"2024-07-08T07:19:30","guid":{"rendered":"https:\/\/www.hashtag.al\/?p=686504"},"modified":"2024-07-08T09:33:40","modified_gmt":"2024-07-08T07:33:40","slug":"ps-ja-zyrtarizon-kandidaturen-vangjel-tavo-ne-gare-per-himaren","status":"publish","type":"post","link":"https:\/\/www.hashtag.al\/index.php\/2024\/07\/08\/ps-ja-zyrtarizon-kandidaturen-vangjel-tavo-ne-gare-per-himaren\/","title":{"rendered":"PS-ja zyrtarizon kandidatur\u00ebn, Vangjel Tavo n\u00eb gar\u00eb p\u00ebr Himar\u00ebn","gt_translate_keys":[{"key":"rendered","format":"text"}]},"content":{"rendered":"<p><img loading=\"lazy\" decoding=\"async\" class=\"size-full wp-image-686505 aligncenter\" src=\"https:\/\/www.hashtag.al\/wp-content\/uploads\/2024\/07\/vangjeltavo.png\" alt=\"\" width=\"768\" height=\"576\" srcset=\"https:\/\/www.hashtag.al\/wp-content\/uploads\/2024\/07\/vangjeltavo.png 768w, https:\/\/www.hashtag.al\/wp-content\/uploads\/2024\/07\/vangjeltavo-300x225.png 300w\" sizes=\"auto, (max-width: 768px) 100vw, 768px\" \/><\/p>\n<p>&nbsp;<\/p>\n<p><span style=\"font-weight: 400; color: #000000;\">Himara do t\u00eb p\u00ebrs\u00ebris\u00eb zgjedhjet m\u00eb 4 gusht, pasi KQZ mori vendimin p\u00ebr heqjen e mandatit Fredi Belerit.<\/span><\/p>\n<p><span style=\"font-weight: 400; color: #000000;\">N\u00eb mbledhjen e sotme t\u00eb Kryesis\u00eb s\u00eb PS, kandidat nga mazhoranca u votua Vangjel Tavo.<\/span><\/p>\n<p><span style=\"font-weight: 400; color: #000000;\">Nd\u00ebrkoh\u00eb pas arrestimit t\u00eb Fredi Belerit, n\u00eb krye t\u00eb Bashkis\u00eb Himar\u00eb p\u00ebr 10 muaj q\u00ebndroi\u00a0 Jorgo Gogo, por edhe ky i fundit u arrestua me urdh\u00ebr t\u00eb SPAK p\u00ebr tjet\u00ebrsim pronash.<\/span><\/p>\n<p><span style=\"font-weight: 400; color: #000000;\">Pas Jorgo Goros, Bashkia Himar\u00eb u komandu nga dy kryetar\u00eb t\u00eb tjer\u00eb t\u00eb komanduar si Arqile Bollano dhe Blerina Bala.<\/span><\/p>\n","protected":false,"gt_translate_keys":[{"key":"rendered","format":"html"}]},"excerpt":{"rendered":"<p>&nbsp; Himara do t\u00eb p\u00ebrs\u00ebris\u00eb zgjedhjet m\u00eb 4 gusht, pasi KQZ mori vendimin p\u00ebr heqjen e mandatit Fredi Belerit. N\u00eb mbledhjen e sotme t\u00eb Kryesis\u00eb s\u00eb PS, kandidat nga mazhoranca u votua Vangjel Tavo. Nd\u00ebrkoh\u00eb pas arrestimit t\u00eb Fredi Belerit, n\u00eb krye t\u00eb Bashkis\u00eb Himar\u00eb p\u00ebr 10 muaj q\u00ebndroi\u00a0 Jorgo Gogo, por edhe ky i [&hellip;]<\/p>\n","protected":false,"gt_translate_keys":[{"key":"rendered","format":"html"}]},"author":4,"featured_media":686505,"comment_status":"closed","ping_status":"open","sticky":false,"template":"","format":"standard","meta":{"footnotes":""},"categories":[65],"tags":[],"class_list":["post-686504","post","type-post","status-publish","format-standard","has-post-thumbnail","hentry","category-lajme"],"gt_translate_keys":[{"key":"link","format":"url"}],"_links":{"self":[{"href":"https:\/\/www.hashtag.al\/index.php\/wp-json\/wp\/v2\/posts\/686504","targetHints":{"allow":["GET"]}}],"collection":[{"href":"https:\/\/www.hashtag.al\/index.php\/wp-json\/wp\/v2\/posts"}],"about":[{"href":"https:\/\/www.hashtag.al\/index.php\/wp-json\/wp\/v2\/types\/post"}],"author":[{"embeddable":true,"href":"https:\/\/www.hashtag.al\/index.php\/wp-json\/wp\/v2\/users\/4"}],"replies":[{"embeddable":true,"href":"https:\/\/www.hashtag.al\/index.php\/wp-json\/wp\/v2\/comments?post=686504"}],"version-history":[{"count":0,"href":"https:\/\/www.hashtag.al\/index.php\/wp-json\/wp\/v2\/posts\/686504\/revisions"}],"wp:featuredmedia":[{"embeddable":true,"href":"https:\/\/www.hashtag.al\/index.php\/wp-json\/wp\/v2\/media\/686505"}],"wp:attachment":[{"href":"https:\/\/www.hashtag.al\/index.php\/wp-json\/wp\/v2\/media?parent=686504"}],"wp:term":[{"taxonomy":"category","embeddable":true,"href":"https:\/\/www.hashtag.al\/index.php\/wp-json\/wp\/v2\/categories?post=686504"},{"taxonomy":"post_tag","embeddable":true,"href":"https:\/\/www.hashtag.al\/index.php\/wp-json\/wp\/v2\/tags?post=686504"}],"curies":[{"name":"wp","href":"https:\/\/api.w.org\/{rel}","templated":true}]}}