{"id":686107,"date":"2024-07-05T19:42:35","date_gmt":"2024-07-05T17:42:35","guid":{"rendered":"https:\/\/www.hashtag.al\/?p=686107"},"modified":"2024-07-05T19:53:40","modified_gmt":"2024-07-05T17:53:40","slug":"partia-spanjolle-i-bashkohet-grupimit-te-orban-ne-parlamentin-evropian-refuzon-melonin","status":"publish","type":"post","link":"https:\/\/www.hashtag.al\/index.php\/2024\/07\/05\/partia-spanjolle-i-bashkohet-grupimit-te-orban-ne-parlamentin-evropian-refuzon-melonin\/","title":{"rendered":"Partia spanjolle i bashkohet grupimit t\u00eb Orban n\u00eb Parlamentin Evropian, refuzon Melonin","gt_translate_keys":[{"key":"rendered","format":"text"}]},"content":{"rendered":"<p><span style=\"color: #000000;\"><a style=\"color: #000000;\" href=\"https:\/\/www.hashtag.al\/wp-content\/uploads\/2024\/07\/voxww.png\"><img loading=\"lazy\" decoding=\"async\" class=\"aligncenter size-full wp-image-686112\" src=\"https:\/\/www.hashtag.al\/wp-content\/uploads\/2024\/07\/voxww.png\" alt=\"\" width=\"1332\" height=\"682\" srcset=\"https:\/\/www.hashtag.al\/wp-content\/uploads\/2024\/07\/voxww.png 1332w, https:\/\/www.hashtag.al\/wp-content\/uploads\/2024\/07\/voxww-300x154.png 300w, https:\/\/www.hashtag.al\/wp-content\/uploads\/2024\/07\/voxww-1024x524.png 1024w, https:\/\/www.hashtag.al\/wp-content\/uploads\/2024\/07\/voxww-768x393.png 768w, https:\/\/www.hashtag.al\/wp-content\/uploads\/2024\/07\/voxww-568x290.png 568w\" sizes=\"auto, (max-width: 1332px) 100vw, 1332px\" \/><\/a><\/span><\/p>\n<p><span style=\"color: #000000;\">Partia spanjolle e ekstremit t\u00eb djatht\u00eb, Vox, ka njoftuar largimin e saj nga grupi i Konservator\u00ebve dhe Reformist\u00ebve Evropian\u00eb (ECR) n\u00eb Parlamentin Evropian p\u00ebr t&#8217;iu bashkuar aleanc\u00ebs s\u00eb re t\u00eb udh\u00ebhequr nga kryeministri hungarez, Viktor Orban. Kjo l\u00ebvizje \u00ebsht\u00eb nj\u00eb goditje p\u00ebr shpresat e kryeministres italiane, Giorgia Meloni, p\u00ebr t\u00eb b\u00ebr\u00eb ECR-n\u00eb grupin e tret\u00eb m\u00eb t\u00eb madh parlamentar dhe p\u00ebr t\u00eb udh\u00ebhequr opozit\u00ebn, q\u00eb p\u00ebrb\u00ebhet nga konservator\u00ebt e moderuar, socialdemokrat\u00ebt dhe liberal\u00ebt.<\/span><\/p>\n<p><span style=\"color: #000000;\">\u201cForcat patriotike q\u00eb kan\u00eb rritur pranin\u00eb e tyre n\u00eb PE kan\u00eb nj\u00eb mund\u00ebsi historike p\u00ebr ta shnd\u00ebrruar mandatin e votuesve n\u00eb nj\u00eb grup t\u00eb madh q\u00eb mund t\u00eb b\u00ebhet nj\u00eb alternativ\u00eb ndaj koalicionit midis qendr\u00ebs s\u00eb djatht\u00eb, socialist\u00ebve dhe t\u00eb majt\u00ebs ekstreme,\u201d tha Vox n\u00eb nj\u00eb deklarat\u00eb.<\/span><\/p>\n<p><span style=\"color: #000000;\">Partia theksoi se grupi i propozuar nga Orbani, i quajtur \u201cPatriot\u00ebt p\u00ebr Evrop\u00ebn,\u201d i p\u00ebrgjigjet mesazhit t\u00eb atyre q\u00eb k\u00ebrkojn\u00eb \u201cnj\u00eb ndryshim rr\u00ebnj\u00ebsor dhe urgjent t\u00eb kursit\u201d p\u00ebr BE. Lideri i Vox, Santiago Abascal, n\u00eb nj\u00eb intervist\u00eb p\u00ebr gazet\u00ebn La Gaceta, deklaroi se partia V\u00ebllez\u00ebrit e Italis\u00eb e Melonit \u201cgjithmon\u00eb do t\u00eb jet\u00eb partnere, mike dhe aleate e Vox,\u201d dhe fal\u00ebnderoi partin\u00eb p\u00ebr Ligj dhe Drejt\u00ebsi t\u00eb Polonis\u00eb p\u00ebr rolin e saj si \u201cpararoj\u00eb t\u00eb luft\u00ebs s\u00eb patriot\u00ebve n\u00eb Evrop\u00eb.\u201d<\/span><\/p>\n<p><span style=\"color: #000000;\">Partia Fidesz e Orbanit ka bashkuar forcat me Partin\u00eb e Liris\u00eb nga Austria, partin\u00eb populiste \u00e7eke ANO dhe Chega nga Portugalia n\u00eb k\u00ebt\u00eb platform\u00eb t\u00eb re. Sipas rregullave t\u00eb Parlamentit Evropian, nj\u00eb grup parlamentar duhet t\u00eb p\u00ebrfshij\u00eb parti nga t\u00eb pakt\u00ebn shtat\u00eb shtete an\u00ebtare, prandaj \u201cPatriot\u00ebt p\u00ebr Evrop\u00ebn\u201d duhet t\u00eb bindin partner\u00eb nga dy shtete t\u00eb tjera p\u00ebr t&#8217;u bashkuar me ta p\u00ebr t\u00eb formuar zyrtarisht grupin parlamentar.<\/span><\/p>\n<p><span style=\"color: #000000;\">Ende nuk \u00ebsht\u00eb e qart\u00eb n\u00ebse Tubimi Komb\u00ebtar i Marine Le Pen, q\u00eb fitoi n\u00eb rundin e par\u00eb t\u00eb zgjedhjeve t\u00eb parakohshme parlamentare n\u00eb Franc\u00eb jav\u00ebn e kaluar, do t&#8217;i bashkohet grupit. N\u00eb zgjedhjet evropiane t\u00eb mbajtura n\u00eb qershor, partit\u00eb e ekstremit t\u00eb djatht\u00eb u rrit\u00ebn dhe Vox dyfishoi numrin e ul\u00ebseve n\u00eb gjasht\u00eb.<\/span><\/p>\n","protected":false,"gt_translate_keys":[{"key":"rendered","format":"html"}]},"excerpt":{"rendered":"<p>Partia spanjolle e ekstremit t\u00eb djatht\u00eb, Vox, ka njoftuar largimin e saj nga grupi i Konservator\u00ebve dhe Reformist\u00ebve Evropian\u00eb (ECR) n\u00eb Parlamentin Evropian p\u00ebr t&#8217;iu bashkuar aleanc\u00ebs s\u00eb re t\u00eb udh\u00ebhequr nga kryeministri hungarez, Viktor Orban. Kjo l\u00ebvizje \u00ebsht\u00eb nj\u00eb goditje p\u00ebr shpresat e kryeministres italiane, Giorgia Meloni, p\u00ebr t\u00eb b\u00ebr\u00eb ECR-n\u00eb grupin e tret\u00eb [&hellip;]<\/p>\n","protected":false,"gt_translate_keys":[{"key":"rendered","format":"html"}]},"author":32,"featured_media":686112,"comment_status":"closed","ping_status":"open","sticky":false,"template":"","format":"standard","meta":{"footnotes":""},"categories":[6,13],"tags":[],"class_list":["post-686107","post","type-post","status-publish","format-standard","has-post-thumbnail","hentry","category-nderkombetare","category-te-fundit"],"gt_translate_keys":[{"key":"link","format":"url"}],"_links":{"self":[{"href":"https:\/\/www.hashtag.al\/index.php\/wp-json\/wp\/v2\/posts\/686107","targetHints":{"allow":["GET"]}}],"collection":[{"href":"https:\/\/www.hashtag.al\/index.php\/wp-json\/wp\/v2\/posts"}],"about":[{"href":"https:\/\/www.hashtag.al\/index.php\/wp-json\/wp\/v2\/types\/post"}],"author":[{"embeddable":true,"href":"https:\/\/www.hashtag.al\/index.php\/wp-json\/wp\/v2\/users\/32"}],"replies":[{"embeddable":true,"href":"https:\/\/www.hashtag.al\/index.php\/wp-json\/wp\/v2\/comments?post=686107"}],"version-history":[{"count":0,"href":"https:\/\/www.hashtag.al\/index.php\/wp-json\/wp\/v2\/posts\/686107\/revisions"}],"wp:featuredmedia":[{"embeddable":true,"href":"https:\/\/www.hashtag.al\/index.php\/wp-json\/wp\/v2\/media\/686112"}],"wp:attachment":[{"href":"https:\/\/www.hashtag.al\/index.php\/wp-json\/wp\/v2\/media?parent=686107"}],"wp:term":[{"taxonomy":"category","embeddable":true,"href":"https:\/\/www.hashtag.al\/index.php\/wp-json\/wp\/v2\/categories?post=686107"},{"taxonomy":"post_tag","embeddable":true,"href":"https:\/\/www.hashtag.al\/index.php\/wp-json\/wp\/v2\/tags?post=686107"}],"curies":[{"name":"wp","href":"https:\/\/api.w.org\/{rel}","templated":true}]}}