{"id":686080,"date":"2024-07-05T22:17:30","date_gmt":"2024-07-05T20:17:30","guid":{"rendered":"https:\/\/www.hashtag.al\/?p=686080"},"modified":"2024-07-05T22:17:30","modified_gmt":"2024-07-05T20:17:30","slug":"gjermania-thote-se-i-ka-derguar-ukraines-edhe-nje-sistem-patriot","status":"publish","type":"post","link":"https:\/\/www.hashtag.al\/index.php\/2024\/07\/05\/gjermania-thote-se-i-ka-derguar-ukraines-edhe-nje-sistem-patriot\/","title":{"rendered":"Gjermania thot\u00eb se i ka d\u00ebrguar Ukrain\u00ebs edhe nj\u00eb sistem Patriot","gt_translate_keys":[{"key":"rendered","format":"text"}]},"content":{"rendered":"<p style=\"text-align: left;\"><span style=\"color: #000000;\"><img loading=\"lazy\" decoding=\"async\" class=\"size-full wp-image-686081 aligncenter\" src=\"https:\/\/www.hashtag.al\/wp-content\/uploads\/2024\/07\/Screenshot-2024-07-05-173550.png\" alt=\"\" width=\"651\" height=\"379\" srcset=\"https:\/\/www.hashtag.al\/wp-content\/uploads\/2024\/07\/Screenshot-2024-07-05-173550.png 651w, https:\/\/www.hashtag.al\/wp-content\/uploads\/2024\/07\/Screenshot-2024-07-05-173550-300x175.png 300w, https:\/\/www.hashtag.al\/wp-content\/uploads\/2024\/07\/Screenshot-2024-07-05-173550-250x145.png 250w\" sizes=\"auto, (max-width: 651px) 100vw, 651px\" \/><\/span><\/p>\n<p style=\"text-align: left;\"><span style=\"color: #000000;\">Gjermania tha m\u00eb 5 korrik se n\u00eb Ukrain\u00eb tashm\u00eb \u00ebsht\u00eb d\u00ebrguar edhe nj\u00eb sistem i mbrojtjes ajrore, Patriot, teksa Kievi po vazhdon t\u00eb p\u00ebrballet me pushtimin e nisur nga Rusia.<\/span><\/p>\n<p style=\"text-align: left;\"><span style=\"color: #000000;\">\u201cSistemi tret\u00eb Patriot nga Gjermania tashm\u00eb ka arritur n\u00eb Ukrain\u00eb\u201d, tha ambasadori gjerman n\u00eb Ukrain\u00eb, Martin Jaeger, p\u00ebrmes nj\u00eb postimi n\u00eb X.<\/span><\/p>\n<p style=\"text-align: left;\"><span style=\"color: #000000;\">N\u00eb prill, Berlini kishte njoftuar se do t\u2019i jepte Kievit k\u00ebto lloje t\u00eb sistemeve t\u00eb mbrojtjes ajrore.<\/span><\/p>\n<p style=\"text-align: left;\"><span style=\"color: #000000;\">Ukraina po i b\u00ebn thirrje mb\u00ebshtet\u00ebsve t\u00eb saj per\u00ebndimor\u00eb q\u00eb t\u2019i d\u00ebrgojn\u00eb m\u00eb shum\u00eb mbrojtje ajrore, ve\u00e7mas sisteme Patriot, t\u00eb prodhimit amerikan. Ky sistem \u00ebsht\u00eb i aft\u00eb t\u00eb rr\u00ebzoj\u00eb raketa hipersonike t\u00eb Rusis\u00eb.<\/span><\/p>\n<p style=\"text-align: left;\"><span style=\"color: #000000;\">M\u00eb shum\u00eb se dy vjet q\u00eb kur Rusia nisi pushtimin e Ukrain\u00ebs, Moska po vazhdon t\u00eb sulmoj\u00eb sistemin energjetik t\u00eb Kievit, duke detyruar Ukrain\u00ebn q\u00eb t\u00eb aplikoj\u00eb reduktime t\u00eb energjis\u00eb elektrike.<\/span><\/p>\n<p style=\"text-align: left;\"><span style=\"color: #000000;\">P\u00ebrve\u00e7 sistemit Patriot, Berlini i ka dh\u00ebn\u00eb Kievit edhe arm\u00eb t\u00eb tjera, duke nisur nga artileria e deri tek autoblindat. Pavar\u00ebsisht se Gjermania i ka dh\u00ebn\u00eb ndihm\u00eb ushtarake Ukrain\u00ebs n\u00eb vler\u00eb prej miliarda eurosh, kancelari gjerman, Olaf Scholz, \u00ebsht\u00eb p\u00ebrballur me kritika muajve t\u00eb fundit p\u00ebr shkak se nuk po lejon d\u00ebrgimin e raketave me rreze t\u00eb gjat\u00eb veprimi t\u00eb llojit, Taurus.<\/span><\/p>\n<p style=\"text-align: left;\"><span style=\"color: #000000;\">Gjermania ka shprehur frik\u00ebn se k\u00ebto raketa mund t\u00eb p\u00ebrdoren p\u00ebr t\u00eb sh\u00ebnjestruar caqe thell\u00eb brenda Rusis\u00eb.<span style=\"color: #0000ff;\"><strong><a style=\"color: #0000ff;\" href=\"https:\/\/www.evropaelire.org\/a\/gjermani-sisteme-mbrojtje-ajrore-ukraine-\/33023442.html\">\/REL<\/a><\/strong><\/span><\/span><\/p>\n","protected":false,"gt_translate_keys":[{"key":"rendered","format":"html"}]},"excerpt":{"rendered":"<p>Gjermania tha m\u00eb 5 korrik se n\u00eb Ukrain\u00eb tashm\u00eb \u00ebsht\u00eb d\u00ebrguar edhe nj\u00eb sistem i mbrojtjes ajrore, Patriot, teksa Kievi po vazhdon t\u00eb p\u00ebrballet me pushtimin e nisur nga Rusia. \u201cSistemi tret\u00eb Patriot nga Gjermania tashm\u00eb ka arritur n\u00eb Ukrain\u00eb\u201d, tha ambasadori gjerman n\u00eb Ukrain\u00eb, Martin Jaeger, p\u00ebrmes nj\u00eb postimi n\u00eb X. N\u00eb prill, Berlini [&hellip;]<\/p>\n","protected":false,"gt_translate_keys":[{"key":"rendered","format":"html"}]},"author":4,"featured_media":686081,"comment_status":"closed","ping_status":"open","sticky":false,"template":"","format":"standard","meta":{"footnotes":""},"categories":[6],"tags":[],"class_list":["post-686080","post","type-post","status-publish","format-standard","has-post-thumbnail","hentry","category-nderkombetare"],"gt_translate_keys":[{"key":"link","format":"url"}],"_links":{"self":[{"href":"https:\/\/www.hashtag.al\/index.php\/wp-json\/wp\/v2\/posts\/686080","targetHints":{"allow":["GET"]}}],"collection":[{"href":"https:\/\/www.hashtag.al\/index.php\/wp-json\/wp\/v2\/posts"}],"about":[{"href":"https:\/\/www.hashtag.al\/index.php\/wp-json\/wp\/v2\/types\/post"}],"author":[{"embeddable":true,"href":"https:\/\/www.hashtag.al\/index.php\/wp-json\/wp\/v2\/users\/4"}],"replies":[{"embeddable":true,"href":"https:\/\/www.hashtag.al\/index.php\/wp-json\/wp\/v2\/comments?post=686080"}],"version-history":[{"count":0,"href":"https:\/\/www.hashtag.al\/index.php\/wp-json\/wp\/v2\/posts\/686080\/revisions"}],"wp:featuredmedia":[{"embeddable":true,"href":"https:\/\/www.hashtag.al\/index.php\/wp-json\/wp\/v2\/media\/686081"}],"wp:attachment":[{"href":"https:\/\/www.hashtag.al\/index.php\/wp-json\/wp\/v2\/media?parent=686080"}],"wp:term":[{"taxonomy":"category","embeddable":true,"href":"https:\/\/www.hashtag.al\/index.php\/wp-json\/wp\/v2\/categories?post=686080"},{"taxonomy":"post_tag","embeddable":true,"href":"https:\/\/www.hashtag.al\/index.php\/wp-json\/wp\/v2\/tags?post=686080"}],"curies":[{"name":"wp","href":"https:\/\/api.w.org\/{rel}","templated":true}]}}