{"id":685980,"date":"2024-07-05T11:51:33","date_gmt":"2024-07-05T09:51:33","guid":{"rendered":"https:\/\/www.hashtag.al\/?p=685980"},"modified":"2024-07-05T12:44:33","modified_gmt":"2024-07-05T10:44:33","slug":"fredi-beleri-u-denua-per-blerje-votash-kqz-i-heq-mandatin-e-kryetarit-te-zgjedhur-te-bashkise-se-himares","status":"publish","type":"post","link":"https:\/\/www.hashtag.al\/index.php\/2024\/07\/05\/fredi-beleri-u-denua-per-blerje-votash-kqz-i-heq-mandatin-e-kryetarit-te-zgjedhur-te-bashkise-se-himares\/","title":{"rendered":"U d\u00ebnua p\u00ebr blerje votash, KQZ-ja i heq mandatin Fredi Belerit","gt_translate_keys":[{"key":"rendered","format":"text"}]},"content":{"rendered":"<p><span style=\"font-weight: 400; color: #000000;\"><img loading=\"lazy\" decoding=\"async\" class=\"size-full wp-image-685998 aligncenter\" src=\"https:\/\/www.hashtag.al\/wp-content\/uploads\/2024\/07\/WhatsApp-Image-2024-07-05-at-12.34.26.jpeg\" alt=\"\" width=\"1600\" height=\"1226\" srcset=\"https:\/\/www.hashtag.al\/wp-content\/uploads\/2024\/07\/WhatsApp-Image-2024-07-05-at-12.34.26.jpeg 1600w, https:\/\/www.hashtag.al\/wp-content\/uploads\/2024\/07\/WhatsApp-Image-2024-07-05-at-12.34.26-300x230.jpeg 300w, https:\/\/www.hashtag.al\/wp-content\/uploads\/2024\/07\/WhatsApp-Image-2024-07-05-at-12.34.26-1024x785.jpeg 1024w, https:\/\/www.hashtag.al\/wp-content\/uploads\/2024\/07\/WhatsApp-Image-2024-07-05-at-12.34.26-768x588.jpeg 768w, https:\/\/www.hashtag.al\/wp-content\/uploads\/2024\/07\/WhatsApp-Image-2024-07-05-at-12.34.26-1536x1177.jpeg 1536w\" sizes=\"auto, (max-width: 1600px) 100vw, 1600px\" \/><\/span><\/p>\n<p><span style=\"font-weight: 400; color: #000000;\">KQZ-ja i hoqi sot mandatin kryebashkiaut t\u00eb zgjrdhur tl Himar\u00ebs Fredi Beleri q\u00eb u d\u00ebnua p\u00ebr blerje votash 2 dit\u00eb para zgjedheve t\u00eb 14 majit 2023.<\/span><\/p>\n<p><span style=\"font-weight: 400; color: #000000;\">Senaca u zhvillua dhe me debate ku nga Partia Demokratike akuzoi\u00a0 se KQZ po p\u00ebrdoret nga Rama.<\/span><\/p>\n<p><span style=\"font-weight: 400; color: #000000;\">Nd\u00ebrkoh\u00eb kryekomisioneri Ilirjan Celibashi u shpreh se KQZ nuk i sh\u00ebrben askujt dhe n\u00eb k\u00ebt\u00eb proces nuk \u00ebsht\u00eb futur p\u00ebr t\u00eb prishur apo d\u00ebmtuar interesat e dikujt.<\/span><\/p>\n<p><span style=\"color: #000000;\"><i><span style=\"font-weight: 400;\">\u201cJemi n\u00eb kushtet e humbjes s\u00eb mandatit t\u00eb kryetarit t\u00eb Bashkis\u00eb Himar\u00eb, Fredi Beleri dhe e shpallim t\u00eb pavlefsh\u00ebm k\u00ebt\u00eb mandat\u201d, <\/span><\/i><span style=\"font-weight: 400;\">tha Celibashi, kreu i KQZ-s\u00eb.\u00a0<\/span><\/span><\/p>\n<p><img decoding=\"async\" class=\"aligncenter\" src=\"https:\/\/shqiptarja.com\/uploads\/1720169269_120.jpeg\" \/><\/p>\n<p><span style=\"color: #000000;\">Nd\u00ebrkoh\u00eb Beleri tha se ishte vullneti politik q\u00eb e lejoi t\u00eb vinte n\u00eb KQZ por i ndaloi betimin. I vet\u00ebdijsh\u00ebm se mandati i tij si kryetar i bashkis\u00eb s\u00eb Himar\u00ebs ka mbaruar Beleri propozoi q\u00eb \u00e7\u00ebshtjen ta zgjidh\u00eb Gjykata Kushtetuese. <\/span><\/p>\n<p><span style=\"color: #000000;\"><i><span style=\"font-weight: 400;\">&#8220;Duket qart\u00eb q\u00eb nuk ka baz\u00eb ligjore p\u00ebr shqyrtimin. Dikush do t\u00eb nxjerr\u00eb g\u00ebshtenja nga zjarri me duart e KQZ-s\u00eb. Institucioni q\u00eb ju drejtoni ka ruajtur nderin e k\u00ebtij shtetit, t\u00eb gjitha institucionet e tjera jan\u00eb b\u00ebr\u00eb pjes\u00eb e paligjshm\u00ebris\u00eb p\u00ebr mua dhe banor\u00ebve t\u00eb Himar\u00ebs q\u00eb m\u00eb votuan p\u00ebr t\u00eb drejtuar.<\/span><\/i><\/span><\/p>\n<p><img decoding=\"async\" class=\"aligncenter\" src=\"https:\/\/shqiptarja.com\/uploads\/1720169269_116.jpeg\" \/><\/p>\n<p><span style=\"color: #000000;\"><i><span style=\"font-weight: 400;\">Sic erdha k\u00ebtu mund t\u00eb kisha vajtur dy or\u00eb n\u00eb Himar\u00eb p\u00ebr tu betuar. Vullnet politik ishte sot, p\u00ebrvec dashamir\u00ebsis\u00eb dhe k\u00ebrkes\u00ebs tuaj. Drejtoria e burgjeve n\u00eb var\u00ebsi t\u00eb kryeministrit dhe ministrit t\u00eb Drejt\u00ebsis\u00eb m\u00eb dha lejen. K\u00ebt\u00eb fare thjesht mund ta mirrja p\u00ebr t\u00eb b\u00ebr\u00eb betimin. Ata q\u00eb vendos\u00ebn rr\u00ebmbimin e bashkis\u00eb s\u00eb Himar\u00ebs e nuk duan q\u00eb himariot\u00ebt t\u00eb shprehen duhet t\u2019i lini t\u00eb pijn\u00eb got\u00ebn e helmit deri n\u00eb fund. <\/span><\/i><\/span><\/p>\n<p><span style=\"color: #000000;\"><i><span style=\"font-weight: 400;\">Un\u00eb duhet t\u00eb betohem e t\u00eb m\u00eb shkarkojn\u00eb. Jam i qart\u00eb q\u00eb mandati im si kryetar bashkie ka mbaruar por duket qart\u00eb arroganca e tyre q\u00eb ti b\u00ebjn\u00eb votimet n\u00eb gusht. Pse KQZ ti bashkohet k\u00ebsaj k\u00ebrkes\u00eb. Kam frik\u00eb se gjysma e bashkis\u00eb do t\u00eb ver\u00eb n\u00eb burg. Drejtoju Kushtetueses ta zgjidh\u00eb nj\u00eb her\u00eb e mir\u00eb k\u00ebt\u00eb&#8221; <\/span><\/i><span style=\"font-weight: 400;\">tha Beleri.\u00a0\u00a0<\/span><\/span><\/p>\n<p><span style=\"color: #000000;\"><b>Akuza e fort\u00eb e Manjanit ndaj SPAK-ut<\/b><\/span><\/p>\n<p><span style=\"font-weight: 400; color: #000000;\">Ish-ministri i Drejt\u00ebsis\u00eb Ylli Manjani n\u00ebp\u00ebrmjet nj\u00eb postimi n\u00eb Facebook para pak dit\u00ebsh ka akuzuar SPAK lidhur me vendimin e gjykat\u00ebses s\u00eb GJKKO Elsa Ulliri p\u00ebr sa i p\u00ebrket \u201c\u00c7\u00ebshtjes Beleri\u201d.<\/span><\/p>\n<p><span style=\"font-weight: 400; color: #000000;\">Manjani shprehet se SPAK nuk zbaton vendimin e gjykat\u00ebs dhe shtyn nj\u00eb pro\u00e7es d\u00ebnimi me prova t\u00eb stisura. Sipas tij gjyqtarja n\u00eb fjal\u00eb ka zb\u00ebrthyer n\u00eb thelb dyshimet se Fredi Beleri po gjykohet me prova t\u00eb stisura. Gjithashtu ai shton se ajo ka urdh\u00ebruar Prokurorin\u00eb e Posa\u00e7me (SPAK) t\u00eb sqaroj\u00eb origjin\u00ebn e manipulimit t\u00eb provave e cila e ka urdh\u00ebruar q\u00eb n\u00eb muajn Prill 2024.<\/span><\/p>\n<p><span style=\"font-weight: 400; color: #000000;\">Nd\u00ebr t\u00eb tjera Manjani shton se pjes\u00eb e k\u00ebsaj \u00ebsht\u00eb edhe Gjykata e Lart\u00eb e cila rrefuzon t\u00eb b\u00ebj\u00eb detyr\u00ebn kushtetuese dhe t\u00eb gjykoj\u00eb e disiplinoj\u00eb standartet e hetimit e gjykimit.<\/span><\/p>\n<p><span style=\"color: #000000;\"><b>Fredi Beleri eurodeputet n\u00eb Parlamentin Evropian<\/b><\/span><\/p>\n<p><span style=\"font-weight: 400; color: #000000;\">Fredi Beleri, kryetari i zgjedhur i bashkis\u00eb Himar\u00eb u zgjodh eurodeputet p\u00ebr Demokracin\u00eb e Re t\u00eb kryeministrit grek Kiriakos Mitsotakis n\u00eb zgjedhjet e para pak jav\u00ebve p\u00ebr Parlamentin Evropian. N\u00eb nj\u00eb lidhje telefonike p\u00ebr emisionin No\u00eb t\u00eb Erla M\u00ebhillit n\u00eb Euron\u00ebes, nga burgu tha se fitorja e tij \u00ebsht\u00eb merit\u00eb e popullit grek q\u00eb e votoi.\u00a0<\/span><\/p>\n<p><span style=\"font-weight: 400; color: #000000;\">Sipas tij, me vot\u00ebn e vet populli grek vuri n\u00eb vend nj\u00eb padrejt\u00ebsi pasi nuk mund t\u00eb toleroj\u00eb shkeljen e shtetit t\u00eb s\u00eb drejt\u00ebs. Beleri u shpreh se n\u00ebse nuk do ishte d\u00ebnuar n\u00eb Shqip\u00ebri, nuk do ishte b\u00ebr\u00eb i njohur n\u00eb Greqi dhe nuk do ishte zgjedhur eurodeputet, ndaj nj\u00eb merit\u00eb n\u00eb fitoren e tij pa dashur ka edhe kryeministri Edi Rama.<\/span><\/p>\n<p><span style=\"color: #000000;\"><strong>OMONIA akuza Ram\u00ebs, plan t\u00eb caktoj\u00eb Vangjel Tavon n\u00eb Himar\u00eb<\/strong><\/span><\/p>\n<p><span style=\"font-weight: 400; color: #000000;\">Dega e Omonias n\u00eb Himar\u00eb ka b\u00ebr\u00eb nj\u00eb deklarat\u00eb p\u00ebr mediat sa i takon ndodhive t\u00eb fundit q\u00eb lidhen me k\u00ebt\u00eb bashki, si\u00e7 ishte dhe arrestimi i kryebashkiakut t\u00eb detyr\u00eb, Jorgo Goro p\u00ebr korrupsion.<\/span><\/p>\n<p><span style=\"font-weight: 400; color: #000000;\">P\u00ebrmes nj\u00eb reagimi, Omonia thekson se gjith\u00e7ka ka nj\u00eb shpjegim, q\u00eb nga arrestimi i Goros, d\u00ebnimi i Fredi Belerit p\u00ebr blerje votash dhe lakimi i emrit t\u00eb Vangjel Tavos si kryebashkiak t\u00eb ri p\u00ebr Himar\u00ebn, p\u00ebr ta prezantuar si kandidat n\u00eb zgjedhjet e ardhshme. Sipas Omonia, k\u00ebto jan\u00eb t\u00eb gjitha plane t\u00eb kryeministrit Edi Rama.<\/span><\/p>\n<p><span style=\"color: #000000;\"><b>Kryebashkiaku socialist i Himar\u00ebs Jorgo Goro n\u00eb burg, kall\u00ebzimi nga Beleri p\u00ebr tokat q\u00eb i kaluan burrit t\u00eb ish-ministres Olta Xha\u00e7ka<\/b><\/span><\/p>\n<p><span style=\"font-weight: 400; color: #000000;\">Kryetari n\u00eb detyr\u00eb i Bashkis\u00eb s\u00eb Himar\u00ebs Jorgo Goro u arrestua pak jav\u00eb m\u00eb par\u00eb, n\u00ebn dyshimet se p\u00ebrmes dokumentave t\u00eb falsifikuar ka lejuar rregjistrimin e parregullt t\u00eb dy pasurive t\u00eb patundshme n\u00eb bregdet, t\u00eb cilat, pas disa transaksioneve, i kaluan sip\u00ebrmarr\u00ebsit Artan Ga\u00e7i, bashk\u00ebshort i ish ministres s\u00eb Jashtme Olta Xha\u00e7ka, p\u00ebr t\u00eb nd\u00ebrtuar nj\u00eb kompleks turistik n\u00eb bregdetin e Dh\u00ebrmiut.<\/span><\/p>\n<p><span style=\"font-weight: 400; color: #000000;\">Hetimet p\u00ebr k\u00ebt\u00eb rast nis\u00ebn pas nj\u00eb kall\u00ebzimi t\u00eb b\u00ebr\u00eb n\u00eb muajin gusht 2023 nga kryebashkiaku i zgjedhur i Himar\u00ebs Fredi Beleri, i d\u00ebnuar pak jav\u00eb m\u00eb par\u00eb nga Gjykata e posa\u00e7me n\u00ebn akuz\u00ebn e korrupsionit n\u00eb zgjedhje. Sipas kall\u00ebzimit, zoti Goro ka p\u00ebrcjell\u00eb p\u00ebr regjistrim n\u00eb ish ZVRPP (Zyra vendore e rregjistrimit t\u00eb pronave t\u00eb patundshme) Vlor\u00eb nj\u00eb AMTP ( Akt t\u00eb marrjes s\u00eb tok\u00ebs n\u00eb pron\u00ebsi) n\u00eb em\u00ebr t\u00eb nj\u00eb banori t\u00eb Himar\u00ebs (Foto Pavli M\u00ebhilli) p\u00ebrmes procedurave dhe dokumentave t\u00eb falsifikuar.<\/span><\/p>\n<p><span style=\"color: #000000;\"><b>Arrestimi i Belerit para zgjedhjeve lokale t\u00eb 14 majit 2023<\/b><\/span><\/p>\n<p><span style=\"font-weight: 400; color: #000000;\">Fredi Beleri u arrestua m\u00eb 12 maj n\u00eb lokalin e tij, n\u00eb Himar\u00eb, vet\u00ebm 2 dit\u00eb para zgjedhjeve lokale t\u00eb 14 majit 2023, teksa ofronte para p\u00ebr t\u00eb vler\u00eb 8 vota n\u00eb shifr\u00ebn e 40 mij\u00eb lek\u00ebve. Arrestimi erdhi pas denoncimit n\u00eb prokurori nga bashk\u00ebpun\u00ebtori i drejt\u00ebsis\u00eb i cili kishte treguar se i ishin ofruar para n\u00eb k\u00ebmbim t\u00eb votave.\u00a0<\/span><\/p>\n<p><span style=\"font-weight: 400; color: #000000;\">M\u00eb 10 qershor Fredi Beleri, \u00ebsht\u00eb zgjedhur eurodeputet n\u00eb Greqi, ku mori 237 mij\u00eb vota dhe ishte eurodeputeti i kat\u00ebrt m\u00eb i votuar n\u00eb Greqi, nd\u00ebrsa po i kat\u00ebrti rezulton edhe n\u00eb list\u00ebn e 7 deputet\u00ebve t\u00eb dal\u00eb nga lista e partis\u00eb s\u00eb kryeministrit Mitsotakis, Demokracia e Re.<\/span><\/p>\n<p><span style=\"color: #000000;\"><b>D\u00ebnimi i Fredi Belerit<\/b><\/span><\/p>\n<p><span style=\"font-weight: 400; color: #000000;\">M\u00eb 14 qershor, pas nj\u00eb seance q\u00eb zgjati gati 4 or\u00eb Gjykata e Apelit t\u00eb Posa\u00e7\u00ebm deklaroi t\u00eb mbyllur shqyrtimin gjyq\u00ebsor.\u00a0 Bashk\u00eb me Belerin n\u00eb gjyq \u00ebsht\u00eb edhe bashk\u00ebpun\u00ebtori i tij, Pandeli Kokaveshi. Beleri dhe Kokaveshi k\u00ebrkojn\u00eb pafaj\u00ebsi p\u00ebr akuz\u00ebn p\u00ebr blerje votash pasi GJKKO e d\u00ebnoi me 2 vite\u00a0 Belerin dhe 1 vit e gjasht\u00eb muaj burg Kokaveshin.\u00a0<\/span><\/p>\n<p><span style=\"font-weight: 400; color: #000000;\">Vendimi i Kokaveshit \u00ebsht\u00eb i pezulluar me sh\u00ebrbim prove p\u00ebr tre vjet. Fredi Beleri e ka hedhur posht\u00eb procesin si t\u00eb montuar politikisht me urdh\u00ebr t\u00eb kryeministrit Rama. Arrestimi dhe d\u00ebnimi i tij \u00ebsht\u00eb b\u00ebr\u00eb moll\u00eb sherri mes Athin\u00ebs e Tiran\u00ebs.<\/span><\/p>\n<p><span style=\"font-weight: 400; color: #000000;\">Ai u arrestua tre dit\u00eb para zgjedhjeve t\u00eb 14 majit n\u00eb Himar\u00eb ku kandidonte p\u00ebr kryetar bashkie nga radh\u00ebt e koalicionit opozitar.<\/span><\/p>\n<p><span style=\"font-weight: 400; color: #000000;\">Largimi misterioz i v\u00ebllait ty\u00eb d\u00ebshmitarit ky\u00e7 n\u00eb procesin ndaj Fredi Belerit pas intervist\u00ebs<\/span><\/p>\n<p><span style=\"font-weight: 400; color: #000000;\">Gjat\u00eb fushat\u00ebs p\u00ebr zgjedhjet lokale, kryeministri Rama l\u00ebshoi akuza e paralajm\u00ebrime t\u00eb ashpra ndaj Belerit. Ky i fundit i ka mohuar akuzat ndaj tij duke deklaruar se procesi ndaj tij ka qen\u00eb i montuar dhe politik.<\/span><\/p>\n<p><span style=\"font-weight: 400; color: #000000;\">V\u00ebllai i d\u00ebshmitarit ky\u00e7 ndaj Fredi Belerit, Avdyl Rama, dha nj\u00eb intervist\u00eb spontane nj\u00eb dit\u00eb pas arrestimit t\u00eb Fredi Belerit e dy personave t\u00eb tjer\u00eb, t\u00eb akuzuar nga prokuroria p\u00ebr blerje votash lidhur me zgjedhjet lokale t\u00eb 14 majit 2023. \u00c7udit\u00ebrisht, intervista e Avdyl Ram\u00ebs u la n\u00eb \u201charres\u00eb\u201d nga prokuroria gjat\u00eb seancave gjyq\u00ebsore ndaj Fredi Belerit, nd\u00ebrsa avokat\u00ebve t\u00eb kryebashkiakut t\u00eb zgjedhur t\u00eb Himar\u00ebs iu hoq mund\u00ebsia q\u00eb ta pyesnin at\u00eb n\u00eb sall\u00eb, pasi dikush u kujdes q\u00eb ta largonte nga Shqip\u00ebria.<\/span><\/p>\n<p><span style=\"font-weight: 400; color: #000000;\">Ndryshe nga sa pohoi ai me goj\u00ebn e tij gjat\u00eb intervist\u00ebs, se atij dhe familjar\u00ebve t\u00eb tij nuk u \u00ebsht\u00eb ofruar asnj\u00eb lek apo favor tjet\u00ebr nga Fredi Beleri apo fushata e tij n\u00eb k\u00ebmbim t\u00eb vot\u00ebs, n\u00eb prokurori e polici ai ka dh\u00ebn\u00eb nj\u00eb tjet\u00ebr deklarat\u00eb n\u00ebn trysnin\u00eb e autoriteteve. Pas k\u00ebsaj, Avdyl Rama \u00ebsht\u00eb larguar nga Shqip\u00ebria pasi dikush u kujdes q\u00eb ai t\u00eb ikte.<\/span><\/p>\n<p><span style=\"color: #000000;\"><b>P\u00ebrplasja e Ram\u00ebs me Athin\u00ebn<\/b><\/span><\/p>\n<p><span style=\"font-weight: 400; color: #000000;\">Beleri ka k\u00ebrkuar n\u00eb disa raste leje t\u00eb dal\u00eb nga burgu p\u00ebr t\u2019u betuar po nuk \u00ebsht\u00eb lejuar. Arrestimi dhe d\u00ebnimi i Belerit ka \u00e7uar n\u00eb p\u00ebrplasje t\u00eb ashp\u00ebr mes Athin\u00ebs e Tiran\u00ebs.<\/span><\/p>\n<p><span style=\"font-weight: 400; color: #000000;\">Nd\u00ebrsa kryeministri Rama ka deklaruar n\u00eb shum\u00eb raste se nuk nd\u00ebrhyn n\u00eb pun\u00ebn e drejt\u00ebsis\u00eb, ai gek Mitsotakis e ka quajtur t\u00eb manipuluar procesin ndaj Belerit dhe ka paralajm\u00ebruar masa ndaj Tiran\u00ebs p\u00ebrsa i p\u00ebrket marr\u00ebdh\u00ebnieve dypal\u00ebshe dhe integrimit n\u00eb BE.\/ <strong>Hashtag.al<\/strong><\/span><\/p>\n","protected":false,"gt_translate_keys":[{"key":"rendered","format":"html"}]},"excerpt":{"rendered":"<p>KQZ-ja i hoqi sot mandatin kryebashkiaut t\u00eb zgjrdhur tl Himar\u00ebs Fredi Beleri q\u00eb u d\u00ebnua p\u00ebr blerje votash 2 dit\u00eb para zgjedheve t\u00eb 14 majit 2023. Senaca u zhvillua dhe me debate ku nga Partia Demokratike akuzoi\u00a0 se KQZ po p\u00ebrdoret nga Rama. Nd\u00ebrkoh\u00eb kryekomisioneri Ilirjan Celibashi u shpreh se KQZ nuk i sh\u00ebrben askujt [&hellip;]<\/p>\n","protected":false,"gt_translate_keys":[{"key":"rendered","format":"html"}]},"author":4,"featured_media":685998,"comment_status":"closed","ping_status":"open","sticky":false,"template":"","format":"standard","meta":{"footnotes":""},"categories":[22],"tags":[],"class_list":["post-685980","post","type-post","status-publish","format-standard","has-post-thumbnail","hentry","category-ballina"],"gt_translate_keys":[{"key":"link","format":"url"}],"_links":{"self":[{"href":"https:\/\/www.hashtag.al\/index.php\/wp-json\/wp\/v2\/posts\/685980","targetHints":{"allow":["GET"]}}],"collection":[{"href":"https:\/\/www.hashtag.al\/index.php\/wp-json\/wp\/v2\/posts"}],"about":[{"href":"https:\/\/www.hashtag.al\/index.php\/wp-json\/wp\/v2\/types\/post"}],"author":[{"embeddable":true,"href":"https:\/\/www.hashtag.al\/index.php\/wp-json\/wp\/v2\/users\/4"}],"replies":[{"embeddable":true,"href":"https:\/\/www.hashtag.al\/index.php\/wp-json\/wp\/v2\/comments?post=685980"}],"version-history":[{"count":0,"href":"https:\/\/www.hashtag.al\/index.php\/wp-json\/wp\/v2\/posts\/685980\/revisions"}],"wp:featuredmedia":[{"embeddable":true,"href":"https:\/\/www.hashtag.al\/index.php\/wp-json\/wp\/v2\/media\/685998"}],"wp:attachment":[{"href":"https:\/\/www.hashtag.al\/index.php\/wp-json\/wp\/v2\/media?parent=685980"}],"wp:term":[{"taxonomy":"category","embeddable":true,"href":"https:\/\/www.hashtag.al\/index.php\/wp-json\/wp\/v2\/categories?post=685980"},{"taxonomy":"post_tag","embeddable":true,"href":"https:\/\/www.hashtag.al\/index.php\/wp-json\/wp\/v2\/tags?post=685980"}],"curies":[{"name":"wp","href":"https:\/\/api.w.org\/{rel}","templated":true}]}}