{"id":685976,"date":"2024-07-05T11:38:22","date_gmt":"2024-07-05T09:38:22","guid":{"rendered":"https:\/\/www.hashtag.al\/?p=685976"},"modified":"2024-07-05T11:38:22","modified_gmt":"2024-07-05T09:38:22","slug":"perplasje-ne-kqz-beleri-rama-kerkon-te-rrembeje-bashkine-e-himares-ta-pije-goten-e-helmit-deri-ne-fund","status":"publish","type":"post","link":"https:\/\/www.hashtag.al\/index.php\/2024\/07\/05\/perplasje-ne-kqz-beleri-rama-kerkon-te-rrembeje-bashkine-e-himares-ta-pije-goten-e-helmit-deri-ne-fund\/","title":{"rendered":"P\u00ebrplasje n\u00eb KQZ, Beleri: Rama k\u00ebrkon t\u00eb rr\u00ebmbej\u00eb bashkin\u00eb e Himar\u00ebs, ta pij\u00eb got\u00ebn e helmit deri n\u00eb fund","gt_translate_keys":[{"key":"rendered","format":"text"}]},"content":{"rendered":"<p><img loading=\"lazy\" decoding=\"async\" class=\"aligncenter size-full wp-image-685977\" src=\"https:\/\/www.hashtag.al\/wp-content\/uploads\/2024\/07\/beleri.png\" alt=\"\" width=\"1094\" height=\"518\" srcset=\"https:\/\/www.hashtag.al\/wp-content\/uploads\/2024\/07\/beleri.png 1094w, https:\/\/www.hashtag.al\/wp-content\/uploads\/2024\/07\/beleri-300x142.png 300w, https:\/\/www.hashtag.al\/wp-content\/uploads\/2024\/07\/beleri-1024x485.png 1024w, https:\/\/www.hashtag.al\/wp-content\/uploads\/2024\/07\/beleri-768x364.png 768w\" sizes=\"auto, (max-width: 1094px) 100vw, 1094px\" \/><\/p>\n<p><span style=\"color: #000000;\">Kandidati i zgjedhur si kryebashkiak i Himar\u00ebs n\u00eb zgjedhjet e 14 majit 2023, tha sot n\u00eb KQZ, se qeveria nuk do q\u00eb himariot\u00ebt t\u00eb shprehen me vullnet t\u00eb lir\u00eb p\u00ebr at\u00eb q\u00eb duhet t\u2019i drejtoj\u00eb duke akuzuar kryeministrin Rama se po p\u00ebrpiqet t\u00eb shfryt\u00ebzoj\u00eb KQZ-n\u00eb p\u00ebr t\u00eb b\u00ebr\u00eb pun\u00ebn e pist\u00eb t\u00eb saj si dhe p\u00ebr rr\u00ebmbimin e bashkis\u00eb s\u00eb Himar\u00ebs. <\/span><\/p>\n<p><span style=\"color: #000000;\">Gjat\u00eb p\u00ebrplasjeve, ai tha se fare mir\u00eb mund t\u00eb ishte lejuar t\u00eb betohej si kryabashkiak e m\u00eb pas Rama mund ta kishte shkarkuar.<\/span><\/p>\n<p><span style=\"color: #000000;\"><em>&#8220;Duket qart\u00eb q\u00eb nuk ka baz\u00eb ligjore p\u00ebr shqyrtimin. Dikush do t\u00eb nxjerr\u00eb g\u00ebshtenja nga zjarri me duart e KQZ-s\u00eb. Institucioni q\u00eb ju drejtoni ka ruajtur nderin e k\u00ebtij shtetit, t\u00eb gjitha institucionet e tjera jan\u00eb b\u00ebr\u00eb pjes\u00eb e paligjshm\u00ebris\u00eb p\u00ebr mua dhe banor\u00ebve t\u00eb Himar\u00ebs q\u00eb m\u00eb votuan p\u00ebr t\u00eb drejtuar. Sic erdha k\u00ebtu mund t\u00eb kisha vajtur dy or\u00eb n\u00eb Himar\u00eb p\u00ebr tu betuar. Vullnet politik ishte sot, p\u00ebrvec dashamir\u00ebsis\u00eb dhe k\u00ebrkes\u00ebs tuaj. Drejtoria e burgjeve n\u00eb var\u00ebsi t\u00eb kryeministrit dhe ministrit t\u00eb Drejt\u00ebsis\u00eb m\u00eb dha lejen. K\u00ebt\u00eb fare thjesht mund ta mirrja p\u00ebr t\u00eb b\u00ebr\u00eb betimin. Ata q\u00eb vendos\u00ebn rr\u00ebmbimin e bashkis\u00eb s\u00eb Himar\u00ebs e nuk duan q\u00eb himariot\u00ebt t\u00eb shprehen duhet t\u2019i lini t\u00eb pijn\u00eb got\u00ebn e helmit deri n\u00eb fund. Un\u00eb duhet t\u00eb betohem e t\u00eb m\u00eb shkarkojn\u00eb. Jam i qart\u00eb q\u00eb mandati im si kryetar bashkie ka mbaruar por duket qart\u00eb arroganca e tyre q\u00eb t\u2019i b\u00ebjn\u00eb votimet n\u00eb gusht. Pse KQZ t\u2019i bashkohet k\u00ebsaj k\u00ebrkese? Kam frik\u00eb se gjysma e bashkis\u00eb do shkoj\u00eb n\u00eb burg. Drejtojuni Kushtetueses ta zgjidh\u00eb nj\u00eb her\u00eb e mir\u00eb k\u00ebt\u00eb.&#8221;<\/em> &#8211; tha Beleri.\u00a0<\/span><\/p>\n","protected":false,"gt_translate_keys":[{"key":"rendered","format":"html"}]},"excerpt":{"rendered":"<p>Kandidati i zgjedhur si kryebashkiak i Himar\u00ebs n\u00eb zgjedhjet e 14 majit 2023, tha sot n\u00eb KQZ, se qeveria nuk do q\u00eb himariot\u00ebt t\u00eb shprehen me vullnet t\u00eb lir\u00eb p\u00ebr at\u00eb q\u00eb duhet t\u2019i drejtoj\u00eb duke akuzuar kryeministrin Rama se po p\u00ebrpiqet t\u00eb shfryt\u00ebzoj\u00eb KQZ-n\u00eb p\u00ebr t\u00eb b\u00ebr\u00eb pun\u00ebn e pist\u00eb t\u00eb saj si dhe [&hellip;]<\/p>\n","protected":false,"gt_translate_keys":[{"key":"rendered","format":"html"}]},"author":51,"featured_media":685977,"comment_status":"closed","ping_status":"open","sticky":false,"template":"","format":"standard","meta":{"footnotes":""},"categories":[65],"tags":[],"class_list":["post-685976","post","type-post","status-publish","format-standard","has-post-thumbnail","hentry","category-lajme"],"gt_translate_keys":[{"key":"link","format":"url"}],"_links":{"self":[{"href":"https:\/\/www.hashtag.al\/index.php\/wp-json\/wp\/v2\/posts\/685976","targetHints":{"allow":["GET"]}}],"collection":[{"href":"https:\/\/www.hashtag.al\/index.php\/wp-json\/wp\/v2\/posts"}],"about":[{"href":"https:\/\/www.hashtag.al\/index.php\/wp-json\/wp\/v2\/types\/post"}],"author":[{"embeddable":true,"href":"https:\/\/www.hashtag.al\/index.php\/wp-json\/wp\/v2\/users\/51"}],"replies":[{"embeddable":true,"href":"https:\/\/www.hashtag.al\/index.php\/wp-json\/wp\/v2\/comments?post=685976"}],"version-history":[{"count":0,"href":"https:\/\/www.hashtag.al\/index.php\/wp-json\/wp\/v2\/posts\/685976\/revisions"}],"wp:featuredmedia":[{"embeddable":true,"href":"https:\/\/www.hashtag.al\/index.php\/wp-json\/wp\/v2\/media\/685977"}],"wp:attachment":[{"href":"https:\/\/www.hashtag.al\/index.php\/wp-json\/wp\/v2\/media?parent=685976"}],"wp:term":[{"taxonomy":"category","embeddable":true,"href":"https:\/\/www.hashtag.al\/index.php\/wp-json\/wp\/v2\/categories?post=685976"},{"taxonomy":"post_tag","embeddable":true,"href":"https:\/\/www.hashtag.al\/index.php\/wp-json\/wp\/v2\/tags?post=685976"}],"curies":[{"name":"wp","href":"https:\/\/api.w.org\/{rel}","templated":true}]}}