{"id":685443,"date":"2024-07-03T09:19:08","date_gmt":"2024-07-03T07:19:08","guid":{"rendered":"https:\/\/www.hashtag.al\/?p=685443"},"modified":"2024-07-03T09:37:09","modified_gmt":"2024-07-03T07:37:09","slug":"dita-e-dyte-e-zise-kombetare-percillet-sot-per-ne-banesen-e-fundit-kolosi-i-letrave-shqipe-ismail-kadare","status":"publish","type":"post","link":"https:\/\/www.hashtag.al\/index.php\/2024\/07\/03\/dita-e-dyte-e-zise-kombetare-percillet-sot-per-ne-banesen-e-fundit-kolosi-i-letrave-shqipe-ismail-kadare\/","title":{"rendered":"Dita e dyt\u00eb e zis\u00eb komb\u00ebtare\/ P\u00ebrcillet sot p\u00ebr n\u00eb banes\u00ebn e fundit kolosi i letrave shqipe, Ismail Kadare","gt_translate_keys":[{"key":"rendered","format":"text"}]},"content":{"rendered":"<p><img loading=\"lazy\" decoding=\"async\" class=\"size-full wp-image-685444 aligncenter\" src=\"https:\/\/www.hashtag.al\/wp-content\/uploads\/2024\/07\/ismail-kadare.webp\" alt=\"\" width=\"720\" height=\"450\" srcset=\"https:\/\/www.hashtag.al\/wp-content\/uploads\/2024\/07\/ismail-kadare.webp 720w, https:\/\/www.hashtag.al\/wp-content\/uploads\/2024\/07\/ismail-kadare-300x188.webp 300w\" sizes=\"auto, (max-width: 720px) 100vw, 720px\" \/><\/p>\n<p><span style=\"font-weight: 400; color: #000000;\">P\u00ebrcillet sot p\u00ebr n\u00eb banes\u00ebn e fundit kolosi i letrave shqipe, Ismail Kadare, i cili u nda nga jeta t\u00eb h\u00ebn\u00ebn n\u00eb mosh\u00ebn 88-vje\u00e7are.<\/span><\/p>\n<p><span style=\"font-weight: 400; color: #000000;\">N\u00eb nder t\u00eb Kadares\u00eb, qeveria shpalli dy dit\u00eb zie komb\u00ebtare, 2 dhe 3 korrikun, nd\u00ebrsa n\u00eb kujtim t\u00eb shkrimtarit sot do t\u00eb mbahet nj\u00eb ceremoni zyrtare mortore dhe m\u00eb pas do t\u00eb p\u00ebrcillet p\u00ebr n\u00eb banes\u00ebn e fundit.<\/span><\/p>\n<p><span style=\"font-weight: 400; color: #000000;\">Si\u00e7 u b\u00eb e ditur edhe dje p\u00ebrmes nj\u00eb postimi nga ana e kryeministrit Edi Rama, homazhet publike p\u00ebr Kadaren\u00eb do t\u00eb mbahen n\u00eb Teatrin Komb\u00ebtar t\u00eb Operas dhe Baletit t\u00eb cilat nisin n\u00eb or\u00ebn 09:00 m\u00eb tej n\u00eb or\u00ebn 11:30 nis ceremonia shtet\u00ebrore dhe n\u00eb or\u00ebn 12:30 nis kortezhi p\u00ebr p\u00ebrcjelljen n\u00eb varreza.<\/span><\/p>\n<p><span style=\"color: #000000;\"><b>VENDIMI<\/b><\/span><\/p>\n<p><span style=\"color: #000000;\"><i><span style=\"font-weight: 400;\">\u201cK\u00ebshilli i Ministrave vendosi 1. Shpalljen dite zie komb\u00ebtare te mart\u00ebn dhe t\u00eb m\u00ebrkur\u00ebn, p\u00ebrkat\u00ebsisht, n\u00eb datat 2 dhe 3 korrik 2024, n\u00eb nderim t\u00eb t\u00eb ndjerit, Ismail Kadare, personalitet i shquar i letrave shqipe.<\/span><\/i><\/span><\/p>\n<ol start=\"2\">\n<li><span style=\"color: #000000;\"><i><span style=\"font-weight: 400;\"> N\u00eb t\u00eb gjitha institucionet shtet\u00ebrore dhe publike t\u00eb ulet flamuri komb\u00ebtar ne gjysm\u00ebshtize.<\/span><\/i><\/span><\/li>\n<li><span style=\"color: #000000;\"><i><span style=\"font-weight: 400;\"> Homazhet publike dhe ceremonia shtet\u00ebrore te organizohen n\u00eb mjediset e Teatrit Komb\u00ebtar t\u00eb Operas, Baletit dhe Ansamblit Popullor, Tirane, dit\u00ebn e m\u00ebrkure, date 3.7.2024, p\u00ebrkat\u00ebsisht, nga ora 9:00 deri ne or\u00ebn 11:00, dhe nga ora 11:30 deri ne or\u00ebn 12:30.<\/span><\/i><\/span><\/li>\n<li><span style=\"color: #000000;\"><i><span style=\"font-weight: 400;\"> Ne or\u00ebn 13:00, date 3.7.2024, ne nderim te tij t\u00eb nd\u00ebrpritet do veprimtari dhe t\u00eb mbahet nj\u00eb minute heshtje.<\/span><\/i><\/span><\/li>\n<\/ol>\n<p><span style=\"color: #000000;\"><i><span style=\"font-weight: 400;\">\u00a0 \u00a0 \u00a0 \u00a05 Radiotelevizioni Shqiptar, gjat\u00eb or\u00ebve t\u00eb kryerjes se homazheve dhe ceremonialit shtet\u00ebror, te transmetoje muzike funebre.<\/span><\/i><\/span><\/p>\n<ol start=\"6\">\n<li><span style=\"color: #000000;\"><i><span style=\"font-weight: 400;\"> P\u00ebr organizimin e homazheve dhe t\u00eb ceremonis\u00eb shtet\u00ebrore ngrihet Komisioni i Posa\u00e7\u00ebm Shtet\u00ebror n\u00ebn mbik\u00ebqyrjen e Kryeministrit, i cili ne p\u00ebrb\u00ebrje te ket\u00eb:<\/span><\/i><i>Ministrin e Ekonomis\u00eb, Kultur\u00ebs dhe Inovacionit; Ministrin e Mbrojtjes; Ministrin e Brendsh\u00ebm; Kryetarin e Bashkis\u00eb Tirane; Drejtorin e Protokollit te Shtetit; Drejtorin e P\u00ebrgjithsh\u00ebm te Policis\u00eb s\u00eb Shtetit; Romandantin e Gard\u00ebs s\u00eb Republik\u00ebs se Shqip\u00ebris\u00eb; Drejtorin e Drejtoris\u00eb se Sh\u00ebrbimeve Qeveritare; P\u00ebrfaq\u00ebsues nga Kabineti i<\/i><\/span><\/li>\n<\/ol>\n<p><span style=\"color: #000000;\"><i><span style=\"font-weight: 400;\">Kryeministrit; P\u00ebrfaq\u00ebsues nga zyra e Shtypit te Kryeministrit.<\/span><\/i><\/span><\/p>\n<ol start=\"7\">\n<li><span style=\"color: #000000;\"><i><span style=\"font-weight: 400;\">Ngarkohet Protokolli i Shtetit q\u00eb te krijoje dhe te drejtoje grupin e pun\u00ebs, p\u00ebrgjegj\u00ebs p\u00ebr ndjekjen dhe zbatimin e masave organizative te homazheve dhe te ceremonialit shtet\u00ebror.<\/span><\/i><\/span><\/li>\n<li><span style=\"color: #000000;\"><i><span style=\"font-weight: 400;\"> Shpenzimet e varrimit, te homazheve dhe te ceremonialit t\u00e8 p\u00ebrballohen nga Ministria e Ekonomise, Kultures d e Inovacionit.<\/span><\/i><\/span><\/li>\n<\/ol>\n<p><span style=\"color: #000000;\"><i><span style=\"font-weight: 400;\">Ky vendim hyn ne fugi menjehere dhe botohet ne \u201cFletoren zyrtare\u201d.<\/span><\/i><\/span><\/p>\n<p><span style=\"font-weight: 400; color: #000000;\">N\u00eb ceremonin\u00eb e lamtumir\u00ebs n\u00eb Tiran\u00eb do t\u00eb marrin pjes\u00eb edhe presidentja e Kosov\u00ebs Vjosa Osmani, kryeministri Albin Kurti dhe kryetari i Kuvendit Glauk Konjufca.<\/span><\/p>\n<p><span style=\"font-weight: 400; color: #000000;\">T\u00eb pranish\u00ebm do t\u00eb jen\u00eb edhe disa ministra e deputet\u00eb.<\/span><\/p>\n","protected":false,"gt_translate_keys":[{"key":"rendered","format":"html"}]},"excerpt":{"rendered":"<p>P\u00ebrcillet sot p\u00ebr n\u00eb banes\u00ebn e fundit kolosi i letrave shqipe, Ismail Kadare, i cili u nda nga jeta t\u00eb h\u00ebn\u00ebn n\u00eb mosh\u00ebn 88-vje\u00e7are. N\u00eb nder t\u00eb Kadares\u00eb, qeveria shpalli dy dit\u00eb zie komb\u00ebtare, 2 dhe 3 korrikun, nd\u00ebrsa n\u00eb kujtim t\u00eb shkrimtarit sot do t\u00eb mbahet nj\u00eb ceremoni zyrtare mortore dhe m\u00eb pas do [&hellip;]<\/p>\n","protected":false,"gt_translate_keys":[{"key":"rendered","format":"html"}]},"author":4,"featured_media":685444,"comment_status":"closed","ping_status":"open","sticky":false,"template":"","format":"standard","meta":{"footnotes":""},"categories":[65],"tags":[],"class_list":["post-685443","post","type-post","status-publish","format-standard","has-post-thumbnail","hentry","category-lajme"],"gt_translate_keys":[{"key":"link","format":"url"}],"_links":{"self":[{"href":"https:\/\/www.hashtag.al\/index.php\/wp-json\/wp\/v2\/posts\/685443","targetHints":{"allow":["GET"]}}],"collection":[{"href":"https:\/\/www.hashtag.al\/index.php\/wp-json\/wp\/v2\/posts"}],"about":[{"href":"https:\/\/www.hashtag.al\/index.php\/wp-json\/wp\/v2\/types\/post"}],"author":[{"embeddable":true,"href":"https:\/\/www.hashtag.al\/index.php\/wp-json\/wp\/v2\/users\/4"}],"replies":[{"embeddable":true,"href":"https:\/\/www.hashtag.al\/index.php\/wp-json\/wp\/v2\/comments?post=685443"}],"version-history":[{"count":0,"href":"https:\/\/www.hashtag.al\/index.php\/wp-json\/wp\/v2\/posts\/685443\/revisions"}],"wp:featuredmedia":[{"embeddable":true,"href":"https:\/\/www.hashtag.al\/index.php\/wp-json\/wp\/v2\/media\/685444"}],"wp:attachment":[{"href":"https:\/\/www.hashtag.al\/index.php\/wp-json\/wp\/v2\/media?parent=685443"}],"wp:term":[{"taxonomy":"category","embeddable":true,"href":"https:\/\/www.hashtag.al\/index.php\/wp-json\/wp\/v2\/categories?post=685443"},{"taxonomy":"post_tag","embeddable":true,"href":"https:\/\/www.hashtag.al\/index.php\/wp-json\/wp\/v2\/tags?post=685443"}],"curies":[{"name":"wp","href":"https:\/\/api.w.org\/{rel}","templated":true}]}}