{"id":685215,"date":"2024-07-02T09:16:49","date_gmt":"2024-07-02T07:16:49","guid":{"rendered":"https:\/\/www.hashtag.al\/?p=685215"},"modified":"2024-07-02T09:16:49","modified_gmt":"2024-07-02T07:16:49","slug":"dialogu-kosove-serbi-bislimi-e-petkovic-takohen-sot-ne-bruksel","status":"publish","type":"post","link":"https:\/\/www.hashtag.al\/index.php\/2024\/07\/02\/dialogu-kosove-serbi-bislimi-e-petkovic-takohen-sot-ne-bruksel\/","title":{"rendered":"Dialogu Kosov\u00eb-Serbi, Bislimi e Petkovi\u00e7 takohen sot n\u00eb Bruksel","gt_translate_keys":[{"key":"rendered","format":"text"}]},"content":{"rendered":"<p><img loading=\"lazy\" decoding=\"async\" class=\"size-full wp-image-685216 aligncenter\" src=\"https:\/\/www.hashtag.al\/wp-content\/uploads\/2024\/07\/unnamed-file.jpg\" alt=\"\" width=\"752\" height=\"440\" srcset=\"https:\/\/www.hashtag.al\/wp-content\/uploads\/2024\/07\/unnamed-file.jpg 752w, https:\/\/www.hashtag.al\/wp-content\/uploads\/2024\/07\/unnamed-file-300x176.jpg 300w, https:\/\/www.hashtag.al\/wp-content\/uploads\/2024\/07\/unnamed-file-250x145.jpg 250w\" sizes=\"auto, (max-width: 752px) 100vw, 752px\" \/><\/p>\n<p><span style=\"font-weight: 400; color: #000000;\">Kryenegociator\u00ebt e Kosov\u00ebs dhe t\u00eb Serbis\u00eb, Besnik Bislimi dhe Petar Petkovi\u00e7, takohen sot n\u00eb Bruksel, n\u00eb kuad\u00ebr t\u00eb dialogut p\u00ebr normalizimin e marr\u00ebdh\u00ebnieve, t\u00eb nd\u00ebrmjet\u00ebsuar nga Bashkimi Evropian.<\/span><\/p>\n<p><span style=\"font-weight: 400; color: #000000;\">Z\u00ebdh\u00ebn\u00ebsi i BE-s\u00eb, Peter Stano, paralajm\u00ebroi se n\u00eb krye t\u00eb agjend\u00ebs s\u00eb diskutimeve do t\u00eb jet\u00eb zbatimi urgjent i Marr\u00ebveshjes p\u00ebr rrug\u00ebn e normalizimit t\u00eb marr\u00ebdh\u00ebnieve.<\/span><\/p>\n<p><span style=\"font-weight: 400; color: #000000;\">Marr\u00ebveshja u arrit vitin e kaluar, por nuk u zbatua.<\/span><\/p>\n<p><span style=\"font-weight: 400; color: #000000;\">Ajo, mes tjerash, i k\u00ebrkon Kosov\u00ebs t\u2019i ofroj\u00eb nj\u00eb nivel vet\u00ebmenaxhimi komunitetit serb, nd\u00ebrsa Serbis\u00eb t\u00eb mos e pengoj\u00eb an\u00ebtar\u00ebsimin e Kosov\u00ebs n\u00eb organizata nd\u00ebrkomb\u00ebtare.<\/span><\/p>\n<p><span style=\"font-weight: 400; color: #000000;\">P\u00ebr zbatimin e saj, jav\u00ebn e kaluar n\u00eb Bruksel u thirr\u00ebn edhe kryeministri i Kosov\u00ebs, Albin Kurti, dhe presidenti i Serbis\u00eb, Aleksandar Vu\u00e7i\u00e7.<\/span><\/p>\n<p><span style=\"font-weight: 400; color: #000000;\">Por, Kurti nxori disa k\u00ebrkesa p\u00ebr vazhdimin e dialogut &#8211; p\u00ebrfshir\u00eb n\u00ebnshkrimin e marr\u00ebveshjes dhe dor\u00ebzimin e Millan Radoi\u00e7i\u00e7it &#8211; q\u00eb Vu\u00e7i\u00e7 nuk i pranoi.<\/span><\/p>\n<p><span style=\"font-weight: 400; color: #000000;\">Radoi\u00e7i\u00e7 mori p\u00ebrgjegj\u00ebsin\u00eb p\u00ebr organizimin e nj\u00eb sulmi t\u00eb armatosur n\u00eb Kosov\u00eb &#8211; shtatorin e kaluar &#8211; ku mbeti i vrar\u00eb nj\u00eb polic.<\/span><\/p>\n<p><span style=\"font-weight: 400; color: #000000;\">Ai besohet se \u00ebsht\u00eb i lir\u00eb n\u00eb Serbi.<\/span><\/p>\n<p><span style=\"font-weight: 400; color: #000000;\">Pritjet q\u00eb Bislimi dhe Petkovi\u00e7 t\u00eb dakordohen p\u00ebr ndonj\u00eb gj\u00eb, nuk jan\u00eb t\u00eb m\u00ebdha.<\/span><\/p>\n<p><span style=\"font-weight: 400; color: #000000;\">Disa runde bisedimesh mes tyre p\u00ebr ndalimin e dinarit serb n\u00eb Kosov\u00eb, p\u00ebrfunduan n\u00eb maj pa ndonj\u00eb marr\u00ebveshje.<\/span><\/p>\n<p><span style=\"font-weight: 400; color: #000000;\">Normalizimi i marr\u00ebdh\u00ebnieve mes Kosov\u00ebs dhe Serbis\u00eb \u00ebsht\u00eb kusht p\u00ebr t\u00eb dyja q\u00eb t\u00eb avancojn\u00eb n\u00eb rrug\u00ebn e integrimit evropian.<\/span><\/p>\n<p><span style=\"color: #000000;\"><span style=\"font-weight: 400;\"><span style=\"color: #ff0000;\">VINI RE:<\/span> Ky material \u00ebsht\u00eb pron\u00ebsi intelektuale e <\/span><span style=\"color: #0000ff;\"><a style=\"color: #0000ff;\" href=\"https:\/\/www.evropaelire.org\/a\/dialogu-per-normalizimin-e-marredhenieve\/33018163.html\"><span style=\"font-weight: 400;\">REL<\/span><\/a><\/span><\/span><\/p>\n","protected":false,"gt_translate_keys":[{"key":"rendered","format":"html"}]},"excerpt":{"rendered":"<p>Kryenegociator\u00ebt e Kosov\u00ebs dhe t\u00eb Serbis\u00eb, Besnik Bislimi dhe Petar Petkovi\u00e7, takohen sot n\u00eb Bruksel, n\u00eb kuad\u00ebr t\u00eb dialogut p\u00ebr normalizimin e marr\u00ebdh\u00ebnieve, t\u00eb nd\u00ebrmjet\u00ebsuar nga Bashkimi Evropian. Z\u00ebdh\u00ebn\u00ebsi i BE-s\u00eb, Peter Stano, paralajm\u00ebroi se n\u00eb krye t\u00eb agjend\u00ebs s\u00eb diskutimeve do t\u00eb jet\u00eb zbatimi urgjent i Marr\u00ebveshjes p\u00ebr rrug\u00ebn e normalizimit t\u00eb marr\u00ebdh\u00ebnieve. Marr\u00ebveshja [&hellip;]<\/p>\n","protected":false,"gt_translate_keys":[{"key":"rendered","format":"html"}]},"author":4,"featured_media":685216,"comment_status":"closed","ping_status":"open","sticky":false,"template":"","format":"standard","meta":{"footnotes":""},"categories":[149],"tags":[],"class_list":["post-685215","post","type-post","status-publish","format-standard","has-post-thumbnail","hentry","category-kosoverajon"],"gt_translate_keys":[{"key":"link","format":"url"}],"_links":{"self":[{"href":"https:\/\/www.hashtag.al\/index.php\/wp-json\/wp\/v2\/posts\/685215","targetHints":{"allow":["GET"]}}],"collection":[{"href":"https:\/\/www.hashtag.al\/index.php\/wp-json\/wp\/v2\/posts"}],"about":[{"href":"https:\/\/www.hashtag.al\/index.php\/wp-json\/wp\/v2\/types\/post"}],"author":[{"embeddable":true,"href":"https:\/\/www.hashtag.al\/index.php\/wp-json\/wp\/v2\/users\/4"}],"replies":[{"embeddable":true,"href":"https:\/\/www.hashtag.al\/index.php\/wp-json\/wp\/v2\/comments?post=685215"}],"version-history":[{"count":0,"href":"https:\/\/www.hashtag.al\/index.php\/wp-json\/wp\/v2\/posts\/685215\/revisions"}],"wp:featuredmedia":[{"embeddable":true,"href":"https:\/\/www.hashtag.al\/index.php\/wp-json\/wp\/v2\/media\/685216"}],"wp:attachment":[{"href":"https:\/\/www.hashtag.al\/index.php\/wp-json\/wp\/v2\/media?parent=685215"}],"wp:term":[{"taxonomy":"category","embeddable":true,"href":"https:\/\/www.hashtag.al\/index.php\/wp-json\/wp\/v2\/categories?post=685215"},{"taxonomy":"post_tag","embeddable":true,"href":"https:\/\/www.hashtag.al\/index.php\/wp-json\/wp\/v2\/tags?post=685215"}],"curies":[{"name":"wp","href":"https:\/\/api.w.org\/{rel}","templated":true}]}}