{"id":685208,"date":"2024-07-02T08:55:24","date_gmt":"2024-07-02T06:55:24","guid":{"rendered":"https:\/\/www.hashtag.al\/?p=685208"},"modified":"2024-07-02T08:55:24","modified_gmt":"2024-07-02T06:55:24","slug":"greqia-vijon-luften-me-flaket-pergjate-nates-6-te-plagosur","status":"publish","type":"post","link":"https:\/\/www.hashtag.al\/index.php\/2024\/07\/02\/greqia-vijon-luften-me-flaket-pergjate-nates-6-te-plagosur\/","title":{"rendered":"Greqia vijon luft\u00ebn m\u00eb flak\u00ebt p\u00ebrgjat\u00eb nat\u00ebs, 6 t\u00eb plagosur","gt_translate_keys":[{"key":"rendered","format":"text"}]},"content":{"rendered":"<p><span style=\"color: #000000;\"><a href=\"https:\/\/www.hashtag.al\/wp-content\/uploads\/2024\/07\/Screenshot-2024-07-02-083750.png\"><img loading=\"lazy\" decoding=\"async\" class=\"aligncenter size-full wp-image-685211\" src=\"https:\/\/www.hashtag.al\/wp-content\/uploads\/2024\/07\/Screenshot-2024-07-02-083750.png\" alt=\"\" width=\"1420\" height=\"755\" srcset=\"https:\/\/www.hashtag.al\/wp-content\/uploads\/2024\/07\/Screenshot-2024-07-02-083750.png 1420w, https:\/\/www.hashtag.al\/wp-content\/uploads\/2024\/07\/Screenshot-2024-07-02-083750-300x160.png 300w, https:\/\/www.hashtag.al\/wp-content\/uploads\/2024\/07\/Screenshot-2024-07-02-083750-1024x544.png 1024w, https:\/\/www.hashtag.al\/wp-content\/uploads\/2024\/07\/Screenshot-2024-07-02-083750-768x408.png 768w\" sizes=\"auto, (max-width: 1420px) 100vw, 1420px\" \/><\/a><\/span><\/p>\n<p><span style=\"color: #000000;\">Greqia po p\u00ebrballet me disa vatra zjarri. Raportohet se puna e zjarrfik\u00ebsve ka qen\u00eb tep\u00ebr e v\u00ebshtir\u00eb gjat\u00eb nat\u00ebs. Forcat e saj tok\u00ebsore u p\u00ebrballen me frontet kritike t\u00eb zjarrit.<\/span><\/p>\n<p><span style=\"color: #000000;\">Beteja e forcave zjarrfik\u00ebse vazhdon n\u00eb zjarrin q\u00eb ra m\u00ebngjesin e s\u00eb h\u00ebn\u00ebs n\u00eb zon\u00ebn e Portes Antimachia n\u00eb Kos, nd\u00ebrkoh\u00eb raportohet p\u00ebr 6 t\u00eb plagosur, raportojn\u00eb <span style=\"color: #0000ff;\"><a style=\"color: #0000ff;\" href=\"https:\/\/www.protothema.gr\/greece\/article\/1515145\/foties-olonuhtia-mahi-me-tis-floges-se-hio-kai-ko-ekkenothikan-spitia-kai-xenodoheia-exi-traumaties\/\">mediat.<\/a><\/span><\/span><\/p>\n<p><span style=\"color: #000000;\">Forcat e Zjarrfik\u00ebsve jan\u00eb forcuar m\u00eb tej dhe n\u00eb vendngjarje po operojn\u00eb 102 zjarrfik\u00ebs me 13 automjete dhe 7 grupe t\u00eb nj\u00ebsive k\u00ebmb\u00ebsore. Zjarri, sipas kosnews24.gr, shtrihet nga zona e gurores s\u00eb vjet\u00ebr deri n\u00eb Kardamen\u00eb drejtp\u00ebrs\u00ebdrejti p\u00ebrball\u00eb kalas\u00eb s\u00eb Antimakis\u00eb, nd\u00ebrsa flak\u00ebt jan\u00eb n\u00eb rrethin\u00ebn e banesave.<\/span><\/p>\n<p><span style=\"color: #000000;\">Policia njoftoi banor\u00ebt dhe vizitor\u00ebt e Kardamen\u00ebs q\u00eb t\u00eb largohen nga zona dhe t\u00eb drejtohen n\u00eb drejtim t\u00eb Antimakis\u00eb, pasi zjarri \u00ebsht\u00eb af\u00ebr fshatit. Kryetari i komun\u00ebs s\u00eb Kos, Theodosis Nikitaras, n\u00eb postimin e tij n\u00eb Facebook ka apeluar p\u00ebr ndihm\u00eb nga grupet vullnetare p\u00ebr t\u00eb ndihmuar n\u00eb shuarjen e zjarrit i cili vazhdon q\u00eb prej mesdit\u00ebs s\u00eb t\u00eb h\u00ebn\u00ebs.<\/span><\/p>\n<p><span style=\"color: #000000;\">Dy fronte jan\u00eb duke u zhvilluar n\u00eb Kios, nj\u00eb n\u00eb zon\u00ebn Koukoudotsumbos dhe tjetri n\u00eb jug t\u00eb Sidirounda, sipas politischios.gr. Pes\u00eb zjarrfik\u00ebs dhe nj\u00eb zjarrfik\u00ebs vullnetar n\u00eb pension p\u00ebsuan l\u00ebndime t\u00eb lehta dhe u d\u00ebrguan n\u00eb spital p\u00ebr ndihm\u00ebn e par\u00eb.<\/span><\/p>\n<p><span style=\"color: #000000;\">N\u00eb t\u00eb nj\u00ebjt\u00ebn koh\u00eb, autoritetet proceduan n\u00eb arrestimin e nj\u00eb shtetasi, si p\u00ebrgjegj\u00ebs p\u00ebr shkaktimin e zjarrit n\u00eb nj\u00eb zon\u00eb agro-pyjore n\u00eb Lampi t\u00eb Bashk\u00ebsis\u00eb Lokale Sidiroundas n\u00eb Kios dhe i \u00ebsht\u00eb v\u00ebn\u00eb nj\u00eb gjob\u00eb administrative prej 8,859,375 euro. Burri \u00ebsht\u00eb ndaluar dhe nes\u00ebr do t\u00eb sillet n\u00eb Prokurorin\u00eb Publike t\u00eb Kios.<\/span><\/p>\n","protected":false,"gt_translate_keys":[{"key":"rendered","format":"html"}]},"excerpt":{"rendered":"<p>Greqia po p\u00ebrballet me disa vatra zjarri. Raportohet se puna e zjarrfik\u00ebsve ka qen\u00eb tep\u00ebr e v\u00ebshtir\u00eb gjat\u00eb nat\u00ebs. Forcat e saj tok\u00ebsore u p\u00ebrballen me frontet kritike t\u00eb zjarrit. Beteja e forcave zjarrfik\u00ebse vazhdon n\u00eb zjarrin q\u00eb ra m\u00ebngjesin e s\u00eb h\u00ebn\u00ebs n\u00eb zon\u00ebn e Portes Antimachia n\u00eb Kos, nd\u00ebrkoh\u00eb raportohet p\u00ebr 6 t\u00eb [&hellip;]<\/p>\n","protected":false,"gt_translate_keys":[{"key":"rendered","format":"html"}]},"author":32,"featured_media":685211,"comment_status":"closed","ping_status":"open","sticky":false,"template":"","format":"standard","meta":{"footnotes":""},"categories":[6],"tags":[],"class_list":["post-685208","post","type-post","status-publish","format-standard","has-post-thumbnail","hentry","category-nderkombetare"],"gt_translate_keys":[{"key":"link","format":"url"}],"_links":{"self":[{"href":"https:\/\/www.hashtag.al\/index.php\/wp-json\/wp\/v2\/posts\/685208","targetHints":{"allow":["GET"]}}],"collection":[{"href":"https:\/\/www.hashtag.al\/index.php\/wp-json\/wp\/v2\/posts"}],"about":[{"href":"https:\/\/www.hashtag.al\/index.php\/wp-json\/wp\/v2\/types\/post"}],"author":[{"embeddable":true,"href":"https:\/\/www.hashtag.al\/index.php\/wp-json\/wp\/v2\/users\/32"}],"replies":[{"embeddable":true,"href":"https:\/\/www.hashtag.al\/index.php\/wp-json\/wp\/v2\/comments?post=685208"}],"version-history":[{"count":0,"href":"https:\/\/www.hashtag.al\/index.php\/wp-json\/wp\/v2\/posts\/685208\/revisions"}],"wp:featuredmedia":[{"embeddable":true,"href":"https:\/\/www.hashtag.al\/index.php\/wp-json\/wp\/v2\/media\/685211"}],"wp:attachment":[{"href":"https:\/\/www.hashtag.al\/index.php\/wp-json\/wp\/v2\/media?parent=685208"}],"wp:term":[{"taxonomy":"category","embeddable":true,"href":"https:\/\/www.hashtag.al\/index.php\/wp-json\/wp\/v2\/categories?post=685208"},{"taxonomy":"post_tag","embeddable":true,"href":"https:\/\/www.hashtag.al\/index.php\/wp-json\/wp\/v2\/tags?post=685208"}],"curies":[{"name":"wp","href":"https:\/\/api.w.org\/{rel}","templated":true}]}}