{"id":685180,"date":"2024-07-01T21:45:06","date_gmt":"2024-07-01T19:45:06","guid":{"rendered":"https:\/\/www.hashtag.al\/?p=685180"},"modified":"2024-07-01T21:45:06","modified_gmt":"2024-07-01T19:45:06","slug":"basha-nis-negociatat-per-koalicionin-garues-ne-zgjedhjet-e-2025-nuk-tregon-partite","status":"publish","type":"post","link":"https:\/\/www.hashtag.al\/index.php\/2024\/07\/01\/basha-nis-negociatat-per-koalicionin-garues-ne-zgjedhjet-e-2025-nuk-tregon-partite\/","title":{"rendered":"Basha nis negociatat p\u00ebr koalicionin garues n\u00eb zgjedhjet e 2025, nuk tregon partit\u00eb","gt_translate_keys":[{"key":"rendered","format":"text"}]},"content":{"rendered":"<p><span style=\"color: #000000;\"><a style=\"color: #000000;\" href=\"https:\/\/www.hashtag.al\/wp-content\/uploads\/2024\/07\/lulzim-basha.png\"><img loading=\"lazy\" decoding=\"async\" class=\"aligncenter size-full wp-image-685181\" src=\"https:\/\/www.hashtag.al\/wp-content\/uploads\/2024\/07\/lulzim-basha.png\" alt=\"\" width=\"957\" height=\"585\" srcset=\"https:\/\/www.hashtag.al\/wp-content\/uploads\/2024\/07\/lulzim-basha.png 957w, https:\/\/www.hashtag.al\/wp-content\/uploads\/2024\/07\/lulzim-basha-300x183.png 300w, https:\/\/www.hashtag.al\/wp-content\/uploads\/2024\/07\/lulzim-basha-768x469.png 768w\" sizes=\"auto, (max-width: 957px) 100vw, 957px\" \/><\/a><\/span><\/p>\n<p><span style=\"color: #000000;\">Lulzim Basha deklaroi n\u00eb nj\u00eb intervist\u00eb p\u00ebr Euronews Albania se grupimi q\u00eb ai drejton ka nisur negociatat p\u00ebr koalicionin me t\u00eb cilin do garohet n\u00eb zgjedhjet e 2025.<\/span><\/p>\n<p><span style=\"color: #000000;\">Ai theksoi se beteja e tyre mbetet q\u00eb logoja t\u00eb mos njolloset p\u00ebr interesa personale t\u00eb dikujt q\u00eb si\u00e7 tha \u201csot ka akuza nga sistemi i drejt\u00ebsis\u00eb dhe aleati yn\u00eb strategjik\u201d.<\/span><\/p>\n<p><span style=\"color: #000000;\">\u201c<em>Beteja jon\u00eb \u00ebsht\u00eb q\u00eb logoja t\u00eb mos njolloset me interesa personale t\u00eb dikujt q\u00eb sot ka akuza nga sistemi i drejt\u00ebsis\u00eb dhe aleati yn\u00eb strategjik. 34 vjet pas r\u00ebnies s\u00eb komunizmit n\u00ebse trajton politik\u00ebn si komb\u00ebtaren do dal\u00ebsh me k\u00ebpuc\u00eb t\u00eb kuqe, politika nuk \u00ebsht\u00eb tifozeri, ndryshe mos u qaj kot. Politika \u00ebsht\u00eb mision p\u00ebr t\u2019i sh\u00ebrbyer interesit publik dhe ne sjellim nj\u00eb ndryshim total nga ai q\u00eb ofron tregu i politik\u00eb s\u00eb vjet\u00ebr. Kur vjen puna te kodi zgjedhor, aleanca \u00ebsht\u00eb shum\u00eb m\u00eb e gjer\u00eb, q\u00ebndrojm\u00eb p\u00ebr ato q\u00eb u interesojn\u00eb qytetar\u00ebve, jemi p\u00ebr listat e hapura. Kemi nisur negociatat, aktualisht ka form\u00ebn e nj\u00eb koalicioni p\u00ebr kodin zgjedhor, por do strukturohet, shum\u00eb shpejt do shtrihet n\u00eb nj\u00eb koalicion substantiv, ku do t\u00eb merren parasysh interesat e vendit, por pa humbur identitetin si e djathta e re dhe e munguar n\u00eb vend<\/em>\u201d, tha Basha.<\/span><\/p>\n","protected":false,"gt_translate_keys":[{"key":"rendered","format":"html"}]},"excerpt":{"rendered":"<p>Lulzim Basha deklaroi n\u00eb nj\u00eb intervist\u00eb p\u00ebr Euronews Albania se grupimi q\u00eb ai drejton ka nisur negociatat p\u00ebr koalicionin me t\u00eb cilin do garohet n\u00eb zgjedhjet e 2025. Ai theksoi se beteja e tyre mbetet q\u00eb logoja t\u00eb mos njolloset p\u00ebr interesa personale t\u00eb dikujt q\u00eb si\u00e7 tha \u201csot ka akuza nga sistemi i drejt\u00ebsis\u00eb [&hellip;]<\/p>\n","protected":false,"gt_translate_keys":[{"key":"rendered","format":"html"}]},"author":32,"featured_media":685181,"comment_status":"closed","ping_status":"open","sticky":false,"template":"","format":"standard","meta":{"footnotes":""},"categories":[65,13],"tags":[],"class_list":["post-685180","post","type-post","status-publish","format-standard","has-post-thumbnail","hentry","category-lajme","category-te-fundit"],"gt_translate_keys":[{"key":"link","format":"url"}],"_links":{"self":[{"href":"https:\/\/www.hashtag.al\/index.php\/wp-json\/wp\/v2\/posts\/685180","targetHints":{"allow":["GET"]}}],"collection":[{"href":"https:\/\/www.hashtag.al\/index.php\/wp-json\/wp\/v2\/posts"}],"about":[{"href":"https:\/\/www.hashtag.al\/index.php\/wp-json\/wp\/v2\/types\/post"}],"author":[{"embeddable":true,"href":"https:\/\/www.hashtag.al\/index.php\/wp-json\/wp\/v2\/users\/32"}],"replies":[{"embeddable":true,"href":"https:\/\/www.hashtag.al\/index.php\/wp-json\/wp\/v2\/comments?post=685180"}],"version-history":[{"count":0,"href":"https:\/\/www.hashtag.al\/index.php\/wp-json\/wp\/v2\/posts\/685180\/revisions"}],"wp:featuredmedia":[{"embeddable":true,"href":"https:\/\/www.hashtag.al\/index.php\/wp-json\/wp\/v2\/media\/685181"}],"wp:attachment":[{"href":"https:\/\/www.hashtag.al\/index.php\/wp-json\/wp\/v2\/media?parent=685180"}],"wp:term":[{"taxonomy":"category","embeddable":true,"href":"https:\/\/www.hashtag.al\/index.php\/wp-json\/wp\/v2\/categories?post=685180"},{"taxonomy":"post_tag","embeddable":true,"href":"https:\/\/www.hashtag.al\/index.php\/wp-json\/wp\/v2\/tags?post=685180"}],"curies":[{"name":"wp","href":"https:\/\/api.w.org\/{rel}","templated":true}]}}