{"id":685070,"date":"2024-07-01T13:05:01","date_gmt":"2024-07-01T11:05:01","guid":{"rendered":"https:\/\/www.hashtag.al\/?p=685070"},"modified":"2024-07-01T13:05:01","modified_gmt":"2024-07-01T11:05:01","slug":"gjkko-le-ne-fuqi-arrestin-me-burg-per-astrit-avdylajn","status":"publish","type":"post","link":"https:\/\/www.hashtag.al\/index.php\/2024\/07\/01\/gjkko-le-ne-fuqi-arrestin-me-burg-per-astrit-avdylajn\/","title":{"rendered":"GJKKO l\u00eb n\u00eb fuqi &#8216;arrestin me burg&#8217; p\u00ebr Astrit Avdylajn","gt_translate_keys":[{"key":"rendered","format":"text"}]},"content":{"rendered":"<p><span style=\"color: #000000;\"><a href=\"https:\/\/www.hashtag.al\/wp-content\/uploads\/2024\/07\/1200-630-astrit-avdyli-1680613990.png\"><img loading=\"lazy\" decoding=\"async\" class=\"aligncenter size-full wp-image-685071\" src=\"https:\/\/www.hashtag.al\/wp-content\/uploads\/2024\/07\/1200-630-astrit-avdyli-1680613990.png\" alt=\"\" width=\"1200\" height=\"630\" srcset=\"https:\/\/www.hashtag.al\/wp-content\/uploads\/2024\/07\/1200-630-astrit-avdyli-1680613990.png 1200w, https:\/\/www.hashtag.al\/wp-content\/uploads\/2024\/07\/1200-630-astrit-avdyli-1680613990-300x158.png 300w, https:\/\/www.hashtag.al\/wp-content\/uploads\/2024\/07\/1200-630-astrit-avdyli-1680613990-1024x538.png 1024w, https:\/\/www.hashtag.al\/wp-content\/uploads\/2024\/07\/1200-630-astrit-avdyli-1680613990-768x403.png 768w\" sizes=\"auto, (max-width: 1200px) 100vw, 1200px\" \/><\/a><\/span><\/p>\n<p><span style=\"color: #000000;\">GJKKO la n\u00eb fuqi mas\u00ebn e siguris\u00eb \u2018arrest me burg\u2019 p\u00ebr Astrit Avdylaj.\u00a0 I k\u00ebrkuar n\u00eb kuad\u00ebr t\u00eb operacionit \u2018Revanshi\u2019 Avdylaj u arrestua t\u00eb shtun\u00ebn e 29 qershorit gjat\u00eb nj\u00eb operacioni q\u00eb forcat speciale mor\u00ebn n\u00eb vil\u00ebn e tij n\u00eb Shijak t\u00eb Durr\u00ebsit.<\/span><\/p>\n<p><span style=\"color: #000000;\">Astrit Avdyli dyshohet nga SPAK, se ka krijuar kushte p\u00ebr vrasjen e Durim Bamit duke bashk\u00ebpunuar me Arben Ndok\u00ebn. Gjithashtu SPAK thot\u00eb se Avdyli ka futur ilegalisht nga Mali i Zi nipin e tij Aldo Avdylin, duke u ndihmuar edhe nga biznesmeni Miri Bruli q\u00eb t\u00eb vinte p\u00ebr t\u00eb kryer vrasjen e Bamit me Arben M\u00ebrkurin, dhe do t\u00eb kishte alibin\u00eb q\u00eb ndodhej jasht\u00eb v\u00ebndit.<\/span><\/p>\n<p><span style=\"color: #000000;\">Rezulton sipas SPAK, se jo vet\u00ebm Emiljano Shullazi dhe Behar Bajri dispononin pajisje t\u00eb koduara n\u00eb qeli, por edhe Astrit Avdyli. P\u00ebr t\u00eb \u00ebsht\u00eb ngritur akuza e futjes s\u00eb sendeve t\u00eb ndaluara n\u00eb paraburgim kur ndodhej n\u00eb qeli p\u00ebr dosjen 339.\u00a0 Ai akuzohet gjithashtu p\u00ebr grup i strukturuar kriminal.<\/span><\/p>\n","protected":false,"gt_translate_keys":[{"key":"rendered","format":"html"}]},"excerpt":{"rendered":"<p>GJKKO la n\u00eb fuqi mas\u00ebn e siguris\u00eb \u2018arrest me burg\u2019 p\u00ebr Astrit Avdylaj.\u00a0 I k\u00ebrkuar n\u00eb kuad\u00ebr t\u00eb operacionit \u2018Revanshi\u2019 Avdylaj u arrestua t\u00eb shtun\u00ebn e 29 qershorit gjat\u00eb nj\u00eb operacioni q\u00eb forcat speciale mor\u00ebn n\u00eb vil\u00ebn e tij n\u00eb Shijak t\u00eb Durr\u00ebsit. Astrit Avdyli dyshohet nga SPAK, se ka krijuar kushte p\u00ebr vrasjen e [&hellip;]<\/p>\n","protected":false,"gt_translate_keys":[{"key":"rendered","format":"html"}]},"author":32,"featured_media":685071,"comment_status":"closed","ping_status":"open","sticky":false,"template":"","format":"standard","meta":{"footnotes":""},"categories":[65],"tags":[],"class_list":["post-685070","post","type-post","status-publish","format-standard","has-post-thumbnail","hentry","category-lajme"],"gt_translate_keys":[{"key":"link","format":"url"}],"_links":{"self":[{"href":"https:\/\/www.hashtag.al\/index.php\/wp-json\/wp\/v2\/posts\/685070","targetHints":{"allow":["GET"]}}],"collection":[{"href":"https:\/\/www.hashtag.al\/index.php\/wp-json\/wp\/v2\/posts"}],"about":[{"href":"https:\/\/www.hashtag.al\/index.php\/wp-json\/wp\/v2\/types\/post"}],"author":[{"embeddable":true,"href":"https:\/\/www.hashtag.al\/index.php\/wp-json\/wp\/v2\/users\/32"}],"replies":[{"embeddable":true,"href":"https:\/\/www.hashtag.al\/index.php\/wp-json\/wp\/v2\/comments?post=685070"}],"version-history":[{"count":0,"href":"https:\/\/www.hashtag.al\/index.php\/wp-json\/wp\/v2\/posts\/685070\/revisions"}],"wp:featuredmedia":[{"embeddable":true,"href":"https:\/\/www.hashtag.al\/index.php\/wp-json\/wp\/v2\/media\/685071"}],"wp:attachment":[{"href":"https:\/\/www.hashtag.al\/index.php\/wp-json\/wp\/v2\/media?parent=685070"}],"wp:term":[{"taxonomy":"category","embeddable":true,"href":"https:\/\/www.hashtag.al\/index.php\/wp-json\/wp\/v2\/categories?post=685070"},{"taxonomy":"post_tag","embeddable":true,"href":"https:\/\/www.hashtag.al\/index.php\/wp-json\/wp\/v2\/tags?post=685070"}],"curies":[{"name":"wp","href":"https:\/\/api.w.org\/{rel}","templated":true}]}}