{"id":684891,"date":"2024-06-30T18:12:06","date_gmt":"2024-06-30T16:12:06","guid":{"rendered":"https:\/\/www.hashtag.al\/?p=684891"},"modified":"2024-06-30T18:12:06","modified_gmt":"2024-06-30T16:12:06","slug":"e-ardhmja-e-fushates-se-biden-varet-nga-gruaja-e-tij","status":"publish","type":"post","link":"https:\/\/www.hashtag.al\/index.php\/2024\/06\/30\/e-ardhmja-e-fushates-se-biden-varet-nga-gruaja-e-tij\/","title":{"rendered":"E ardhmja e fushat\u00ebs s\u00eb Biden varet nga gruaja e tij","gt_translate_keys":[{"key":"rendered","format":"text"}]},"content":{"rendered":"<p><img loading=\"lazy\" decoding=\"async\" class=\"aligncenter size-full wp-image-684892\" src=\"https:\/\/www.hashtag.al\/wp-content\/uploads\/2024\/06\/biden.jpg\" alt=\"\" width=\"768\" height=\"432\" srcset=\"https:\/\/www.hashtag.al\/wp-content\/uploads\/2024\/06\/biden.jpg 768w, https:\/\/www.hashtag.al\/wp-content\/uploads\/2024\/06\/biden-300x169.jpg 300w\" sizes=\"auto, (max-width: 768px) 100vw, 768px\" \/><\/p>\n<p><span style=\"color: #000000;\">Presidenti amerikan Joe Biden pritet t\u00eb diskutoj\u00eb t\u00eb ardhmen e fushat\u00ebs s\u00eb tij me familjen pas nj\u00eb debati katastrofik me sfiduesin republikan Donald Trump, raportoi t\u00eb shtun\u00ebn NBC News.<\/span><\/p>\n<p><span style=\"color: #000000;\"> Rrjeti citoi burime duke th\u00ebn\u00eb se i vetmi mendim q\u00eb mund t\u00eb ndikoj\u00eb n\u00eb vendimin e Biden do jet\u00eb ai i gruas s\u00eb tij, Jill.<\/span><\/p>\n<p><span style=\"color: #000000;\">P\u00ebrballja televizive e s\u00eb enjtes theksoi shqet\u00ebsimet n\u00eb lidhje me aft\u00ebsin\u00eb e presidentit 81-vje\u00e7ar p\u00ebr postin, me paraqitjen e Biden t\u00eb p\u00ebrshkruar n\u00eb media si &#8220;jokoherente&#8221;, &#8220;penges\u00eb&#8221; dhe &#8220;e paqart\u00eb&#8221;. Demokrat\u00ebt e r\u00ebnd\u00ebsish\u00ebm dhe donator\u00ebt tani po shtyjn\u00eb n\u00eb m\u00ebnyr\u00eb aktive p\u00ebr t\u00ebrheqjen e tij nga gara, sipas raporteve t\u00eb shumta.<\/span><\/p>\n<p><span style=\"color: #000000;\">NBC citoi pes\u00eb njer\u00ebz t\u00eb njohur me k\u00ebt\u00eb \u00e7\u00ebshtje duke th\u00ebn\u00eb se Joe dhe Jill Biden do bashkoheshin me f\u00ebmij\u00ebt dhe nip\u00ebrit e tyre n\u00eb Camp David t\u00eb diel\u00ebn, si pjes\u00eb e nj\u00eb udh\u00ebtimi t\u00eb planifikuar paraprakisht.<\/span><\/p>\n<p><span style=\"color: #000000;\"> Rrjeti tha se ekziston &#8220;nj\u00eb mir\u00ebkuptim midis demokrat\u00ebve t\u00eb lart\u00eb se Biden-it duhet t&#8217;i jepet hap\u00ebsir\u00eb \u200b\u200bp\u00ebr t\u00eb p\u00ebrcaktuar hapat e ardhsh\u00ebm&#8221; dhe se &#8220;vet\u00ebm presidenti, n\u00eb k\u00ebshillim me familjen e tij, mund t\u00eb vendos\u00eb n\u00ebse do ec\u00eb p\u00ebrpara ose do e p\u00ebrfundoj\u00eb her\u00ebt fushat\u00ebn e tij&#8221;.<\/span><\/p>\n<p><span style=\"color: #000000;\">Nj\u00eb burim i tha gazet\u00ebs se vet\u00ebm dy persona e kan\u00eb fjal\u00ebn p\u00ebr k\u00ebt\u00eb \u00e7\u00ebshtje, presidenti dhe gruaja e tij. <em>\u201cKushdo q\u00eb nuk e kupton se sa thell\u00ebsisht personal dhe familjar do jet\u00eb ky vendim, nuk \u00ebsht\u00eb i vet\u00ebdijsh\u00ebm p\u00ebr gjendjen,\u201d<\/em> shtoi ai.<\/span><\/p>\n<p><span style=\"color: #000000;\">Pik\u00ebpamja u b\u00eb jehon\u00eb nga nj\u00eb tjet\u00ebr burim i NBC, duke th\u00ebn\u00eb: <em>\u201cI vetmi person q\u00eb ka ndikimin p\u00ebrfundimtar me t\u00eb \u00ebsht\u00eb zonja e par\u00eb. N\u00ebse ajo vendos se duhet t\u00eb ket\u00eb nj\u00eb ndryshim kursi, do ket\u00eb nj\u00eb ndryshim kursi\u201d.<\/em><\/span><\/p>\n<p><span style=\"color: #000000;\">Pavar\u00ebsisht se debati shihet gjer\u00ebsisht si nj\u00eb posht\u00ebrim p\u00ebr Biden, ekipi i tij ka k\u00ebmb\u00ebngulur publikisht se ai nuk ka plane t\u00eb largohet nga gara. <\/span><\/p>\n<p><span style=\"color: #000000;\">Presidenti e ka pranuar paraqitjen e tij t\u00eb dob\u00ebt kund\u00ebr Trump, duke th\u00ebn\u00eb n\u00eb nj\u00eb tubim t\u00eb premten: <em>\u201cUn\u00eb nuk debatoj aq mir\u00eb sa dikur, por di t\u00eb them t\u00eb v\u00ebrtet\u00ebn\u2026 Un\u00eb e di t\u00eb drejt\u00ebn nga e gabuara. Dhe un\u00eb di si ta b\u00ebj k\u00ebt\u00eb pun\u00eb, di si t&#8217;i b\u00ebj gj\u00ebrat. Dhe un\u00eb e di at\u00eb q\u00eb miliona amerikan\u00eb e dine\u00eb se kur rr\u00ebzohesh, ngrihesh p\u00ebrs\u00ebri.\u201d<\/em><\/span><\/p>\n","protected":false,"gt_translate_keys":[{"key":"rendered","format":"html"}]},"excerpt":{"rendered":"<p>Presidenti amerikan Joe Biden pritet t\u00eb diskutoj\u00eb t\u00eb ardhmen e fushat\u00ebs s\u00eb tij me familjen pas nj\u00eb debati katastrofik me sfiduesin republikan Donald Trump, raportoi t\u00eb shtun\u00ebn NBC News. Rrjeti citoi burime duke th\u00ebn\u00eb se i vetmi mendim q\u00eb mund t\u00eb ndikoj\u00eb n\u00eb vendimin e Biden do jet\u00eb ai i gruas s\u00eb tij, Jill. P\u00ebrballja [&hellip;]<\/p>\n","protected":false,"gt_translate_keys":[{"key":"rendered","format":"html"}]},"author":51,"featured_media":684892,"comment_status":"closed","ping_status":"open","sticky":false,"template":"","format":"standard","meta":{"footnotes":""},"categories":[53],"tags":[],"class_list":["post-684891","post","type-post","status-publish","format-standard","has-post-thumbnail","hentry","category-fast-foodi"],"gt_translate_keys":[{"key":"link","format":"url"}],"_links":{"self":[{"href":"https:\/\/www.hashtag.al\/index.php\/wp-json\/wp\/v2\/posts\/684891","targetHints":{"allow":["GET"]}}],"collection":[{"href":"https:\/\/www.hashtag.al\/index.php\/wp-json\/wp\/v2\/posts"}],"about":[{"href":"https:\/\/www.hashtag.al\/index.php\/wp-json\/wp\/v2\/types\/post"}],"author":[{"embeddable":true,"href":"https:\/\/www.hashtag.al\/index.php\/wp-json\/wp\/v2\/users\/51"}],"replies":[{"embeddable":true,"href":"https:\/\/www.hashtag.al\/index.php\/wp-json\/wp\/v2\/comments?post=684891"}],"version-history":[{"count":0,"href":"https:\/\/www.hashtag.al\/index.php\/wp-json\/wp\/v2\/posts\/684891\/revisions"}],"wp:featuredmedia":[{"embeddable":true,"href":"https:\/\/www.hashtag.al\/index.php\/wp-json\/wp\/v2\/media\/684892"}],"wp:attachment":[{"href":"https:\/\/www.hashtag.al\/index.php\/wp-json\/wp\/v2\/media?parent=684891"}],"wp:term":[{"taxonomy":"category","embeddable":true,"href":"https:\/\/www.hashtag.al\/index.php\/wp-json\/wp\/v2\/categories?post=684891"},{"taxonomy":"post_tag","embeddable":true,"href":"https:\/\/www.hashtag.al\/index.php\/wp-json\/wp\/v2\/tags?post=684891"}],"curies":[{"name":"wp","href":"https:\/\/api.w.org\/{rel}","templated":true}]}}