{"id":684250,"date":"2024-06-27T12:34:36","date_gmt":"2024-06-27T10:34:36","guid":{"rendered":"https:\/\/www.hashtag.al\/?p=684250"},"modified":"2024-06-27T12:34:36","modified_gmt":"2024-06-27T10:34:36","slug":"interpelance-me-ministren-kociu-tritan-shehu-ligji-per-abortet-con-drejt-katastrofave-sociale","status":"publish","type":"post","link":"https:\/\/www.hashtag.al\/index.php\/2024\/06\/27\/interpelance-me-ministren-kociu-tritan-shehu-ligji-per-abortet-con-drejt-katastrofave-sociale\/","title":{"rendered":"Interpelanc\u00eb me ministren Ko\u00e7iu, Tritan Shehu: Ligji p\u00ebr abortet \u00e7on drejt katastrofave sociale","gt_translate_keys":[{"key":"rendered","format":"text"}]},"content":{"rendered":"<p><img loading=\"lazy\" decoding=\"async\" class=\"size-full wp-image-684253 aligncenter\" src=\"https:\/\/www.hashtag.al\/wp-content\/uploads\/2024\/06\/tritan-shehu.jpg\" alt=\"\" width=\"672\" height=\"481\" srcset=\"https:\/\/www.hashtag.al\/wp-content\/uploads\/2024\/06\/tritan-shehu.jpg 672w, https:\/\/www.hashtag.al\/wp-content\/uploads\/2024\/06\/tritan-shehu-300x215.jpg 300w\" sizes=\"auto, (max-width: 672px) 100vw, 672px\" \/><\/p>\n<p><span style=\"font-weight: 400; color: #000000;\">Deputeti i Partis\u00eb Demokratike, Tritan Shehu i cili b\u00ebri k\u00ebrkes\u00eb p\u00ebr interpelanc\u00eb me Ministren e Sh\u00ebndet\u00ebsis\u00eb, Albana Ko\u00e7iu i \u00ebsht\u00eb drejtuar me pyetje k\u00ebsaj t\u00eb fundit.<\/span><\/p>\n<p><span style=\"font-weight: 400; color: #000000;\">Deputeti u shpreh se ligji i aborteve \u00ebsht\u00eb nj\u00eb skandal, ai i drejtohet ministres Ko\u00e7iu dhe e pyet se cili \u00ebsht\u00eb mendimi i saj p\u00ebr uterusin me qera?<\/span><\/p>\n<p><span style=\"font-weight: 400; color: #000000;\">M\u00eb tej Shehu thot\u00eb se \u2018\u2019uterusi me qera nj\u00eb form\u00eb moderne e skllav\u00ebris\u00eb s\u00eb gruas, teksa duhet patjet\u00ebr t\u00eb merren masa edhe p\u00ebr shfaqjen q\u00eb u b\u00eb n\u00eb tarrac\u00ebn e nj\u00eb institucioni totalisht n\u00eb shkelje\u2019\u2019, u shpreh Shehu.<\/span><\/p>\n<p><span style=\"color: #000000;\"><i><span style=\"font-weight: 400;\">\u2018\u2019Nd\u00ebrkoh\u00eb q\u00eb \u2018prindi 1\u2019, \u2018prindi 2\u2019 \u00ebsht\u00eb nj\u00eb goditje e cila i jepet familjes me n\u00ebn\u00eb dhe baba.<\/span><\/i><\/span><\/p>\n<p><span style=\"color: #000000;\"><i><span style=\"font-weight: 400;\">Ju nuk duhet t\u00eb mb\u00ebshtesni k\u00ebto familje artificiale t\u00eb cilat nuk mund t\u00eb krijojn\u00eb jet\u00eb\u2019\u2019,<\/span><\/i><span style=\"font-weight: 400;\"> u shpreh Sheu<\/span><\/span><\/p>\n<p><span style=\"color: #000000;\"><i><span style=\"font-weight: 400;\">\u201dZonja ministre nuk mbuloni vet\u00ebm ministrin\u00eb, \u00e7\u00ebshtjet sociale lidhen me parimet jet\u00ebsore, vlerave t\u00eb familjes. Ju si rilindje p\u00ebrgatisni opinionet dhe b\u00ebmat, strategjia juaj \u00ebsht\u00eb t\u00eb \u00e7oni k\u00ebt\u00eb vend drejt katastrofave sociale. Por dua t\u00eb sjell n\u00eb v\u00ebmendje edhe martes\u00ebn e dy grave. Dua t\u00eb di kush \u00ebsht\u00eb q\u00ebndrimi juaj dhe i qeveris\u00eb ndaj asaj q\u00eb shpaloset pa konsensus t\u00eb kryeministrit. Un\u00eb dua t\u00eb di pse jan\u00eb publikuar q\u00ebllimet dhe sponsor\u00ebt.\u00a0<\/span><\/i><\/span><\/p>\n<p><span style=\"color: #000000;\"><i><span style=\"font-weight: 400;\">Faleminderit atyre q\u00eb kan\u00eb reaguar. Ligji p\u00ebr sh\u00ebndetin riprodhues, \u00ebsht\u00eb form\u00eb e cila \u00e7on drejt katastrofave sociale. A ju kan\u00eb informuar se t\u00eb tilla metodash jan\u00eb t\u00eb d\u00ebnueshme dhe krijojn\u00eb d\u00ebme t\u00eb m\u00ebdha t\u00eb sh\u00ebndetit mendor. Ai ligj \u00ebsht\u00eb anti jete dhe anti familjes. Prindi 1, prindi2 i jep goditje familjes p\u00ebr n\u00ebn\u00eb dhe baba.\u00a0<\/span><\/i><\/span><\/p>\n<p><span style=\"color: #000000;\"><i><span style=\"font-weight: 400;\">Ato jan\u00eb familje artificiale q\u00eb nuk krijojn\u00eb jet\u00eb. K\u00ebt\u00eb interpelace ju si ministre duhet t\u00eb reagonit p\u00ebr shfaqjen q\u00eb u b\u00eb n\u00eb tarrac\u00ebn e atij institucioni q\u00eb ishte n\u00eb shkelje. Ju nxisni abortin, cili \u00ebsht\u00eb mendimi juaj p\u00ebr uterusin me qera? A doni ta ktheni vendin n\u00eb nj\u00eb ferm\u00eb uterusesh? Uterusi me qera nj\u00eb form\u00eb moderne e skllav\u00ebris\u00eb s\u00eb gruas\u2019\u2018<\/span><\/i><span style=\"font-weight: 400;\">, tha Shehu.<\/span><\/span><\/p>\n<p><span style=\"font-weight: 400; color: #000000;\">Nd\u00ebrkoh\u00eb nga ana tjet\u00ebr\u00a0 pas k\u00ebsaj deklarate te deputetit t\u00eb PD, Ministrja e Sh\u00ebndet\u00ebsis\u00eb, Albana Ko\u00e7iu, foli n\u00eb Kuvend lidhur me projektligjin p\u00ebr abortin. N\u00eb p\u00ebrgjigje t\u00eb deputetit demokrat, Tritan Shehu, i cili k\u00ebrkoi shpjegime lidhur me k\u00ebt\u00eb projektligj, q\u00eb sipas tij sjell shkat\u00ebrrimin e familjes.<\/span><\/p>\n<p><span style=\"font-weight: 400; color: #000000;\">Ko\u00e7iu theksoi se aktualisht nuk ka asnj\u00eb t\u00eb dh\u00ebn\u00eb q\u00eb numri i aborteve ka tendenc\u00eb rritjeje, nd\u00ebrsa shtoi se pas vendimit t\u00eb abortit fshihen arsye mjaft personale.<\/span><\/p>\n<p><span style=\"color: #000000;\"><i><span style=\"font-weight: 400;\">\u201cNuk ka asnj\u00eb t\u00eb dh\u00ebn\u00eb q\u00eb t\u00eb ket\u00eb rritje t\u00eb aborteve, madje sipas INSTAT shifrat jan\u00eb konstante, p\u00ebr t\u00eb mos th\u00ebn\u00eb q\u00eb disa tregues jan\u00eb n\u00eb r\u00ebnie. E v\u00ebrteta \u00ebsht\u00eb q\u00eb pas vendimit p\u00ebr nd\u00ebrprerjen e nj\u00eb shtat\u00ebzanie ka disa arsye t\u00eb cilat jan\u00eb personale dhe nuk \u00ebsht\u00eb e drejt\u00eb t\u00eb gjykohen n\u00eb t\u00eb tilla forume publike si ky\u201d, tha Ko\u00e7iu.<\/span><\/i><\/span><\/p>\n<p><span style=\"color: #000000;\"><i><span style=\"font-weight: 400;\">Nga ana tjet\u00ebr, ministrja Ko\u00e7iu theksoi se projektligji jo vet\u00ebm q\u00eb nuk e lejon, por e \u201clufton\u201d abortin selektiv.<\/span><\/i><\/span><\/p>\n<p><span style=\"color: #000000;\"><i><span style=\"font-weight: 400;\">\u201cPadyshim q\u00eb jemi t\u00eb vendosur t\u00eb luftojm\u00eb me forc\u00eb fenomenet e sh\u00ebmtuara si ajo e abortit selektiv q\u00eb \u00ebsht\u00eb nj\u00eb vep\u00ebr penale dhe nj\u00eb akti i sh\u00ebmtuar q\u00eb n\u00eb draft \u00ebsht\u00eb parashikuar ndalimi i tij\u201d, <\/span><\/i><span style=\"font-weight: 400;\">shtoi ajo.<\/span><\/span><\/p>\n<p><span style=\"font-weight: 400; color: #000000;\">Sipas Ko\u00e7iut, drafti parashikon edhe koh\u00ebn apo m\u00ebnyr\u00ebn kur procedura e abortit do t\u00eb kryhet, sikund\u00ebr parashikon edhe nd\u00ebshkimin p\u00ebr abuzuesit.<\/span><\/p>\n","protected":false,"gt_translate_keys":[{"key":"rendered","format":"html"}]},"excerpt":{"rendered":"<p>Deputeti i Partis\u00eb Demokratike, Tritan Shehu i cili b\u00ebri k\u00ebrkes\u00eb p\u00ebr interpelanc\u00eb me Ministren e Sh\u00ebndet\u00ebsis\u00eb, Albana Ko\u00e7iu i \u00ebsht\u00eb drejtuar me pyetje k\u00ebsaj t\u00eb fundit. Deputeti u shpreh se ligji i aborteve \u00ebsht\u00eb nj\u00eb skandal, ai i drejtohet ministres Ko\u00e7iu dhe e pyet se cili \u00ebsht\u00eb mendimi i saj p\u00ebr uterusin me qera? M\u00eb [&hellip;]<\/p>\n","protected":false,"gt_translate_keys":[{"key":"rendered","format":"html"}]},"author":4,"featured_media":684253,"comment_status":"closed","ping_status":"open","sticky":false,"template":"","format":"standard","meta":{"footnotes":""},"categories":[65],"tags":[],"class_list":["post-684250","post","type-post","status-publish","format-standard","has-post-thumbnail","hentry","category-lajme"],"gt_translate_keys":[{"key":"link","format":"url"}],"_links":{"self":[{"href":"https:\/\/www.hashtag.al\/index.php\/wp-json\/wp\/v2\/posts\/684250","targetHints":{"allow":["GET"]}}],"collection":[{"href":"https:\/\/www.hashtag.al\/index.php\/wp-json\/wp\/v2\/posts"}],"about":[{"href":"https:\/\/www.hashtag.al\/index.php\/wp-json\/wp\/v2\/types\/post"}],"author":[{"embeddable":true,"href":"https:\/\/www.hashtag.al\/index.php\/wp-json\/wp\/v2\/users\/4"}],"replies":[{"embeddable":true,"href":"https:\/\/www.hashtag.al\/index.php\/wp-json\/wp\/v2\/comments?post=684250"}],"version-history":[{"count":0,"href":"https:\/\/www.hashtag.al\/index.php\/wp-json\/wp\/v2\/posts\/684250\/revisions"}],"wp:featuredmedia":[{"embeddable":true,"href":"https:\/\/www.hashtag.al\/index.php\/wp-json\/wp\/v2\/media\/684253"}],"wp:attachment":[{"href":"https:\/\/www.hashtag.al\/index.php\/wp-json\/wp\/v2\/media?parent=684250"}],"wp:term":[{"taxonomy":"category","embeddable":true,"href":"https:\/\/www.hashtag.al\/index.php\/wp-json\/wp\/v2\/categories?post=684250"},{"taxonomy":"post_tag","embeddable":true,"href":"https:\/\/www.hashtag.al\/index.php\/wp-json\/wp\/v2\/tags?post=684250"}],"curies":[{"name":"wp","href":"https:\/\/api.w.org\/{rel}","templated":true}]}}