{"id":684083,"date":"2024-06-26T19:58:36","date_gmt":"2024-06-26T17:58:36","guid":{"rendered":"https:\/\/www.hashtag.al\/?p=684083"},"modified":"2024-06-26T19:58:36","modified_gmt":"2024-06-26T17:58:36","slug":"scholz-rezultati-ne-zgjedhjet-evropiane-ngjarje-drastike-nevojitet-rindertimi-i-besimit-ne-gjermani-dhe-evrope","status":"publish","type":"post","link":"https:\/\/www.hashtag.al\/index.php\/2024\/06\/26\/scholz-rezultati-ne-zgjedhjet-evropiane-ngjarje-drastike-nevojitet-rindertimi-i-besimit-ne-gjermani-dhe-evrope\/","title":{"rendered":"Scholz:  Rezultati n\u00eb zgjedhjet evropiane ngjarje drastike, nevojitet rind\u00ebrtimi i besimit n\u00eb Gjermani dhe Evrop\u00eb","gt_translate_keys":[{"key":"rendered","format":"text"}]},"content":{"rendered":"<p style=\"text-align: left;\"><span style=\"color: #000000;\"><img loading=\"lazy\" decoding=\"async\" class=\"size-full wp-image-684084 aligncenter\" src=\"https:\/\/www.hashtag.al\/wp-content\/uploads\/2024\/06\/Screenshot-2024-06-26-182532.png\" alt=\"\" width=\"943\" height=\"515\" srcset=\"https:\/\/www.hashtag.al\/wp-content\/uploads\/2024\/06\/Screenshot-2024-06-26-182532.png 943w, https:\/\/www.hashtag.al\/wp-content\/uploads\/2024\/06\/Screenshot-2024-06-26-182532-300x164.png 300w, https:\/\/www.hashtag.al\/wp-content\/uploads\/2024\/06\/Screenshot-2024-06-26-182532-768x419.png 768w\" sizes=\"auto, (max-width: 943px) 100vw, 943px\" \/><\/span><\/p>\n<p style=\"text-align: left;\"><span style=\"color: #000000;\">Kancelari gjerman Olaf Scholz e p\u00ebrshkroi rezultatin e zgjedhjeve evropiane, t\u00eb cilat soll\u00ebn forcimin e partive populiste t\u00eb krahut t\u00eb djatht\u00eb si &#8220;ngjarje drastike&#8221;. P\u00ebrpara dy samiteve t\u00eb ardhshme t\u00eb BE-s\u00eb dhe NATO-s, politikani socialdemokrat tha n\u00eb nj\u00eb deklarat\u00eb qeveritare n\u00eb Bundestag se fakti q\u00eb kaq shum\u00eb kriza kan\u00eb v\u00ebn\u00eb n\u00eb pik\u00ebpyetje nj\u00ebkoh\u00ebsisht besimin dhe ndjenj\u00ebn e siguris\u00eb, ka pasoja. Me k\u00ebt\u00eb duhet t\u00eb p\u00ebrballemi. Gjermania dhe Evropa duhet t\u00eb rifitojn\u00eb besim m\u00eb t\u00eb madh. &#8220;Ne duhet t\u00eb rind\u00ebrtojm\u00eb besimin aty ku ai mungon\u201d, tha Scholz. &#8220;Kthim n\u00eb dit\u00ebt e mira t\u00eb vjetra, t\u00eb cilat n\u00eb pjes\u00ebn m\u00eb t\u00eb madhe, nuk ishin kurr\u00eb kaq t\u00eb mira, nuk do t\u00eb ket\u00eb&#8221; P\u00ebrkundrazi, nevojitet nj\u00eb perspektiv\u00eb politike.<\/span><\/p>\n<p style=\"text-align: left;\"><span style=\"color: #000000;\"><strong>Jo gar\u00eb me populist\u00ebt<\/strong><\/span><\/p>\n<p style=\"text-align: left;\"><span style=\"color: #000000;\">Kjo nuk \u00ebsht\u00eb nj\u00eb &#8220;gar\u00eb me populist\u00ebt dhe ekstremist\u00ebt\u201d, tha kancelari. B\u00ebhet fjal\u00eb p\u00ebr gjetjen e p\u00ebrgjigjeve p\u00ebrmbajt\u00ebsore. Kancelari shprehu shqet\u00ebsimin se shum\u00eb njer\u00ebz votuan n\u00eb zgjedhjet evropiane p\u00ebr partit\u00eb q\u00eb v\u00ebn\u00eb n\u00eb dyshim BE dhe NATO-n. N\u00eb Gjermani, kjo \u00ebsht\u00eb &#8220;nj\u00eb parti q\u00eb b\u00ebn kauz\u00eb t\u00eb p\u00ebrbashk\u00ebt me propozimet e presidentit rus&#8221;. Por tre nga kat\u00ebr votues nuk i mb\u00ebshtesin as forcat populiste dhe as ato ekstremiste.<\/span><\/p>\n<p style=\"text-align: left;\"><span style=\"color: #000000;\"><strong>Kritika t\u00eb ashpra ndaj BSW dhe AfD<\/strong><\/span><\/p>\n<p style=\"text-align: left;\"><span style=\"color: #000000;\">N\u00eb fjalimin e tij, Scholz kritikoi ashp\u00ebr bojkotimin e fjalimit t\u00eb presidentit ukrainas Volodymyr Zelenski n\u00eb Bundestag dy jav\u00eb m\u00eb par\u00eb nga Aleanca Sahra Wagenknecht (BSW) dhe shumica e deputet\u00ebve t\u00eb AfD: &#8220;Kjo ishte e gabuar, ishte frikacake dhe e padenj\u00eb p\u00ebr k\u00ebt\u00eb institucion&#8221;. T\u00eb gjith\u00eb parlamentar\u00ebt e BSW dhe AfD, me p\u00ebrjashtim t\u00eb kat\u00ebr vetwve, i q\u00ebndruan larg fjalimit.<\/span><\/p>\n<p style=\"text-align: left;\"><span style=\"color: #000000;\">Scholz kund\u00ebrshtoi gjithashtu n\u00eb Bundestag kushtet e Putinit p\u00ebr nj\u00eb arm\u00ebpushim, i cili p\u00ebrfshinte heqjen dor\u00eb nga Ukraina t\u00eb Gadishullit t\u00eb Krimes\u00eb dhe shum\u00eb pjes\u00ebve t\u00eb Ukrain\u00ebs lindore. &#8220;Kushdo q\u00eb beson se &#8230; Ukraina do ta mbijetonte k\u00ebt\u00eb dhe se kjo do t\u00eb \u00e7onte n\u00eb paqe t\u00eb q\u00ebndrueshme n\u00eb Evrop\u00eb, ai duhet t\u00eb shikoj\u00eb shum\u00eb kanalin televiziv Russia Today,&#8221; tha ai. Putini vazhdon t\u00eb fokusohet plot\u00ebsisht n\u00eb luft\u00eb dhe armatim. &#8220;Askush nuk mund ta injoroj\u00eb k\u00ebt\u00eb.&#8221;<\/span><\/p>\n<p style=\"text-align: left;\"><span style=\"color: #000000;\"><strong>&#8220;Qytetar\u00ebt nuk presin grindje p\u00ebr postet&#8221;<\/strong><\/span><\/p>\n<p style=\"text-align: left;\"><span style=\"color: #000000;\">P\u00ebrsa i p\u00ebrket ndarjes s\u00eb posteve m\u00eb t\u00eb r\u00ebnd\u00ebsishme t\u00eb BE-s\u00eb pas zgjedhjeve evropiane, Scholz b\u00ebri thirrje p\u00ebr zbatim t\u00eb shpejt\u00eb t\u00eb marr\u00ebveshjes midis konservator\u00ebve, socialdemokrat\u00ebve dhe liberal\u00ebve.<\/span><\/p>\n<p style=\"text-align: left;\"><span style=\"color: #000000;\">&#8220;Ne nuk &#8220;nuk mund t\u00eb lejojm\u00eb t\u00eb zvarritemi n\u00eb k\u00ebto koh\u00eb t\u00eb v\u00ebshtira.&#8221;&#8221;Qytetar\u00ebt nuk presin grindje p\u00ebr postet, por pun\u00eb t\u00eb shpejt\u00eb&#8221;<\/span><\/p>\n<p style=\"text-align: left;\"><span style=\"color: #000000;\">Ai tha se &#8220;tri familjet politike ran\u00eb dakord q\u00eb Ursula von der Leyen e CDU t\u00eb mbetet Presidente e Komisionit dhe q\u00eb kryeministrja e qeveris\u00eb liberale t\u00eb Estonis\u00eb Kaja Kallas t\u00eb marr\u00eb postin e T\u00eb Ngarkuar\u00ebs s\u00eb BE p\u00ebr Politik\u00ebn e jashtme. President i organit t\u00eb krer\u00ebve t\u00eb shteteve dhe qeverive pritet t\u00eb zgjidhet socialdemokrati dhe ish-kreu i qeveris\u00eb portugeze, Ant\u00f3nio Costa. &#8220;K\u00ebto jan\u00eb p\u00ebr mendimin tim em\u00ebrime t\u00eb mira dhe vendime t\u00eb qarta p\u00ebr nj\u00eb t\u00eb ardhme t\u00eb mir\u00eb evropiane,&#8221; tha Scholz. Marr\u00ebveshja n\u00eb parim duhet ende t\u00eb miratohet p\u00ebrfundimisht n\u00eb samitin evropian q\u00eb fillon nes\u00ebr, shkruan <span style=\"color: #0000ff;\"><strong><a style=\"color: #0000ff;\" href=\"https:\/\/www.dw.com\/sq\/scholz-duhet-t%C3%AB-rind%C3%ABrtojm%C3%AB-besimin\/a-69484093\">DW.<\/a><\/strong><\/span><\/span><\/p>\n","protected":false,"gt_translate_keys":[{"key":"rendered","format":"html"}]},"excerpt":{"rendered":"<p>Kancelari gjerman Olaf Scholz e p\u00ebrshkroi rezultatin e zgjedhjeve evropiane, t\u00eb cilat soll\u00ebn forcimin e partive populiste t\u00eb krahut t\u00eb djatht\u00eb si &#8220;ngjarje drastike&#8221;. P\u00ebrpara dy samiteve t\u00eb ardhshme t\u00eb BE-s\u00eb dhe NATO-s, politikani socialdemokrat tha n\u00eb nj\u00eb deklarat\u00eb qeveritare n\u00eb Bundestag se fakti q\u00eb kaq shum\u00eb kriza kan\u00eb v\u00ebn\u00eb n\u00eb pik\u00ebpyetje nj\u00ebkoh\u00ebsisht besimin dhe [&hellip;]<\/p>\n","protected":false,"gt_translate_keys":[{"key":"rendered","format":"html"}]},"author":4,"featured_media":684084,"comment_status":"closed","ping_status":"open","sticky":false,"template":"","format":"standard","meta":{"footnotes":""},"categories":[6],"tags":[],"class_list":["post-684083","post","type-post","status-publish","format-standard","has-post-thumbnail","hentry","category-nderkombetare"],"gt_translate_keys":[{"key":"link","format":"url"}],"_links":{"self":[{"href":"https:\/\/www.hashtag.al\/index.php\/wp-json\/wp\/v2\/posts\/684083","targetHints":{"allow":["GET"]}}],"collection":[{"href":"https:\/\/www.hashtag.al\/index.php\/wp-json\/wp\/v2\/posts"}],"about":[{"href":"https:\/\/www.hashtag.al\/index.php\/wp-json\/wp\/v2\/types\/post"}],"author":[{"embeddable":true,"href":"https:\/\/www.hashtag.al\/index.php\/wp-json\/wp\/v2\/users\/4"}],"replies":[{"embeddable":true,"href":"https:\/\/www.hashtag.al\/index.php\/wp-json\/wp\/v2\/comments?post=684083"}],"version-history":[{"count":0,"href":"https:\/\/www.hashtag.al\/index.php\/wp-json\/wp\/v2\/posts\/684083\/revisions"}],"wp:featuredmedia":[{"embeddable":true,"href":"https:\/\/www.hashtag.al\/index.php\/wp-json\/wp\/v2\/media\/684084"}],"wp:attachment":[{"href":"https:\/\/www.hashtag.al\/index.php\/wp-json\/wp\/v2\/media?parent=684083"}],"wp:term":[{"taxonomy":"category","embeddable":true,"href":"https:\/\/www.hashtag.al\/index.php\/wp-json\/wp\/v2\/categories?post=684083"},{"taxonomy":"post_tag","embeddable":true,"href":"https:\/\/www.hashtag.al\/index.php\/wp-json\/wp\/v2\/tags?post=684083"}],"curies":[{"name":"wp","href":"https:\/\/api.w.org\/{rel}","templated":true}]}}