{"id":683963,"date":"2024-06-26T12:56:28","date_gmt":"2024-06-26T10:56:28","guid":{"rendered":"https:\/\/www.hashtag.al\/?p=683963"},"modified":"2024-06-26T12:56:28","modified_gmt":"2024-06-26T10:56:28","slug":"rusi-gazetari-i-wall-street-journal-perballet-ne-gjyq-me-akuzat-per-spiunazh","status":"publish","type":"post","link":"https:\/\/www.hashtag.al\/index.php\/2024\/06\/26\/rusi-gazetari-i-wall-street-journal-perballet-ne-gjyq-me-akuzat-per-spiunazh\/","title":{"rendered":"Rusi\/ Gazetari i Wall Street Journal p\u00ebrballet n\u00eb gjyq me akuzat p\u00ebr spiunazh","gt_translate_keys":[{"key":"rendered","format":"text"}]},"content":{"rendered":"<p><span style=\"color: #000000;\"><a href=\"https:\/\/www.hashtag.al\/wp-content\/uploads\/2024\/06\/Screenshot-2024-06-26-095906.png\"><img loading=\"lazy\" decoding=\"async\" class=\"aligncenter size-full wp-image-683964\" src=\"https:\/\/www.hashtag.al\/wp-content\/uploads\/2024\/06\/Screenshot-2024-06-26-095906.png\" alt=\"\" width=\"763\" height=\"452\" srcset=\"https:\/\/www.hashtag.al\/wp-content\/uploads\/2024\/06\/Screenshot-2024-06-26-095906.png 763w, https:\/\/www.hashtag.al\/wp-content\/uploads\/2024\/06\/Screenshot-2024-06-26-095906-300x178.png 300w\" sizes=\"auto, (max-width: 763px) 100vw, 763px\" \/><\/a><\/span><\/p>\n<p><span style=\"color: #000000;\">Gazetari amerikan Evan Gershkovich \u00ebsht\u00eb paraqitur p\u00ebr pak koh\u00eb n\u00eb nj\u00eb gjykat\u00eb ruse n\u00eb fillim t\u00eb nj\u00eb gjyqi p\u00ebr akuzat p\u00ebr spiunazh q\u00eb gazetari i mohon.<\/span><\/p>\n<p><span style=\"color: #000000;\">Gershkovich, 32 vje\u00e7, u pa t\u00eb m\u00ebrkur\u00ebn duke q\u00ebndruar n\u00eb nj\u00eb kuti qelqi, i veshur me nj\u00eb k\u00ebmish\u00eb me qaf\u00eb t\u00eb hapur dhe me krah\u00eb t\u00eb palosur.<\/span><\/p>\n<p><span style=\"color: #000000;\">Gazetari i Wall Street Journal akuzohet nga prokuror\u00ebt se ka mbledhur informacione sekrete me urdh\u00ebr t\u00eb CIA-s p\u00ebr nj\u00eb kompani q\u00eb prodhon tanke p\u00ebr luft\u00ebn e Rusis\u00eb n\u00eb Ukrain\u00eb. N\u00ebse shpallet fajtor, ai p\u00ebrballet me nj\u00eb d\u00ebnim deri n\u00eb 20 vjet.<\/span><\/p>\n<p><span style=\"color: #000000;\">Gershkovich, gazeta e tij dhe qeveria amerikane i hedhin posht\u00eb akuzat dhe thon\u00eb se ai thjesht po b\u00ebnte pun\u00ebn e tij si reporter dhe i akredituar nga ministria e jashtme e Rusis\u00eb p\u00ebr t\u00eb punuar atje, p\u00ebrcjell <span style=\"color: #0000ff;\"><a style=\"color: #0000ff;\" href=\"https:\/\/www.theguardian.com\/world\/article\/2024\/jun\/26\/evan-gershkovich-us-reporter-appears-court-closed-trial-russia\">The Guardian.<\/a><\/span><\/span><\/p>\n<p><span style=\"color: #000000;\">Ai u arrestua nd\u00ebrsa ishte n\u00eb nj\u00eb udh\u00ebtim raportimi n\u00eb Ekaterinburg n\u00eb malet Urale n\u00eb mars 2023. Arrestimi i tij tronditi gazetar\u00ebt e huaj n\u00eb Rusi, edhe pse vendi kishte miratuar ligje gjithnj\u00eb e m\u00eb represive p\u00ebr lirin\u00eb e fjal\u00ebs pas d\u00ebrgimit t\u00eb trupave n\u00eb Ukrain\u00eb.<\/span><\/p>\n<p><span style=\"color: #000000;\">Procedurat do t\u00eb zhvillohen me dyer t\u00eb mbyllura, q\u00eb do t\u00eb thot\u00eb se mediat jan\u00eb t\u00eb p\u00ebrjashtuara dhe asnj\u00eb miq, an\u00ebtar\u00eb t\u00eb familjes apo personel t\u00eb ambasad\u00ebs amerikane nuk lejohet t\u00eb hyj\u00eb p\u00ebr t\u00eb mb\u00ebshtetur Gershkovich. Marr\u00ebveshje t\u00eb tilla jan\u00eb t\u00eb zakonshme n\u00eb gjyqet p\u00ebr spiunazh ose tradhti n\u00eb Rusi.<\/span><\/p>\n<p><span style=\"color: #000000;\">N\u00eb sfondin e luft\u00ebs n\u00eb Ukrain\u00eb, Gershkovich dhe amerikan\u00ebt e tjer\u00eb t\u00eb arrestuar n\u00eb Rusi jan\u00eb kapur n\u00eb kriz\u00ebn m\u00eb t\u00eb r\u00ebnd\u00eb midis Mosk\u00ebs dhe Uashingtonit p\u00ebr m\u00eb shum\u00eb se 60 vjet.<\/span><\/p>\n<p><span style=\"color: #000000;\">Presidenti rus, Vladimir Putin, ka th\u00ebn\u00eb se \u00ebsht\u00eb i hapur ndaj ides\u00eb s\u00eb nj\u00eb shk\u00ebmbimi t\u00eb t\u00eb burgosurve q\u00eb p\u00ebrfshin Gershkovich dhe se kontaktet me Shtetet e Bashkuara kan\u00eb ndodhur, por ato duhet t\u00eb mbeten sekrete.<\/span><\/p>\n<p><span style=\"color: #000000;\">SHBA ka akuzuar Rusin\u00eb p\u00ebr kryerjen e \u201cdiplomacis\u00eb s\u00eb pengjeve\u201d.<\/span><\/p>\n<p><span style=\"color: #000000;\">Ajo ka cil\u00ebsuar Gershkovich dhe nj\u00eb amerikan tjet\u00ebr t\u00eb burgosur, Paul Whelan, si &#8220;t\u00eb arrestuar gabimisht&#8221; dhe thot\u00eb se \u00ebsht\u00eb e angazhuar p\u00ebr t&#8217;i sjell\u00eb ata n\u00eb sht\u00ebpi.<\/span><\/p>\n","protected":false,"gt_translate_keys":[{"key":"rendered","format":"html"}]},"excerpt":{"rendered":"<p>Gazetari amerikan Evan Gershkovich \u00ebsht\u00eb paraqitur p\u00ebr pak koh\u00eb n\u00eb nj\u00eb gjykat\u00eb ruse n\u00eb fillim t\u00eb nj\u00eb gjyqi p\u00ebr akuzat p\u00ebr spiunazh q\u00eb gazetari i mohon. Gershkovich, 32 vje\u00e7, u pa t\u00eb m\u00ebrkur\u00ebn duke q\u00ebndruar n\u00eb nj\u00eb kuti qelqi, i veshur me nj\u00eb k\u00ebmish\u00eb me qaf\u00eb t\u00eb hapur dhe me krah\u00eb t\u00eb palosur. Gazetari i [&hellip;]<\/p>\n","protected":false,"gt_translate_keys":[{"key":"rendered","format":"html"}]},"author":32,"featured_media":683964,"comment_status":"closed","ping_status":"open","sticky":false,"template":"","format":"standard","meta":{"footnotes":""},"categories":[6],"tags":[],"class_list":["post-683963","post","type-post","status-publish","format-standard","has-post-thumbnail","hentry","category-nderkombetare"],"gt_translate_keys":[{"key":"link","format":"url"}],"_links":{"self":[{"href":"https:\/\/www.hashtag.al\/index.php\/wp-json\/wp\/v2\/posts\/683963","targetHints":{"allow":["GET"]}}],"collection":[{"href":"https:\/\/www.hashtag.al\/index.php\/wp-json\/wp\/v2\/posts"}],"about":[{"href":"https:\/\/www.hashtag.al\/index.php\/wp-json\/wp\/v2\/types\/post"}],"author":[{"embeddable":true,"href":"https:\/\/www.hashtag.al\/index.php\/wp-json\/wp\/v2\/users\/32"}],"replies":[{"embeddable":true,"href":"https:\/\/www.hashtag.al\/index.php\/wp-json\/wp\/v2\/comments?post=683963"}],"version-history":[{"count":0,"href":"https:\/\/www.hashtag.al\/index.php\/wp-json\/wp\/v2\/posts\/683963\/revisions"}],"wp:featuredmedia":[{"embeddable":true,"href":"https:\/\/www.hashtag.al\/index.php\/wp-json\/wp\/v2\/media\/683964"}],"wp:attachment":[{"href":"https:\/\/www.hashtag.al\/index.php\/wp-json\/wp\/v2\/media?parent=683963"}],"wp:term":[{"taxonomy":"category","embeddable":true,"href":"https:\/\/www.hashtag.al\/index.php\/wp-json\/wp\/v2\/categories?post=683963"},{"taxonomy":"post_tag","embeddable":true,"href":"https:\/\/www.hashtag.al\/index.php\/wp-json\/wp\/v2\/tags?post=683963"}],"curies":[{"name":"wp","href":"https:\/\/api.w.org\/{rel}","templated":true}]}}