{"id":683512,"date":"2024-06-24T10:33:45","date_gmt":"2024-06-24T08:33:45","guid":{"rendered":"https:\/\/www.hashtag.al\/?p=683512"},"modified":"2024-06-24T10:33:45","modified_gmt":"2024-06-24T08:33:45","slug":"barcelona-ndalon-marrjen-me-qira-te-apartamenteve-nga-turiste-te-huaj","status":"publish","type":"post","link":"https:\/\/www.hashtag.al\/index.php\/2024\/06\/24\/barcelona-ndalon-marrjen-me-qira-te-apartamenteve-nga-turiste-te-huaj\/","title":{"rendered":"Barcelona ndalon marrjen me qira t\u00eb apartamenteve nga turist\u00eb t\u00eb huaj","gt_translate_keys":[{"key":"rendered","format":"text"}]},"content":{"rendered":"<p><img loading=\"lazy\" decoding=\"async\" class=\"aligncenter size-full wp-image-683514\" src=\"https:\/\/www.hashtag.al\/wp-content\/uploads\/2024\/06\/Barcelona.jpg\" alt=\"\" width=\"1160\" height=\"653\" srcset=\"https:\/\/www.hashtag.al\/wp-content\/uploads\/2024\/06\/Barcelona.jpg 1160w, https:\/\/www.hashtag.al\/wp-content\/uploads\/2024\/06\/Barcelona-300x169.jpg 300w, https:\/\/www.hashtag.al\/wp-content\/uploads\/2024\/06\/Barcelona-1024x576.jpg 1024w, https:\/\/www.hashtag.al\/wp-content\/uploads\/2024\/06\/Barcelona-768x432.jpg 768w\" sizes=\"auto, (max-width: 1160px) 100vw, 1160px\" \/><\/p>\n<p><span style=\"color: #000000;\">Barcelona, \u200b\u200bnj\u00eb destinacion kryesor spanjoll p\u00ebr pushime, njoftoi t\u00eb premten se do ndaloj\u00eb marrjen me qira t\u00eb apartamenteve p\u00ebr turist\u00ebt deri n\u00eb vitin 2028, nj\u00eb veprim i papritur drastik teksa k\u00ebrkon t\u00eb frenoj\u00eb kostot e larta t\u00eb strehimit dhe ta b\u00ebj\u00eb qytetin t\u00eb banuesh\u00ebm p\u00ebr banor\u00ebt.<\/span><\/p>\n<p><span style=\"color: #000000;\">Kryebashkiaku i majt\u00eb i qytetit, Jaume Collboni, tha se deri n\u00eb n\u00ebntor 2028, Barcelona do heq\u00eb licencat e 10,101 apartamenteve t\u00eb miratuara tani p\u00ebr tani si qira afatshkurtra.<\/span><\/p>\n<p><span style=\"color: #000000;\"><em>\u201cNe po p\u00ebrballemi me at\u00eb q\u00eb besojm\u00eb se \u00ebsht\u00eb problemi m\u00eb i madh i Barcelon\u00ebs\u201d<\/em>, tha Collboni n\u00eb nj\u00eb tubim.<\/span><\/p>\n<p><span style=\"color: #000000;\">Bumi i qirave afatshkurtra n\u00eb Barcelon\u00eb, qyteti m\u00eb i vizituar i Spanj\u00ebs nga turist\u00ebt e huaj, do t\u00eb thot\u00eb se disa banor\u00eb nuk mund t\u00eb p\u00ebrballojn\u00eb nj\u00eb apartament pasi qirat\u00eb u rrit\u00ebn me 68% n\u00eb 10 vitet e fundit dhe kostoja e blerjes s\u00eb nj\u00eb sht\u00ebpie u rrit me 38%, tha Collboni. Qasja n\u00eb strehim \u00ebsht\u00eb b\u00ebr\u00eb nj\u00eb nxit\u00ebs i pabarazis\u00eb, ve\u00e7an\u00ebrisht p\u00ebr t\u00eb rinjt\u00eb, shtoi ai.<\/span><\/p>\n<p><span style=\"color: #000000;\">Qeverit\u00eb komb\u00ebtare shijojn\u00eb p\u00ebrfitimet ekonomike t\u00eb turizmit me Spanj\u00ebn q\u00eb renditet nd\u00ebr tre vendet m\u00eb t\u00eb vizituara n\u00eb bot\u00eb, por \u00e7mimet e\u00a0 larta n\u00eb disa vende, zbutja dhe preferenca e pronar\u00ebve p\u00ebr qirat\u00eb fitimprur\u00ebse turistike jan\u00eb gjithnj\u00eb e m\u00eb shum\u00eb nj\u00eb tem\u00eb e nxeht\u00eb n\u00eb t\u00eb gjith\u00eb Evrop\u00ebn.<\/span><\/p>\n<p><span style=\"color: #000000;\">Qeverit\u00eb lokale kan\u00eb njoftuar kufizime p\u00ebr qirat\u00eb afatshkurtra n\u00eb vende t\u00eb tilla si Ishujt Kanarie t\u00eb Spanj\u00ebs, Lisbona dhe Berlini n\u00eb dhjet\u00ebvje\u00e7arin e fundit.<\/span><\/p>\n<p><span style=\"color: #000000;\">Ministrja e Strehimit e Spanj\u00ebs, Isabel Rodriguez, tha se mb\u00ebshtet vendimin e Barcelon\u00ebs.<\/span><\/p>\n<p><span style=\"color: #000000;\"><em>&#8220;B\u00ebhet fjal\u00eb p\u00ebr t\u00eb b\u00ebr\u00eb t\u00eb gjitha p\u00ebrpjekjet e nevojshme p\u00ebr t\u00eb garantuar qasje n\u00eb strehim t\u00eb p\u00ebrballuesh\u00ebm,&#8221;<\/em> postoi ajo n\u00eb X.<\/span><\/p>\n<p><span style=\"color: #000000;\">Platforma e pushimeve me qira Airbnb, e cila pret nj\u00eb num\u00ebr t\u00eb konsideruesh\u00ebm listimesh t\u00eb Barcelon\u00ebs, nuk iu p\u00ebrgjigj menj\u00ebher\u00eb nj\u00eb k\u00ebrkese p\u00ebr koment.<\/span><\/p>\n<p><span style=\"color: #000000;\"><em>\u201cCollboni po b\u00ebn nj\u00eb gabim q\u00eb do \u00e7oj\u00eb n\u00eb varf\u00ebri m\u00eb t\u00eb lart\u00eb dhe papun\u00ebsi\u201d<\/em>, tha n\u00eb nj\u00eb deklarat\u00eb shoqata e apartamenteve turistike t\u00eb Barcelon\u00ebs APARTUR, duke shtuar se ndalimi do shkaktonte nj\u00eb rritje t\u00eb apartamenteve t\u00eb paligjshme turistike.<\/span><\/p>\n<p><span style=\"color: #000000;\">Hotelet do p\u00ebrfitojn\u00eb nga l\u00ebvizja. Hapja e hoteleve t\u00eb reja n\u00eb zonat m\u00eb t\u00eb njohura t\u00eb qytetit u ndalua nga nj\u00eb parti e ekstremit t\u00eb majt\u00eb q\u00eb qeveriste Barcelon\u00ebn midis 2015 dhe 2023, por Collboni ka sinjalizuar se mund t\u00eb leht\u00ebsonte kufizimin.<\/span><\/p>\n<p><span style=\"color: #000000;\">Shoqata e hoteleve t\u00eb Barcelon\u00ebs nuk pranoi t\u00eb komentoj\u00eb mbi njoftimin e s\u00eb premtes.<\/span><\/p>\n<p><span style=\"color: #000000;\"><em>&#8220;Ato 10,000 apartamente do p\u00ebrdoren nga banor\u00ebt e qytetit ose do dalin n\u00eb treg me qira ose shitje,&#8221;<\/em> tha Collboni p\u00ebr mas\u00ebn.<\/span><\/p>\n<p><span style=\"color: #000000;\">Qeveria lokale e Barcelon\u00ebs tha n\u00eb nj\u00eb deklarat\u00eb se do ruaj\u00eb regjimin e saj &#8220;t\u00eb fort\u00eb&#8221; t\u00eb inspektimit p\u00ebr t\u00eb zbuluar apartamente t\u00eb mundshme turistike t\u00eb paligjshme pasi ndalimi t\u00eb hyj\u00eb n\u00eb fuqi.<\/span><\/p>\n<p><span style=\"color: #000000;\">Vitet e fundit n\u00eb qytet nuk \u00ebsht\u00eb lejuar asnj\u00eb apartament i ri turistik. Qeveria vendore ka urdh\u00ebruar mbylljen e 9,700 apartamenteve turistike t\u00eb paligjshme q\u00eb nga viti 2016 dhe af\u00ebr 3,500 apartamente jan\u00eb rikuperuar p\u00ebr t&#8217;u p\u00ebrdorur si banesa kryesore p\u00ebr banor\u00ebt vendas, tha ai.<\/span><\/p>\n","protected":false,"gt_translate_keys":[{"key":"rendered","format":"html"}]},"excerpt":{"rendered":"<p>Barcelona, \u200b\u200bnj\u00eb destinacion kryesor spanjoll p\u00ebr pushime, njoftoi t\u00eb premten se do ndaloj\u00eb marrjen me qira t\u00eb apartamenteve p\u00ebr turist\u00ebt deri n\u00eb vitin 2028, nj\u00eb veprim i papritur drastik teksa k\u00ebrkon t\u00eb frenoj\u00eb kostot e larta t\u00eb strehimit dhe ta b\u00ebj\u00eb qytetin t\u00eb banuesh\u00ebm p\u00ebr banor\u00ebt. Kryebashkiaku i majt\u00eb i qytetit, Jaume Collboni, tha se [&hellip;]<\/p>\n","protected":false,"gt_translate_keys":[{"key":"rendered","format":"html"}]},"author":51,"featured_media":683514,"comment_status":"closed","ping_status":"open","sticky":false,"template":"","format":"standard","meta":{"footnotes":""},"categories":[53],"tags":[],"class_list":["post-683512","post","type-post","status-publish","format-standard","has-post-thumbnail","hentry","category-fast-foodi"],"gt_translate_keys":[{"key":"link","format":"url"}],"_links":{"self":[{"href":"https:\/\/www.hashtag.al\/index.php\/wp-json\/wp\/v2\/posts\/683512","targetHints":{"allow":["GET"]}}],"collection":[{"href":"https:\/\/www.hashtag.al\/index.php\/wp-json\/wp\/v2\/posts"}],"about":[{"href":"https:\/\/www.hashtag.al\/index.php\/wp-json\/wp\/v2\/types\/post"}],"author":[{"embeddable":true,"href":"https:\/\/www.hashtag.al\/index.php\/wp-json\/wp\/v2\/users\/51"}],"replies":[{"embeddable":true,"href":"https:\/\/www.hashtag.al\/index.php\/wp-json\/wp\/v2\/comments?post=683512"}],"version-history":[{"count":0,"href":"https:\/\/www.hashtag.al\/index.php\/wp-json\/wp\/v2\/posts\/683512\/revisions"}],"wp:featuredmedia":[{"embeddable":true,"href":"https:\/\/www.hashtag.al\/index.php\/wp-json\/wp\/v2\/media\/683514"}],"wp:attachment":[{"href":"https:\/\/www.hashtag.al\/index.php\/wp-json\/wp\/v2\/media?parent=683512"}],"wp:term":[{"taxonomy":"category","embeddable":true,"href":"https:\/\/www.hashtag.al\/index.php\/wp-json\/wp\/v2\/categories?post=683512"},{"taxonomy":"post_tag","embeddable":true,"href":"https:\/\/www.hashtag.al\/index.php\/wp-json\/wp\/v2\/tags?post=683512"}],"curies":[{"name":"wp","href":"https:\/\/api.w.org\/{rel}","templated":true}]}}