{"id":683510,"date":"2024-06-24T10:32:42","date_gmt":"2024-06-24T08:32:42","guid":{"rendered":"https:\/\/www.hashtag.al\/?p=683510"},"modified":"2024-06-24T10:32:42","modified_gmt":"2024-06-24T08:32:42","slug":"borrell-paralajmeron-lufta-ne-lindjen-e-mesme-ne-prag-te-zgjerimit","status":"publish","type":"post","link":"https:\/\/www.hashtag.al\/index.php\/2024\/06\/24\/borrell-paralajmeron-lufta-ne-lindjen-e-mesme-ne-prag-te-zgjerimit\/","title":{"rendered":"Borrell paralajm\u00ebron: Lufta n\u00eb Lindjen e Mesme n\u00eb prag t\u00eb zgjerimit","gt_translate_keys":[{"key":"rendered","format":"text"}]},"content":{"rendered":"<p><img loading=\"lazy\" decoding=\"async\" class=\"size-full wp-image-683511 aligncenter\" src=\"https:\/\/www.hashtag.al\/wp-content\/uploads\/2024\/06\/AP24115281891131-640x400-1.jpg\" alt=\"\" width=\"640\" height=\"400\" srcset=\"https:\/\/www.hashtag.al\/wp-content\/uploads\/2024\/06\/AP24115281891131-640x400-1.jpg 640w, https:\/\/www.hashtag.al\/wp-content\/uploads\/2024\/06\/AP24115281891131-640x400-1-300x188.jpg 300w\" sizes=\"auto, (max-width: 640px) 100vw, 640px\" \/><\/p>\n<p><span style=\"font-weight: 400; color: #000000;\">Shefi i politik\u00ebs s\u00eb jashtme evropiane, Josep Borrell thot\u00eb se Lindja e Mesme \u00ebsht\u00eb af\u00ebr t\u00eb shoh\u00eb zgjerimin e konfliktit n\u00eb Liban, vet\u00ebm disa dit\u00eb pasi Hezbollahu i Libanit i mb\u00ebshtetur nga Irani k\u00ebrc\u00ebnoi Qipron an\u00ebtare t\u00eb BE-s\u00eb.<\/span><\/p>\n<p><span style=\"color: #000000;\"><i><span style=\"font-weight: 400;\">\u201cRreziku q\u00eb kjo luft\u00eb t\u00eb prek\u00eb jugun e Libanit dhe t\u00eb p\u00ebrhapet \u00ebsht\u00eb \u00e7do dit\u00eb m\u00eb e madhe\u201d, <\/span><\/i><span style=\"font-weight: 400;\">u thot\u00eb Borrell gazetar\u00ebve p\u00ebrpara nj\u00eb takimi t\u00eb ministrave t\u00eb jasht\u00ebm n\u00eb Luksemburg.<\/span><i><span style=\"font-weight: 400;\"> &#8220;<\/span><\/i><span style=\"font-weight: 400;\">Jemi n\u00eb prag t\u00eb zgjerimit t\u00eb luft\u00ebs.&#8221;<\/span><\/span><\/p>\n<p><span style=\"color: #000000;\"><span style=\"font-weight: 400;\"><span style=\"color: #ff0000;\">VINI RE:<\/span> Ky material \u00ebsht\u00eb pron\u00ebsi intelektuale e <\/span><span style=\"color: #0000ff;\"><a style=\"color: #0000ff;\" href=\"https:\/\/www.timesofisrael.com\/liveblog_entry\/eus-borrell-warns-war-in-middle-east-on-the-brink-of-expanding\/#:~:text=European%20foreign%20policy%20chief%20Josep,Hezbollah%20threatened%20EU%20member%20Cyprus.\"><span style=\"font-weight: 400;\">The time of Israel<\/span><\/a><\/span><\/span><\/p>\n","protected":false,"gt_translate_keys":[{"key":"rendered","format":"html"}]},"excerpt":{"rendered":"<p>Shefi i politik\u00ebs s\u00eb jashtme evropiane, Josep Borrell thot\u00eb se Lindja e Mesme \u00ebsht\u00eb af\u00ebr t\u00eb shoh\u00eb zgjerimin e konfliktit n\u00eb Liban, vet\u00ebm disa dit\u00eb pasi Hezbollahu i Libanit i mb\u00ebshtetur nga Irani k\u00ebrc\u00ebnoi Qipron an\u00ebtare t\u00eb BE-s\u00eb. \u201cRreziku q\u00eb kjo luft\u00eb t\u00eb prek\u00eb jugun e Libanit dhe t\u00eb p\u00ebrhapet \u00ebsht\u00eb \u00e7do dit\u00eb m\u00eb e [&hellip;]<\/p>\n","protected":false,"gt_translate_keys":[{"key":"rendered","format":"html"}]},"author":4,"featured_media":683511,"comment_status":"closed","ping_status":"open","sticky":false,"template":"","format":"standard","meta":{"footnotes":""},"categories":[6],"tags":[],"class_list":["post-683510","post","type-post","status-publish","format-standard","has-post-thumbnail","hentry","category-nderkombetare"],"gt_translate_keys":[{"key":"link","format":"url"}],"_links":{"self":[{"href":"https:\/\/www.hashtag.al\/index.php\/wp-json\/wp\/v2\/posts\/683510","targetHints":{"allow":["GET"]}}],"collection":[{"href":"https:\/\/www.hashtag.al\/index.php\/wp-json\/wp\/v2\/posts"}],"about":[{"href":"https:\/\/www.hashtag.al\/index.php\/wp-json\/wp\/v2\/types\/post"}],"author":[{"embeddable":true,"href":"https:\/\/www.hashtag.al\/index.php\/wp-json\/wp\/v2\/users\/4"}],"replies":[{"embeddable":true,"href":"https:\/\/www.hashtag.al\/index.php\/wp-json\/wp\/v2\/comments?post=683510"}],"version-history":[{"count":0,"href":"https:\/\/www.hashtag.al\/index.php\/wp-json\/wp\/v2\/posts\/683510\/revisions"}],"wp:featuredmedia":[{"embeddable":true,"href":"https:\/\/www.hashtag.al\/index.php\/wp-json\/wp\/v2\/media\/683511"}],"wp:attachment":[{"href":"https:\/\/www.hashtag.al\/index.php\/wp-json\/wp\/v2\/media?parent=683510"}],"wp:term":[{"taxonomy":"category","embeddable":true,"href":"https:\/\/www.hashtag.al\/index.php\/wp-json\/wp\/v2\/categories?post=683510"},{"taxonomy":"post_tag","embeddable":true,"href":"https:\/\/www.hashtag.al\/index.php\/wp-json\/wp\/v2\/tags?post=683510"}],"curies":[{"name":"wp","href":"https:\/\/api.w.org\/{rel}","templated":true}]}}