{"id":683290,"date":"2024-06-22T19:01:27","date_gmt":"2024-06-22T17:01:27","guid":{"rendered":"https:\/\/www.hashtag.al\/?p=683290"},"modified":"2024-06-22T19:01:27","modified_gmt":"2024-06-22T17:01:27","slug":"lufta-hibride-e-rusise-hap-nje-front-te-dyte-ne-kufirin-lindor-te-nato-s","status":"publish","type":"post","link":"https:\/\/www.hashtag.al\/index.php\/2024\/06\/22\/lufta-hibride-e-rusise-hap-nje-front-te-dyte-ne-kufirin-lindor-te-nato-s\/","title":{"rendered":"Lufta hibride e Rusis\u00eb hap nj\u00eb front t\u00eb dyt\u00eb n\u00eb kufirin lindor t\u00eb NATO-s","gt_translate_keys":[{"key":"rendered","format":"text"}]},"content":{"rendered":"<div id=\"attachment_683291\" style=\"width: 1210px\" class=\"wp-caption aligncenter\"><img loading=\"lazy\" decoding=\"async\" aria-describedby=\"caption-attachment-683291\" class=\"size-full wp-image-683291\" src=\"https:\/\/www.hashtag.al\/wp-content\/uploads\/2024\/06\/putin1.jpg\" alt=\"\" width=\"1200\" height=\"801\" srcset=\"https:\/\/www.hashtag.al\/wp-content\/uploads\/2024\/06\/putin1.jpg 1200w, https:\/\/www.hashtag.al\/wp-content\/uploads\/2024\/06\/putin1-300x200.jpg 300w, https:\/\/www.hashtag.al\/wp-content\/uploads\/2024\/06\/putin1-1024x684.jpg 1024w, https:\/\/www.hashtag.al\/wp-content\/uploads\/2024\/06\/putin1-768x513.jpg 768w\" sizes=\"auto, (max-width: 1200px) 100vw, 1200px\" \/><p id=\"caption-attachment-683291\" class=\"wp-caption-text\"><em><span style=\"color: #0000ff;\">Kufiri Rusi-Estoni n\u00eb Narva ka qen\u00eb prej koh\u00ebsh nj\u00eb pik\u00eb ndezjeje p\u00ebr tensione<\/span><\/em><\/p><\/div>\n<p><span style=\"color: #000000;\">Menj\u00ebher\u00eb pas mesnate, disa burra t\u00eb maskuar t\u00eb hipur n\u00eb varka filluan t\u00eb heqin sinjalet e lundrimit portokalli n\u00eb lumin Narva q\u00eb ndan Estonin\u00eb nga Rusia &#8211; nj\u00eb rrjedh\u00eb uji q\u00eb kufizon shtrirjen e NATO-s.<\/span><\/p>\n<p><span style=\"color: #000000;\">Edhe n\u00eb fund t\u00eb dit\u00ebs \u00ebsht\u00eb muzg n\u00eb Evrop\u00ebn veriore n\u00eb fund t\u00eb majit, duke i l\u00ebn\u00eb rojet kufitare ruse q\u00eb po punonin p\u00ebr t\u00eb hequr sh\u00ebnuesit qart\u00ebsisht t\u00eb duksh\u00ebm p\u00ebr autoritetet estoneze q\u00eb v\u00ebzhgonin.<\/span><\/p>\n<p><span style=\"color: #000000;\">Pastaj p\u00ebrs\u00ebri, veprimet e Rusis\u00eb n\u00eb or\u00ebt e para t\u00eb 23 majit nuk ishin menduar domosdoshm\u00ebrisht t\u00eb kryheshin n\u00ebn mbules\u00ebn e err\u00ebsir\u00ebs; Estonia e mori at\u00eb si nj\u00eb sinjal t\u00eb qart\u00eb t\u00eb synimit p\u00ebr shtetet baltike dhe Per\u00ebndimin m\u00eb gjer\u00ebsisht.<\/span><\/p>\n<div id=\"attachment_683292\" style=\"width: 1210px\" class=\"wp-caption aligncenter\"><img loading=\"lazy\" decoding=\"async\" aria-describedby=\"caption-attachment-683292\" class=\"size-full wp-image-683292\" src=\"https:\/\/www.hashtag.al\/wp-content\/uploads\/2024\/06\/putin2.jpg\" alt=\"\" width=\"1200\" height=\"730\" srcset=\"https:\/\/www.hashtag.al\/wp-content\/uploads\/2024\/06\/putin2.jpg 1200w, https:\/\/www.hashtag.al\/wp-content\/uploads\/2024\/06\/putin2-300x183.jpg 300w, https:\/\/www.hashtag.al\/wp-content\/uploads\/2024\/06\/putin2-1024x623.jpg 1024w, https:\/\/www.hashtag.al\/wp-content\/uploads\/2024\/06\/putin2-768x467.jpg 768w\" sizes=\"auto, (max-width: 1200px) 100vw, 1200px\" \/><p id=\"caption-attachment-683292\" class=\"wp-caption-text\"><em><span style=\"color: #0000ff;\">Patrulla kufitare q\u00eb heq ndihm\u00ebset e lundrimit n\u00eb lumin Narva q\u00eb ndan Estonin\u00eb nga Rusia<\/span><\/em><\/p><\/div>\n<p><span style=\"color: #000000;\">Incidenti u katalogua si nj\u00eb n\u00eb nj\u00eb seri veprimesh q\u00eb synojn\u00eb t\u00eb provokojn\u00eb dhe destabilizojn\u00eb kombet q\u00eb ndajn\u00eb nj\u00eb kufi prej 3,550 kilometrash me Rusin\u00eb dhe aleatin e saj Bjellorusin\u00eb.<\/span><\/p>\n<p><span style=\"color: #000000;\"> N\u00eb p\u00ebrgjith\u00ebsi, duke mos pasur parasysh sulmet konvencionale q\u00eb mund t\u00eb shkaktojn\u00eb reagimin e p\u00ebrbashk\u00ebt t\u00eb NATO-s, k\u00ebto episode jan\u00eb rritur n\u00eb shpesht\u00ebsi q\u00eb kur Rusia nisi luft\u00ebn e saj n\u00eb shkall\u00eb t\u00eb plot\u00eb kund\u00ebr Ukrain\u00ebs n\u00eb fillim t\u00eb vitit 2022.<\/span><\/p>\n<p><span style=\"color: #000000;\">Kjo e v\u00ebrtet\u00eb po e kthen gjithnj\u00eb e m\u00eb shum\u00eb rajonin e Balltikut n\u00eb nj\u00eb front t\u00eb dyt\u00eb n\u00eb p\u00ebrplasjen e Per\u00ebndimit me Mosk\u00ebn.<\/span><\/p>\n<p><span style=\"color: #000000;\"><em>&#8220;Rusia tashm\u00eb po b\u00ebn dy luft\u00ebra,&#8221;<\/em> tha presidenti i Finland\u00ebs Alexander Stubb n\u00eb nj\u00eb forum t\u00eb politik\u00ebs s\u00eb jashtme n\u00eb Helsinki m\u00eb 14 qershor.<\/span><\/p>\n<p><span style=\"color: #000000;\"><em>&#8220;Nj\u00ebra \u00ebsht\u00eb nj\u00eb luft\u00eb kinetike, konvencionale n\u00eb Ukrain\u00eb. Tjetra \u00ebsht\u00eb nj\u00eb luft\u00eb hibride n\u00eb Evrop\u00eb dhe Per\u00ebndim me q\u00ebllim q\u00eb t\u00eb ndikoj\u00eb n\u00eb tonin e diskursit publik ose n\u00eb nj\u00eb far\u00eb m\u00ebnyre t\u00eb trondit\u00eb ndjenj\u00ebn ton\u00eb t\u00eb siguris\u00eb\u201d.<\/em><\/span><\/p>\n<p><img loading=\"lazy\" decoding=\"async\" class=\"aligncenter size-full wp-image-683294\" src=\"https:\/\/www.hashtag.al\/wp-content\/uploads\/2024\/06\/putin3.png\" alt=\"\" width=\"1240\" height=\"1080\" srcset=\"https:\/\/www.hashtag.al\/wp-content\/uploads\/2024\/06\/putin3.png 1240w, https:\/\/www.hashtag.al\/wp-content\/uploads\/2024\/06\/putin3-300x261.png 300w, https:\/\/www.hashtag.al\/wp-content\/uploads\/2024\/06\/putin3-1024x892.png 1024w, https:\/\/www.hashtag.al\/wp-content\/uploads\/2024\/06\/putin3-768x669.png 768w\" sizes=\"auto, (max-width: 1240px) 100vw, 1240px\" \/><\/p>\n<p><span style=\"color: #000000;\">D\u00ebrgimi i grupeve t\u00eb emigrant\u00ebve q\u00eb t\u00eb m\u00ebsyjn\u00eb kufijt\u00eb; bllokimi i sinjaleve GPS; rekrutimi i kriminel\u00ebve p\u00ebr vepra t\u00eb vogla sabotimi: ata jan\u00eb pjes\u00eb e nj\u00eb repertori n\u00eb zgjerim t\u00eb veprimeve t\u00eb cituara nga vende q\u00eb nga Finlanda, p\u00ebrmes shteteve baltike deri n\u00eb Poloni dhe m\u00eb gjer\u00eb, si t\u00eb kalibruara p\u00ebr t\u00eb shqet\u00ebsuar qytetar\u00ebt e tyre.<\/span><\/p>\n<p><span style=\"color: #000000;\">Secili komb ndan nj\u00eb histori t\u00eb trazuar marr\u00ebdh\u00ebniesh me Mosk\u00ebn dhe t\u00eb gjith\u00eb tani jan\u00eb an\u00ebtar\u00eb t\u00eb Organizat\u00ebs s\u00eb Traktatit t\u00eb Atlantikut t\u00eb Veriut (NATO). <\/span><\/p>\n<p><span style=\"color: #000000;\">Ata jan\u00eb p\u00ebrgjigjur me plane p\u00ebr t\u00eb p\u00ebrforcuar dhe p\u00ebrmir\u00ebsuar kufirin lindor p\u00ebrmes 3.5 miliard\u00eb dollar\u00ebve t\u00eb investuara dhe kan\u00eb k\u00ebrkuar q\u00eb sulmet hibride t\u00eb jen\u00eb n\u00eb rendin e dit\u00ebs n\u00eb samitin e NATO-s t\u00eb muajit t\u00eb ardhsh\u00ebm n\u00eb Uashington.<\/span><\/p>\n<p><span style=\"color: #000000;\">Ministria e Pun\u00ebve t\u00eb Jashtme ruse n\u00eb Mosk\u00eb nuk iu p\u00ebrgjigj nj\u00eb k\u00ebrkese me email p\u00ebr koment mbi veprimtarin\u00eb e saj t\u00eb m\u00ebrkur\u00ebn.<\/span><\/p>\n<p><span style=\"color: #000000;\">Vet\u00ebm n\u00eb muajt e fundit, Finlanda dhe Suedia kan\u00eb p\u00ebsuar shkelje t\u00eb hap\u00ebsir\u00ebs ajrore, aeroplan\u00eb t\u00eb shumt\u00eb tregtar\u00eb jan\u00eb penguar t\u00eb ulen n\u00eb aeroporte t\u00eb vogla p\u00ebr shkak t\u00eb nd\u00ebrhyrjes n\u00eb sistemin global t\u00eb pozicionimit, dhe Polonia ka arrestuar njer\u00ebz p\u00ebr vepra t\u00eb supozuara sabotazhi kund\u00ebr BE-s\u00eb, t\u00eb mb\u00ebshtetura nga Rusia.<\/span><\/p>\n<div id=\"attachment_683293\" style=\"width: 1210px\" class=\"wp-caption aligncenter\"><img loading=\"lazy\" decoding=\"async\" aria-describedby=\"caption-attachment-683293\" class=\"size-full wp-image-683293\" src=\"https:\/\/www.hashtag.al\/wp-content\/uploads\/2024\/06\/putin4.jpg\" alt=\"\" width=\"1200\" height=\"800\" srcset=\"https:\/\/www.hashtag.al\/wp-content\/uploads\/2024\/06\/putin4.jpg 1200w, https:\/\/www.hashtag.al\/wp-content\/uploads\/2024\/06\/putin4-300x200.jpg 300w, https:\/\/www.hashtag.al\/wp-content\/uploads\/2024\/06\/putin4-1024x683.jpg 1024w, https:\/\/www.hashtag.al\/wp-content\/uploads\/2024\/06\/putin4-768x512.jpg 768w\" sizes=\"auto, (max-width: 1200px) 100vw, 1200px\" \/><p id=\"caption-attachment-683293\" class=\"wp-caption-text\"><em><span style=\"color: #0000ff;\">Tymi i zi mbi nj\u00eb qend\u00ebr tregtare t\u00eb djegur n\u00eb Varshav\u00eb m\u00eb 15 maj. Polonia po heton aktet e sabotimit<\/span><\/em><\/p><\/div>\n<p><span style=\"color: #000000;\">V\u00ebnia n\u00eb pik\u00ebpyetje e kufijve \u00ebsht\u00eb nj\u00eb tjet\u00ebr taktik\u00eb e p\u00ebrdorur mir\u00eb, duke pasur parasysh nj\u00eb kthes\u00eb moderne.<\/span><\/p>\n<p><span style=\"color: #000000;\">Kufiri rus n\u00eb Narva ka qen\u00eb prej koh\u00ebsh nj\u00eb pik\u00eb e nxeht\u00eb p\u00ebr tensionet me Estonin\u00eb, tensione q\u00eb jan\u00eb rritur q\u00eb nga pushtimi i Ukrain\u00ebs nga Moska. K\u00ebt\u00eb vit, Kremlini kufizoi trafikun p\u00ebr kalimin e ur\u00ebs kufitare vet\u00ebm p\u00ebr k\u00ebmb\u00ebsor\u00ebt. Estonia po v\u00ebzhgon zon\u00ebn p\u00ebr l\u00ebviszjen e dron\u00ebve dhe ka vendosur tabela q\u00eb paralajm\u00ebrojn\u00eb udh\u00ebtar\u00ebt p\u00ebr p\u00ebrpjekjet e rekrutimit nga inteligjenca ruse.<\/span><\/p>\n<p><span style=\"color: #000000;\">Sipas qeveris\u00eb n\u00eb Talin, \u00ebsht\u00eb r\u00ebn\u00eb dakord tradicionalisht me Mosk\u00ebn p\u00ebr vendndodhjen e sh\u00ebnuesve t\u00eb lundrimit n\u00eb lum\u00eb p\u00ebr t\u00eb siguruar q\u00eb anijet e peshkimit dhe ato p\u00ebr arg\u00ebtim t\u00eb mos shmangen aksidentalisht n\u00eb territorin rus, por q\u00eb q\u00eb nga viti 2023, Rusia nuk ka dh\u00ebn\u00eb p\u00eblqimin e saj dhe nuk ka r\u00ebn\u00eb dakord me vendndodhjen e rreth gjysm\u00ebs s\u00eb 250 bovave t\u00eb planifikuara k\u00ebt\u00eb vit. <\/span><\/p>\n<p><span style=\"color: #000000;\">Estonia k\u00ebrkoi kthimin e sh\u00ebnuesve q\u00eb u hoq\u00ebn dhe tha se do vijonte t\u00eb vendoste m\u00eb shum\u00eb n\u00ebse Rusia nuk ofronte prova se vendndodhja e korsis\u00eb s\u00eb transportit kishte ndryshuar. \u00cbsht\u00eb ende n\u00eb pritje t\u00eb nj\u00eb p\u00ebrgjigjeje.<\/span><\/p>\n<p><span style=\"color: #000000;\">Finlanda, Estonia, Letonia, Lituania dhe Polonia kan\u00eb nj\u00eb kufi t\u00eb p\u00ebrbashk\u00ebt me Rusin\u00eb q\u00eb shtrihet n\u00eb m\u00eb shum\u00eb se 2300 kilometra; shtoni 1250 kilometrat e p\u00ebrbashk\u00ebta me Bjellorusin\u00eb, dhe kjo \u00ebsht\u00eb m\u00eb e gjat\u00eb se kufiri SHBA-Meksik\u00eb.<\/span><\/p>\n<p><span style=\"color: #000000;\">Q\u00eb nga Lufta e Ftoht\u00eb, nj\u00eb korridor 100 kilometra q\u00eb ndan Polonin\u00eb dhe Lituanin\u00eb i njohur si Hendeku Su\u00ebalki \u00ebsht\u00eb konsideruar si nj\u00eb pik\u00eb strategjike n\u00eb \u00e7do skenar lufte. I vendosur midis Bjellorusis\u00eb dhe enklav\u00ebs ruse t\u00eb armatosur r\u00ebnd\u00eb t\u00eb Kaliningradit, \u00ebsht\u00eb nj\u00eb territor q\u00eb, n\u00ebse ndahet, do nd\u00ebrpres\u00eb qasjen tok\u00ebsore t\u00eb shteteve baltike n\u00eb pjes\u00ebn tjet\u00ebr t\u00eb Evrop\u00ebs.<\/span><\/p>\n<p><span style=\"color: #000000;\">\u00cbsht\u00eb nj\u00eb cenueshm\u00ebri q\u00eb \u00ebsht\u00eb p\u00ebrdorur p\u00ebr t\u00eb tronditur e shqet\u00ebsuar Lituanin\u00eb. N\u00eb mars, presidenti i Bjellorusis\u00eb Alexander Lukashenko zbuloi nj\u00eb plan p\u00ebr t\u00eb rr\u00ebmbyer Hendekun Su\u00ebalki dhe p\u00ebr ta mbyllur at\u00eb n\u00eb Kaliningrad, n\u00eb Balltik. <\/span><\/p>\n<p><span style=\"color: #000000;\">Duke pozuar me uniform\u00eb ushtarake me nj\u00eb qen t\u00eb bardh\u00eb n\u00eb preh\u00ebr, Lukashenko u shfaq n\u00eb mediat sociale duke biseduar me komandant\u00ebt e tij t\u00eb ushtris\u00eb rreth planeve p\u00ebr rr\u00ebmbimin e tok\u00ebs s\u00eb Lituanis\u00eb dhe nj\u00eb pjese t\u00eb Polonis\u00eb veriore.<\/span><\/p>\n<div id=\"attachment_683295\" style=\"width: 1210px\" class=\"wp-caption aligncenter\"><img loading=\"lazy\" decoding=\"async\" aria-describedby=\"caption-attachment-683295\" class=\"size-full wp-image-683295\" src=\"https:\/\/www.hashtag.al\/wp-content\/uploads\/2024\/06\/putin5.jpg\" alt=\"\" width=\"1200\" height=\"785\" srcset=\"https:\/\/www.hashtag.al\/wp-content\/uploads\/2024\/06\/putin5.jpg 1200w, https:\/\/www.hashtag.al\/wp-content\/uploads\/2024\/06\/putin5-300x196.jpg 300w, https:\/\/www.hashtag.al\/wp-content\/uploads\/2024\/06\/putin5-1024x670.jpg 1024w, https:\/\/www.hashtag.al\/wp-content\/uploads\/2024\/06\/putin5-768x502.jpg 768w\" sizes=\"auto, (max-width: 1200px) 100vw, 1200px\" \/><p id=\"caption-attachment-683295\" class=\"wp-caption-text\"><em><span style=\"color: #0000ff;\">Putin dhe Lukashenko n\u00eb Pallatin e Pavar\u00ebsis\u00eb n\u00eb Minsk m\u00eb 24 maj<\/span><\/em><\/p><\/div>\n<p><span style=\"color: #000000;\">P\u00ebr ministrin e Jasht\u00ebm t\u00eb Lituanis\u00eb, Gabrielius Landsbergis, n\u00eb vend t\u00eb d\u00ebshmive t\u00eb nj\u00eb veprimtarie t\u00eb af\u00ebrt ushtarake, kjo tregon se Rusia &#8220;po p\u00ebrpiqet t\u00eb p\u00ebrhap\u00eb frik\u00eb, pasiguri dhe dyshim p\u00ebr q\u00ebllimet e saj n\u00eb Detin Baltik&#8221;.<\/span><\/p>\n<p><span style=\"color: #000000;\">Shtetet n\u00eb fqinj\u00ebsin\u00eb per\u00ebndimore t\u00eb Rusis\u00eb &#8211; dikur republika sovjetike me detyrim, an\u00ebtar\u00eb t\u00eb bllokut sovjetik ose v\u00ebzhgues t\u00eb kujdessh\u00ebm &#8211; kan\u00eb qen\u00eb prej koh\u00ebsh nd\u00ebr m\u00eb t\u00eb ashprit kur vler\u00ebsojn\u00eb synimet e Mosk\u00ebs. <\/span><\/p>\n<p><span style=\"color: #000000;\">Duke u ndjer\u00eb t\u00eb shfaj\u00ebsuar, ata i jan\u00eb p\u00ebrgjigjur luft\u00ebs n\u00eb Ukrain\u00eb duke rritur buxhetet e mbrojtjes shum\u00eb mbi objektivin 2% t\u00eb prodhimit ekonomik t\u00eb NATO-s dhe duke nd\u00ebrmarr\u00eb hapa drejt rekrutimit.<\/span><\/p>\n<p><span style=\"color: #000000;\">Rusia i ka denoncuar si provokime vendimet e Suedis\u00eb, me t\u00eb cil\u00ebn ndan nj\u00eb kufi detar, dhe t\u00eb Finland\u00ebs p\u00ebr t&#8217;u thyer dekada t\u00eb mosp\u00ebrfshirjes dhe p\u00ebr t&#8217;u b\u00ebr\u00eb an\u00ebtare e NATO-s. Shtetet baltike po presin secila grupe luftarake t\u00eb mir\u00ebarmatosura t\u00eb NATO-s, n\u00eb nj\u00eb rritje t\u00eb ndjeshme t\u00eb pranis\u00eb p\u00ebrpara t\u00eb aleanc\u00ebs ushtarake pran\u00eb kufirit t\u00eb Rusis\u00eb.<\/span><\/p>\n<p><span style=\"color: #000000;\">T\u00eb gjith\u00eb t\u00eb interesuarit duhet t\u00eb p\u00ebrballen me dezinformimin dhe t\u00eb ndikojn\u00eb n\u00eb operacione n\u00eb nivele rekord.<\/span><\/p>\n<p><span style=\"color: #000000;\">Moska i portretizon n\u00eb m\u00ebnyr\u00eb rutinore shtetet baltike si luft\u00ebnxit\u00ebse dhe rusofobe, dhe ka rekrutuar troll\u00ebt dhe botet p\u00ebr t\u00eb spamuar mediat sociale me p\u00ebrmbajtje dashakeqe, sipas sh\u00ebrbimeve t\u00eb tyre t\u00eb inteligjenc\u00ebs. <\/span><\/p>\n<p><span style=\"color: #000000;\">Aty ku gabimet gjuh\u00ebsore n\u00eb tekstet e dezinformimit p\u00ebrdoren p\u00ebr t&#8217;i b\u00ebr\u00eb ato relativisht t\u00eb lehta p\u00ebr t&#8217;u dalluar, ardhja e p\u00ebrhapur e inteligjenc\u00ebs artificiale e b\u00ebn sfid\u00ebn m\u00eb t\u00eb v\u00ebshtir\u00eb, ka paralajm\u00ebruar agjencia m\u00eb e lart\u00eb e siguris\u00eb kibernetike e Lituanis\u00eb.<\/span><\/p>\n<p><span style=\"color: #000000;\">Kremlini ka k\u00ebrkuar t\u00eb mobilizoj\u00eb pakicat rusishtfol\u00ebse n\u00eb Estoni dhe Letoni p\u00ebr t\u00eb mbjell\u00eb ndarje t\u00eb brendshme, kryesisht pa sukses, nd\u00ebrsa n\u00eb Poloni fokusi ka qen\u00eb n\u00eb nxitjen e tensioneve midis vendasve dhe numrit t\u00eb madh t\u00eb ukrainasve q\u00eb k\u00ebrkuan strehim nga lufta.<\/span><\/p>\n<p><span style=\"color: #000000;\">Forcat e armatosura t\u00eb Lituanis\u00eb nd\u00ebrhyn\u00eb me nj\u00eb mesazh n\u00eb mediat sociale p\u00ebr t\u00eb qet\u00ebsuar popullat\u00ebn n\u00eb mars &#8211; &#8220;sot nuk do ket\u00eb luft\u00eb&#8221; &#8211; pasi qytetar\u00ebve iu afruan ushtar\u00ebve n\u00eb publik dhe i pyet\u00ebn se kur do t\u00eb fillonte lufta dhe si t\u00eb p\u00ebrgatiteshin p\u00ebr t\u00eb.<\/span><\/p>\n<p><span style=\"color: #000000;\">\u00cbsht\u00eb pjes\u00eb e nj\u00eb modeli m\u00eb t\u00eb gjer\u00eb veprimesh q\u00eb synojn\u00eb t\u00eb mbjellin frik\u00eb dhe ankth, tha kryeministrja e Estonis\u00eb Kaja Kallas, e cila u vendos n\u00eb nj\u00eb list\u00eb t\u00eb k\u00ebrkuar nga Kremlini k\u00ebt\u00eb vit.<\/span><\/p>\n<p><span style=\"color: #000000;\"><em>\u201cLe t\u00eb mos biem n\u00eb grack\u00ebn e frik\u00ebsimit rus,\u201d<\/em> u tha ajo gazetar\u00ebve m\u00eb 23 maj.<\/span><\/p>\n<p><span style=\"color: #000000;\">Rusia ka p\u00ebrdorur gjithashtu teknologjin\u00eb e ul\u00ebt, duke d\u00ebrguar emigrant\u00eb n\u00eb zonat kufitare p\u00ebr t\u00eb ushtruar presion mbi kontrollin kufitar dhe p\u00ebr t\u00eb nxitur potencialisht mosmarr\u00ebveshje publike.<\/span><\/p>\n<p><span style=\"color: #000000;\"> \u00cbsht\u00eb nj\u00eb strategji q\u00eb filloi n\u00eb vitin 2015, kur dhjet\u00ebra njer\u00ebz u shfaq\u00ebn papritur n\u00eb stacionet e larg\u00ebta kufitare t\u00eb Laponis\u00eb n\u00eb Finland\u00eb dhe Norvegji, n\u00eb at\u00eb q\u00eb autoritetet finlandeze m\u00eb von\u00eb p\u00ebrcaktuan se ishte nj\u00eb prov\u00eb p\u00ebr t\u00eb vler\u00ebsuar gatishm\u00ebrin\u00eb.<\/span><\/p>\n<div id=\"attachment_683296\" style=\"width: 1210px\" class=\"wp-caption aligncenter\"><img loading=\"lazy\" decoding=\"async\" aria-describedby=\"caption-attachment-683296\" class=\"size-full wp-image-683296\" src=\"https:\/\/www.hashtag.al\/wp-content\/uploads\/2024\/06\/827851a2d31d330261d172a827ecfc9e81f73424.jpg\" alt=\"\" width=\"1200\" height=\"788\" srcset=\"https:\/\/www.hashtag.al\/wp-content\/uploads\/2024\/06\/827851a2d31d330261d172a827ecfc9e81f73424.jpg 1200w, https:\/\/www.hashtag.al\/wp-content\/uploads\/2024\/06\/827851a2d31d330261d172a827ecfc9e81f73424-300x197.jpg 300w, https:\/\/www.hashtag.al\/wp-content\/uploads\/2024\/06\/827851a2d31d330261d172a827ecfc9e81f73424-1024x672.jpg 1024w, https:\/\/www.hashtag.al\/wp-content\/uploads\/2024\/06\/827851a2d31d330261d172a827ecfc9e81f73424-768x504.jpg 768w\" sizes=\"auto, (max-width: 1200px) 100vw, 1200px\" \/><p id=\"caption-attachment-683296\" class=\"wp-caption-text\"><em><span style=\"color: #0000ff;\">Emigrant\u00eb n\u00eb kufirin finlandez-rus vitin e kaluar, disa me bi\u00e7ikleta p\u00ebr f\u00ebmij\u00eb<\/span><\/em><\/p><\/div>\n<p><span style=\"color: #000000;\">Nj\u00eb kriz\u00eb emigrimi shp\u00ebrtheu n\u00eb vitin 2021 n\u00eb nj\u00eb shkall\u00eb m\u00eb t\u00eb madhe n\u00eb Letoni, Lituani dhe Poloni, me sirian\u00eb dhe komb\u00ebsi t\u00eb tjera q\u00eb fluturuan nga Lindja e Mesme n\u00eb Bjellorusi. T\u00eb detyruar t\u00eb kthehen nga rojet kufitare, disa ngrin\u00eb p\u00ebr vdekje n\u00eb pyje.<\/span><\/p>\n<p><span style=\"color: #000000;\"> N\u00eb vjesht\u00ebn e vitit t\u00eb kaluar, emigrant\u00ebt u rishfaq\u00ebn n\u00eb kufirin finlandez-rus, grupe burrash me bi\u00e7ikleta t\u00eb rr\u00ebnuara, disa madje edhe me bi\u00e7ikleta p\u00ebr f\u00ebmij\u00eb, duke b\u00ebr\u00eb q\u00eb Helsinki t\u00eb mbyllte t\u00eb gjitha vendkalimet rrugore. Kufiri mbetet i mbyllur.<\/span><\/p>\n<p><span style=\"color: #000000;\">Pengesat p\u00ebr ndalimin e hyrjes s\u00eb emigrant\u00ebve po ngrihen n\u00eb Finland\u00eb, Letoni dhe Poloni, nd\u00ebrsa Lituania ka p\u00ebrfunduar nj\u00eb gardh prej 500 kilometrash n\u00eb kufirin e saj me Bjellorusin\u00eb. Vet\u00ebm Varshava planifikon t\u00eb investoj\u00eb rreth 2.5 miliard\u00eb dollar\u00eb n\u00eb fortifikimin e kufirit, i cili do t\u00eb mbronte vendin si nga pushtimi konvencional me tanke, ashtu edhe nga lufta kibernetike.<\/span><\/p>\n<p><span style=\"color: #000000;\">Fqinj\u00ebt evropian\u00eb t\u00eb Rusis\u00eb nga Norvegjia n\u00eb Poloni po konsiderojn\u00eb ngritjen e nj\u00eb &#8220;muri dronesh&#8221; p\u00ebr t\u00eb luftuar dron\u00ebt rus\u00eb t\u00eb v\u00ebzhgimit, p\u00ebr t\u00eb gjurmuar emigracionin dhe p\u00ebr t\u00eb penguar kontraband\u00ebn. Letonia dhe Lituania po planifikojn\u00eb t\u00eb investojn\u00eb n\u00eb &#8220;ushtrit\u00eb e dron\u00ebve&#8221; k\u00ebt\u00eb vit, si pjes\u00eb e p\u00ebrpjekjeve p\u00ebr t\u00eb rritur prodhimin e industris\u00eb vendase t\u00eb mbrojtjes, me k\u00ebt\u00eb t\u00eb fundit q\u00eb tani ofron p\u00ebr publikun kurse p\u00ebr p\u00ebrdorimin e dron\u00ebve.<\/span><\/p>\n<p><span style=\"color: #000000;\">Me kaq shum\u00eb investime, vendet e vij\u00ebs s\u00eb par\u00eb ankohen se nuk duhet t\u00eb mbajn\u00eb t\u00eb vet\u00ebm barr\u00ebn.<\/span><\/p>\n<div id=\"attachment_683297\" style=\"width: 1210px\" class=\"wp-caption aligncenter\"><img loading=\"lazy\" decoding=\"async\" aria-describedby=\"caption-attachment-683297\" class=\"size-full wp-image-683297\" src=\"https:\/\/www.hashtag.al\/wp-content\/uploads\/2024\/06\/putin7.jpg\" alt=\"\" width=\"1200\" height=\"800\" srcset=\"https:\/\/www.hashtag.al\/wp-content\/uploads\/2024\/06\/putin7.jpg 1200w, https:\/\/www.hashtag.al\/wp-content\/uploads\/2024\/06\/putin7-300x200.jpg 300w, https:\/\/www.hashtag.al\/wp-content\/uploads\/2024\/06\/putin7-1024x683.jpg 1024w, https:\/\/www.hashtag.al\/wp-content\/uploads\/2024\/06\/putin7-768x512.jpg 768w\" sizes=\"auto, (max-width: 1200px) 100vw, 1200px\" \/><p id=\"caption-attachment-683297\" class=\"wp-caption-text\"><em><span style=\"color: #0000ff;\">Nj\u00eb gardh i mbuluar me tela brisk q\u00eb kalon p\u00ebrgjat\u00eb kufirit polak me Bjellorusin\u00eb<\/span><\/em><\/p><\/div>\n<p><span style=\"color: #000000;\"><em>&#8220;Ne po b\u00ebjm\u00eb pun\u00ebn p\u00ebr t\u00eb gjith\u00eb t\u00eb tjer\u00ebt,&#8221;<\/em> tha m\u00eb 13 qershor ministri i Jasht\u00ebm estonez Margus Tsahkna.<\/span><\/p>\n<p><span style=\"color: #000000;\"><em>&#8220;Kjo duhet t\u00eb jet\u00eb nj\u00eb \u00e7\u00ebshtje e Bashkimit Evropian.&#8221;<\/em><\/span><\/p>\n<p><span style=\"color: #000000;\">Duke k\u00ebrkuar t\u00eb dob\u00ebsoj\u00eb Evrop\u00ebn dhe ta destabilizoj\u00eb at\u00eb nga brenda, Rusia po futet n\u00eb zon\u00ebn e operacioneve hibride n\u00eb m\u00ebnyr\u00eb m\u00eb aktive se kurr\u00eb, sipas nj\u00eb raporti t\u00eb 30 majit nga Qendra Evropiane e Ekselenc\u00ebs Kund\u00ebr K\u00ebrc\u00ebnimeve Hibride n\u00eb Helsinki. <\/span><\/p>\n<p><span style=\"color: #000000;\">Nd\u00ebrsa d\u00ebbimet n\u00eb shkall\u00eb t\u00eb gjer\u00eb t\u00eb operativ\u00ebve t\u00eb inteligjenc\u00ebs ruse n\u00eb t\u00eb gjith\u00eb rajonin e kan\u00eb penguar aft\u00ebsin\u00eb e saj p\u00ebr t\u00eb kryer sulme t\u00eb tilla, zyrtar\u00ebt pranojn\u00eb se ata priren t\u00eb jen\u00eb nj\u00eb hap prapa \u00e7far\u00ebdo gj\u00ebje q\u00eb do vij\u00eb nga Moska.<\/span><\/p>\n<p><span style=\"color: #000000;\">Kjo e b\u00ebn k\u00ebrc\u00ebnimin hibrid nga Rusia t\u00eb kudondodhur, sipas ministres s\u00eb Jashtme t\u00eb Finland\u00ebs, Elina Valtonen.<\/span><\/p>\n<p><span style=\"color: #000000;\"><em>&#8220;Nuk ka vij\u00eb t\u00eb par\u00eb n\u00eb k\u00ebt\u00eb,&#8221;<\/em> tha ajo.<\/span><\/p>\n<p><span style=\"color: #000000;\"><em>\u201cE gjith\u00eb Europa \u00ebsht\u00eb n\u00eb luft\u00eb tani.\u201d<\/em><\/span><\/p>\n<p><span style=\"color: #000000;\"><span style=\"color: #ff0000;\"><strong>VINI RE<\/strong><\/span>: Ky material \u00ebsht\u00eb pron\u00ebsi intelektuale e <span style=\"color: #0000ff;\"><a style=\"color: #0000ff;\" href=\"https:\/\/www.bloomberg.com\/news\/articles\/2024-06-20\/putin-s-hybrid-war-opens-second-front-on-russia-s-border-with-nato?srnd=homepage-europe&amp;embedded-checkout=true\">Bloomberg<\/a><\/span><\/span><\/p>\n<p><span style=\"color: #000000;\">P\u00ebrgatiti p\u00ebr <span style=\"color: #0000ff;\">Hashtag.al,<\/span> Klodian Manjani<\/span><\/p>\n","protected":false,"gt_translate_keys":[{"key":"rendered","format":"html"}]},"excerpt":{"rendered":"<p>Menj\u00ebher\u00eb pas mesnate, disa burra t\u00eb maskuar t\u00eb hipur n\u00eb varka filluan t\u00eb heqin sinjalet e lundrimit portokalli n\u00eb lumin Narva q\u00eb ndan Estonin\u00eb nga Rusia &#8211; nj\u00eb rrjedh\u00eb uji q\u00eb kufizon shtrirjen e NATO-s. Edhe n\u00eb fund t\u00eb dit\u00ebs \u00ebsht\u00eb muzg n\u00eb Evrop\u00ebn veriore n\u00eb fund t\u00eb majit, duke i l\u00ebn\u00eb rojet kufitare ruse [&hellip;]<\/p>\n","protected":false,"gt_translate_keys":[{"key":"rendered","format":"html"}]},"author":51,"featured_media":683291,"comment_status":"closed","ping_status":"open","sticky":false,"template":"","format":"standard","meta":{"footnotes":""},"categories":[22],"tags":[],"class_list":["post-683290","post","type-post","status-publish","format-standard","has-post-thumbnail","hentry","category-ballina"],"gt_translate_keys":[{"key":"link","format":"url"}],"_links":{"self":[{"href":"https:\/\/www.hashtag.al\/index.php\/wp-json\/wp\/v2\/posts\/683290","targetHints":{"allow":["GET"]}}],"collection":[{"href":"https:\/\/www.hashtag.al\/index.php\/wp-json\/wp\/v2\/posts"}],"about":[{"href":"https:\/\/www.hashtag.al\/index.php\/wp-json\/wp\/v2\/types\/post"}],"author":[{"embeddable":true,"href":"https:\/\/www.hashtag.al\/index.php\/wp-json\/wp\/v2\/users\/51"}],"replies":[{"embeddable":true,"href":"https:\/\/www.hashtag.al\/index.php\/wp-json\/wp\/v2\/comments?post=683290"}],"version-history":[{"count":0,"href":"https:\/\/www.hashtag.al\/index.php\/wp-json\/wp\/v2\/posts\/683290\/revisions"}],"wp:featuredmedia":[{"embeddable":true,"href":"https:\/\/www.hashtag.al\/index.php\/wp-json\/wp\/v2\/media\/683291"}],"wp:attachment":[{"href":"https:\/\/www.hashtag.al\/index.php\/wp-json\/wp\/v2\/media?parent=683290"}],"wp:term":[{"taxonomy":"category","embeddable":true,"href":"https:\/\/www.hashtag.al\/index.php\/wp-json\/wp\/v2\/categories?post=683290"},{"taxonomy":"post_tag","embeddable":true,"href":"https:\/\/www.hashtag.al\/index.php\/wp-json\/wp\/v2\/tags?post=683290"}],"curies":[{"name":"wp","href":"https:\/\/api.w.org\/{rel}","templated":true}]}}