{"id":682889,"date":"2024-06-20T14:47:26","date_gmt":"2024-06-20T12:47:26","guid":{"rendered":"https:\/\/www.hashtag.al\/?p=682889"},"modified":"2024-06-20T14:47:26","modified_gmt":"2024-06-20T12:47:26","slug":"zevendeson-stoltenberg-mark-rutte-do-jete-sekretari-i-pergjithshem-i-nato-s","status":"publish","type":"post","link":"https:\/\/www.hashtag.al\/index.php\/2024\/06\/20\/zevendeson-stoltenberg-mark-rutte-do-jete-sekretari-i-pergjithshem-i-nato-s\/","title":{"rendered":"Z\u00ebvend\u00ebson Stoltenberg, Mark Rutte do jet\u00eb Sekretari i P\u00ebrgjithsh\u00ebm i NATO-s","gt_translate_keys":[{"key":"rendered","format":"text"}]},"content":{"rendered":"<p><img loading=\"lazy\" decoding=\"async\" class=\"size-full wp-image-682890 aligncenter\" src=\"https:\/\/www.hashtag.al\/wp-content\/uploads\/2024\/06\/unnamed-file.webp\" alt=\"\" width=\"1200\" height=\"675\" srcset=\"https:\/\/www.hashtag.al\/wp-content\/uploads\/2024\/06\/unnamed-file.webp 1200w, https:\/\/www.hashtag.al\/wp-content\/uploads\/2024\/06\/unnamed-file-300x169.webp 300w, https:\/\/www.hashtag.al\/wp-content\/uploads\/2024\/06\/unnamed-file-1024x576.webp 1024w, https:\/\/www.hashtag.al\/wp-content\/uploads\/2024\/06\/unnamed-file-768x432.webp 768w\" sizes=\"auto, (max-width: 1200px) 100vw, 1200px\" \/><\/p>\n<p><span style=\"font-weight: 400; color: #000000;\">Mark Rutte, kryeministri prej koh\u00ebsh i Holand\u00ebs, duket se do t\u00eb z\u00ebvend\u00ebsoj\u00eb Jens Stoltenberg si Sekretarin e P\u00ebrgjithsh\u00ebm t\u00eb NATO-s, pasi kandidati i fundit i mbetur u t\u00ebrhoq nga gara, duke i hapur rrug\u00ebn zgjedhjes s\u00eb tij nga aleat\u00ebt.<\/span><\/p>\n<p><span style=\"font-weight: 400; color: #000000;\">Ndryshimi i lidershipit n\u00eb NATO, p\u00ebr t\u00eb cilin zyrtarisht mund t\u00eb bihet dakord n\u00eb dit\u00ebt n\u00eb vazhdim, vjen n\u00eb nj\u00eb moment delikat p\u00ebr aleanc\u00ebn ushtarake prej 32 an\u00ebtar\u00ebsh.\u00a0<\/span><\/p>\n<p><span style=\"font-weight: 400; color: #000000;\">Konsensusi p\u00ebr kandidatur\u00ebn e Rutte vjen vet\u00ebm disa jav\u00eb p\u00ebrpara se aleat\u00ebt t\u00eb mblidhen n\u00eb Uashington dhe nd\u00ebrsa aleanca p\u00ebrgatitet p\u00ebr kthimin e mundsh\u00ebm t\u00eb ish-presidentit Donald Trump. N\u00eb shkurt, Trump tha se do t\u00eb inkurajonte Rusin\u00eb t\u00eb sulmonte vendet e NATO-s dhe mund t\u00eb konsideronte largimin nga aleanca ushtarake 75-vje\u00e7are.<\/span><\/p>\n<p><span style=\"font-weight: 400; color: #000000;\">Rutte, i cili ka qen\u00eb kryeminist\u00ebr i Holand\u00ebs q\u00eb nga viti 2010, \u00ebsht\u00eb nj\u00eb veteran i politik\u00ebs s\u00eb Bashkimit Evropian q\u00eb ka p\u00ebrvoj\u00eb me shum\u00eb lider\u00eb t\u00eb vendeve t\u00eb NATO-s n\u00eb t\u00eb kaluar\u00ebn dhe t\u00eb tashmen, duke p\u00ebrfshir\u00eb Trump.<\/span><\/p>\n<p><span style=\"font-weight: 400; color: #000000;\">I njohur p\u00ebr m\u00ebnyr\u00ebn e tij t\u00eb drejtp\u00ebrdrejt\u00eb dhe qasjen pragmatike ndaj politik\u00ebs, Rutte shihej nga aleat\u00ebt si lideri i duhur p\u00ebr t\u00eb punuar potencialisht me ish-presidentin e SHBA n\u00ebse ai zgjidhej.<\/span><\/p>\n<p><span style=\"font-weight: 400; color: #000000;\">Nd\u00ebrsa disa lider\u00eb evropian\u00eb kan\u00eb shprehur kritika ndaj kandidatit t\u00eb supozuar republikan, Rutte, nd\u00ebrkoh\u00eb q\u00eb v\u00ebshtronte pun\u00ebn kryesore t\u00eb NATO-s, sinjalizoi nj\u00eb gatishm\u00ebri p\u00ebr t\u00eb punuar me t\u00eb.<\/span><\/p>\n<p><span style=\"color: #000000;\"><span style=\"font-weight: 400;\">\u00a0<\/span><i><span style=\"font-weight: 400;\">\u201cNe duhet t\u00eb ndalojm\u00eb r\u00ebnkimin, ankimin dhe bezdisjen p\u00ebr Trump\u201d,<\/span><\/i><span style=\"font-weight: 400;\"> tha ai n\u00eb Konferenc\u00ebn e Siguris\u00eb n\u00eb Mynih.<\/span><\/span><\/p>\n<p><span style=\"color: #000000;\"><i><span style=\"font-weight: 400;\">\u201cUn\u00eb nuk jam amerikan, nuk mund t\u00eb votoj n\u00eb SHBA\u201d, shtoi ai. &#8220;Ne duhet t\u00eb punojm\u00eb me k\u00ebdo q\u00eb \u00ebsht\u00eb n\u00eb pist\u00ebn e vall\u00ebzimit.&#8221;<\/span><\/i><\/span><\/p>\n<p><span style=\"font-weight: 400; color: #000000;\">Vendimi p\u00ebr Rutte vjen pas disa muajsh debati dhe diskutimi t\u00eb ngjeshur q\u00eb vuri n\u00eb pah ndarjen midis aleat\u00ebve dhe rolin n\u00eb rritje t\u00eb Hungaris\u00eb si nj\u00eb prish\u00ebs n\u00eb NATO.<\/span><\/p>\n<p><span style=\"color: #000000;\"><span style=\"font-weight: 400;\"><span style=\"color: #ff0000;\">VINI RE:<\/span> Ky material \u00ebsht\u00eb pron\u00ebsi intelektuale e <\/span><span style=\"color: #0000ff;\"><a style=\"color: #0000ff;\" href=\"https:\/\/www.washingtonpost.com\/world\/2024\/06\/20\/nato-chief-mark-rutte\/\"><span style=\"font-weight: 400;\">Washington Post<\/span><\/a><\/span><\/span><\/p>\n","protected":false,"gt_translate_keys":[{"key":"rendered","format":"html"}]},"excerpt":{"rendered":"<p>Mark Rutte, kryeministri prej koh\u00ebsh i Holand\u00ebs, duket se do t\u00eb z\u00ebvend\u00ebsoj\u00eb Jens Stoltenberg si Sekretarin e P\u00ebrgjithsh\u00ebm t\u00eb NATO-s, pasi kandidati i fundit i mbetur u t\u00ebrhoq nga gara, duke i hapur rrug\u00ebn zgjedhjes s\u00eb tij nga aleat\u00ebt. Ndryshimi i lidershipit n\u00eb NATO, p\u00ebr t\u00eb cilin zyrtarisht mund t\u00eb bihet dakord n\u00eb dit\u00ebt n\u00eb [&hellip;]<\/p>\n","protected":false,"gt_translate_keys":[{"key":"rendered","format":"html"}]},"author":4,"featured_media":682890,"comment_status":"closed","ping_status":"open","sticky":false,"template":"","format":"standard","meta":{"footnotes":""},"categories":[6],"tags":[],"class_list":["post-682889","post","type-post","status-publish","format-standard","has-post-thumbnail","hentry","category-nderkombetare"],"gt_translate_keys":[{"key":"link","format":"url"}],"_links":{"self":[{"href":"https:\/\/www.hashtag.al\/index.php\/wp-json\/wp\/v2\/posts\/682889","targetHints":{"allow":["GET"]}}],"collection":[{"href":"https:\/\/www.hashtag.al\/index.php\/wp-json\/wp\/v2\/posts"}],"about":[{"href":"https:\/\/www.hashtag.al\/index.php\/wp-json\/wp\/v2\/types\/post"}],"author":[{"embeddable":true,"href":"https:\/\/www.hashtag.al\/index.php\/wp-json\/wp\/v2\/users\/4"}],"replies":[{"embeddable":true,"href":"https:\/\/www.hashtag.al\/index.php\/wp-json\/wp\/v2\/comments?post=682889"}],"version-history":[{"count":0,"href":"https:\/\/www.hashtag.al\/index.php\/wp-json\/wp\/v2\/posts\/682889\/revisions"}],"wp:featuredmedia":[{"embeddable":true,"href":"https:\/\/www.hashtag.al\/index.php\/wp-json\/wp\/v2\/media\/682890"}],"wp:attachment":[{"href":"https:\/\/www.hashtag.al\/index.php\/wp-json\/wp\/v2\/media?parent=682889"}],"wp:term":[{"taxonomy":"category","embeddable":true,"href":"https:\/\/www.hashtag.al\/index.php\/wp-json\/wp\/v2\/categories?post=682889"},{"taxonomy":"post_tag","embeddable":true,"href":"https:\/\/www.hashtag.al\/index.php\/wp-json\/wp\/v2\/tags?post=682889"}],"curies":[{"name":"wp","href":"https:\/\/api.w.org\/{rel}","templated":true}]}}