{"id":682877,"date":"2024-06-20T14:39:37","date_gmt":"2024-06-20T12:39:37","guid":{"rendered":"https:\/\/www.hashtag.al\/?p=682877"},"modified":"2024-06-20T14:39:37","modified_gmt":"2024-06-20T12:39:37","slug":"serbia-ankohet-ne-uefa-per-koret-e-tifozeve-korate-dhe-shqiptare-kunder-saj","status":"publish","type":"post","link":"https:\/\/www.hashtag.al\/index.php\/2024\/06\/20\/serbia-ankohet-ne-uefa-per-koret-e-tifozeve-korate-dhe-shqiptare-kunder-saj\/","title":{"rendered":"Serbia ankohet n\u00eb UEFA p\u00ebr koret e tifoz\u00ebve korat\u00eb dhe shqiptar\u00eb kund\u00ebr saj","gt_translate_keys":[{"key":"rendered","format":"text"}]},"content":{"rendered":"<p><span style=\"color: #000000;\"><a href=\"https:\/\/www.hashtag.al\/wp-content\/uploads\/2024\/06\/ANKOHET.jpg\"><img loading=\"lazy\" decoding=\"async\" class=\"aligncenter size-full wp-image-682878\" src=\"https:\/\/www.hashtag.al\/wp-content\/uploads\/2024\/06\/ANKOHET.jpg\" alt=\"\" width=\"700\" height=\"402\" srcset=\"https:\/\/www.hashtag.al\/wp-content\/uploads\/2024\/06\/ANKOHET.jpg 700w, https:\/\/www.hashtag.al\/wp-content\/uploads\/2024\/06\/ANKOHET-300x172.jpg 300w, https:\/\/www.hashtag.al\/wp-content\/uploads\/2024\/06\/ANKOHET-250x145.jpg 250w\" sizes=\"auto, (max-width: 700px) 100vw, 700px\" \/><\/a><\/span><\/p>\n<p><span style=\"color: #000000;\">Pavar\u00ebsisht viteve q\u00eb kalojn\u00eb, Serbia vazhdon t\u00eb ngat\u00ebrroj\u00eb futbollin me politik\u00ebn.<\/span><\/p>\n<p><span style=\"color: #000000;\">Te Federata e njohur, p\u00ebrve\u00e7 fokusit te komb\u00ebtarja e tyre, nuk harrojn\u00eb asnj\u00ebher\u00eb t\u00eb v\u00ebzhgojn\u00eb me kujdes sjelljen e shqiptar\u00ebve.<\/span><\/p>\n<p><span style=\"color: #000000;\">S\u00eb fundmi, Federata e Serbis\u00eb \u00ebsht\u00eb ankuar n\u00eb UEFA, pasi sipas saj tifozerit\u00eb e Shqip\u00ebris\u00eb e Kroacis\u00eb u bashkuan n\u00eb kore kund\u00ebr Serbis\u00eb, gjat\u00eb ndeshjes. Mbetet t\u00eb shihet p\u00ebrgjigja e organit m\u00eb t\u00eb r\u00ebnd\u00ebsish\u00ebm futbollistik n\u00eb Europ\u00eb, n\u00eb lidhje me k\u00ebt\u00eb \u00e7\u00ebshtje.<\/span><\/p>\n<p><span style=\"color: #000000;\">Kujtojm\u00eb se Serbis\u00eb iu pranua ankesa e b\u00ebr\u00eb p\u00ebr nj\u00eb gazetar nga Kosova, i cili pasi b\u00ebri shqiponj\u00ebn n\u00eb ndeshjen Serbi-Shqip\u00ebri, nuk do ket\u00eb t\u00eb drejt\u00eb t\u00eb b\u00ebj\u00eb detyr\u00ebn e tij deri n\u00eb fund t\u00eb kompeticionit.<\/span><\/p>\n","protected":false,"gt_translate_keys":[{"key":"rendered","format":"html"}]},"excerpt":{"rendered":"<p>Pavar\u00ebsisht viteve q\u00eb kalojn\u00eb, Serbia vazhdon t\u00eb ngat\u00ebrroj\u00eb futbollin me politik\u00ebn. Te Federata e njohur, p\u00ebrve\u00e7 fokusit te komb\u00ebtarja e tyre, nuk harrojn\u00eb asnj\u00ebher\u00eb t\u00eb v\u00ebzhgojn\u00eb me kujdes sjelljen e shqiptar\u00ebve. S\u00eb fundmi, Federata e Serbis\u00eb \u00ebsht\u00eb ankuar n\u00eb UEFA, pasi sipas saj tifozerit\u00eb e Shqip\u00ebris\u00eb e Kroacis\u00eb u bashkuan n\u00eb kore kund\u00ebr Serbis\u00eb, gjat\u00eb [&hellip;]<\/p>\n","protected":false,"gt_translate_keys":[{"key":"rendered","format":"html"}]},"author":32,"featured_media":682878,"comment_status":"closed","ping_status":"open","sticky":false,"template":"","format":"standard","meta":{"footnotes":""},"categories":[149],"tags":[],"class_list":["post-682877","post","type-post","status-publish","format-standard","has-post-thumbnail","hentry","category-kosoverajon"],"gt_translate_keys":[{"key":"link","format":"url"}],"_links":{"self":[{"href":"https:\/\/www.hashtag.al\/index.php\/wp-json\/wp\/v2\/posts\/682877","targetHints":{"allow":["GET"]}}],"collection":[{"href":"https:\/\/www.hashtag.al\/index.php\/wp-json\/wp\/v2\/posts"}],"about":[{"href":"https:\/\/www.hashtag.al\/index.php\/wp-json\/wp\/v2\/types\/post"}],"author":[{"embeddable":true,"href":"https:\/\/www.hashtag.al\/index.php\/wp-json\/wp\/v2\/users\/32"}],"replies":[{"embeddable":true,"href":"https:\/\/www.hashtag.al\/index.php\/wp-json\/wp\/v2\/comments?post=682877"}],"version-history":[{"count":0,"href":"https:\/\/www.hashtag.al\/index.php\/wp-json\/wp\/v2\/posts\/682877\/revisions"}],"wp:featuredmedia":[{"embeddable":true,"href":"https:\/\/www.hashtag.al\/index.php\/wp-json\/wp\/v2\/media\/682878"}],"wp:attachment":[{"href":"https:\/\/www.hashtag.al\/index.php\/wp-json\/wp\/v2\/media?parent=682877"}],"wp:term":[{"taxonomy":"category","embeddable":true,"href":"https:\/\/www.hashtag.al\/index.php\/wp-json\/wp\/v2\/categories?post=682877"},{"taxonomy":"post_tag","embeddable":true,"href":"https:\/\/www.hashtag.al\/index.php\/wp-json\/wp\/v2\/tags?post=682877"}],"curies":[{"name":"wp","href":"https:\/\/api.w.org\/{rel}","templated":true}]}}