{"id":682753,"date":"2024-06-19T21:16:09","date_gmt":"2024-06-19T19:16:09","guid":{"rendered":"https:\/\/www.hashtag.al\/?p=682753"},"modified":"2024-06-19T21:16:21","modified_gmt":"2024-06-19T19:16:21","slug":"berisha-pas-vendimit-te-gjykates-deputete-drejtues-lokale-dhe-anetare-iu-bashkuan-rithemelimt","status":"publish","type":"post","link":"https:\/\/www.hashtag.al\/index.php\/2024\/06\/19\/berisha-pas-vendimit-te-gjykates-deputete-drejtues-lokale-dhe-anetare-iu-bashkuan-rithemelimt\/","title":{"rendered":"Berisha: Pas vendimit t\u00eb gjykat\u00ebs deputet\u00eb, drejtues lokal\u00eb dhe an\u00ebtar\u00eb iu bashkuan Rithemelimt","gt_translate_keys":[{"key":"rendered","format":"text"}]},"content":{"rendered":"<p><span style=\"color: #000000;\"><a style=\"color: #000000;\" href=\"https:\/\/www.hashtag.al\/wp-content\/uploads\/2024\/06\/berisha-1.png\"><img loading=\"lazy\" decoding=\"async\" class=\"aligncenter size-full wp-image-682754\" src=\"https:\/\/www.hashtag.al\/wp-content\/uploads\/2024\/06\/berisha-1.png\" alt=\"\" width=\"994\" height=\"642\" srcset=\"https:\/\/www.hashtag.al\/wp-content\/uploads\/2024\/06\/berisha-1.png 994w, https:\/\/www.hashtag.al\/wp-content\/uploads\/2024\/06\/berisha-1-300x194.png 300w, https:\/\/www.hashtag.al\/wp-content\/uploads\/2024\/06\/berisha-1-768x496.png 768w\" sizes=\"auto, (max-width: 994px) 100vw, 994px\" \/><\/a><\/span><\/p>\n<p><span style=\"color: #000000;\">Kreu i Partis\u00eb Demokratike, Sali Berisha, deklaroi mbr\u00ebmjen e sotme se vendimi i gjykat\u00ebs p\u00ebr t\u2019i dh\u00ebn\u00eb vul\u00ebn atij ka rezultuar n\u00eb ribashkim me qindra an\u00ebtar\u00eb e drejtues lokal\u00eb.<\/span><\/p>\n<p><span style=\"color: #000000;\">Berisha tha se edhe deputet\u00eb q\u00eb q\u00ebndronin pran\u00eb Bash\u00ebs tashm\u00eb i jan\u00eb bashkuar grupimit t\u00eb tij.<\/span><\/p>\n<p><span style=\"color: #000000;\"><em>\u201cT\u00eb dashur miq, gjat\u00eb k\u00ebtyre dit\u00ebve, me qindra e qindra an\u00ebtar\u00eb, drejtues lokal\u00eb, deputet\u00eb, pas vendimit t\u00eb gjykat\u00ebs jan\u00eb bashkuar me ne.<\/em><\/span><\/p>\n<p><span style=\"color: #000000;\"><em>I p\u00ebrsh\u00ebndes n\u00eb em\u00ebr tuaj n\u00eb m\u00ebnyr\u00eb t\u00eb p\u00ebrzem\u00ebrt.<\/em><\/span><\/p>\n<p><span style=\"color: #000000;\"><em>P\u00ebrs\u00ebri them at\u00eb q\u00eb deklarova para jush dit\u00eb m\u00eb par\u00eb, mir\u00eb se erdh\u00ebt n\u00eb sht\u00ebpin\u00eb tuaj.<\/em><\/span><\/p>\n<p><span style=\"color: #000000;\"><em>Betej\u00ebn e madhe e kemi p\u00ebrpara dhe at\u00eb betej\u00eb do ta fitojm\u00eb s\u00eb bashku, do ta b\u00ebjm\u00eb s\u00eb bashku,<\/em><\/span><\/p>\n<p><span style=\"color: #000000;\"><em>Misionin ton\u00eb historik t\u00eb p\u00ebrmbysjes s\u00eb diktatur\u00ebs s\u00eb re t\u00eb bazuar mbi krimin, drog\u00ebn dhe vjedhjen e shqiptar\u00ebve do ta p\u00ebrmbushim s\u00eb bashku.<\/em> <em>T\u00eb bashkuar n\u00eb diversitet. T\u00eb bashkuar n\u00eb t\u00eb v\u00ebrteta. T\u00eb bashkuar n\u00eb mision p\u00ebr shqiptar\u00ebt q\u00eb t\u00eb votojn\u00eb t\u00eb lir\u00eb. P\u00ebr fitoren e opozit\u00ebs, p\u00ebr fitoren e shqiptar\u00ebve.<\/em> <em>Rrofshi ju, rroft\u00eb Shqip\u00ebria. Fitore, fitore, fitore!\u201d-<\/em>deklaroi Berisha<\/span><\/p>\n","protected":false,"gt_translate_keys":[{"key":"rendered","format":"html"}]},"excerpt":{"rendered":"<p>Kreu i Partis\u00eb Demokratike, Sali Berisha, deklaroi mbr\u00ebmjen e sotme se vendimi i gjykat\u00ebs p\u00ebr t\u2019i dh\u00ebn\u00eb vul\u00ebn atij ka rezultuar n\u00eb ribashkim me qindra an\u00ebtar\u00eb e drejtues lokal\u00eb. Berisha tha se edhe deputet\u00eb q\u00eb q\u00ebndronin pran\u00eb Bash\u00ebs tashm\u00eb i jan\u00eb bashkuar grupimit t\u00eb tij. \u201cT\u00eb dashur miq, gjat\u00eb k\u00ebtyre dit\u00ebve, me qindra e qindra [&hellip;]<\/p>\n","protected":false,"gt_translate_keys":[{"key":"rendered","format":"html"}]},"author":32,"featured_media":682754,"comment_status":"closed","ping_status":"open","sticky":false,"template":"","format":"standard","meta":{"footnotes":""},"categories":[65,13],"tags":[],"class_list":["post-682753","post","type-post","status-publish","format-standard","has-post-thumbnail","hentry","category-lajme","category-te-fundit"],"gt_translate_keys":[{"key":"link","format":"url"}],"_links":{"self":[{"href":"https:\/\/www.hashtag.al\/index.php\/wp-json\/wp\/v2\/posts\/682753","targetHints":{"allow":["GET"]}}],"collection":[{"href":"https:\/\/www.hashtag.al\/index.php\/wp-json\/wp\/v2\/posts"}],"about":[{"href":"https:\/\/www.hashtag.al\/index.php\/wp-json\/wp\/v2\/types\/post"}],"author":[{"embeddable":true,"href":"https:\/\/www.hashtag.al\/index.php\/wp-json\/wp\/v2\/users\/32"}],"replies":[{"embeddable":true,"href":"https:\/\/www.hashtag.al\/index.php\/wp-json\/wp\/v2\/comments?post=682753"}],"version-history":[{"count":0,"href":"https:\/\/www.hashtag.al\/index.php\/wp-json\/wp\/v2\/posts\/682753\/revisions"}],"wp:featuredmedia":[{"embeddable":true,"href":"https:\/\/www.hashtag.al\/index.php\/wp-json\/wp\/v2\/media\/682754"}],"wp:attachment":[{"href":"https:\/\/www.hashtag.al\/index.php\/wp-json\/wp\/v2\/media?parent=682753"}],"wp:term":[{"taxonomy":"category","embeddable":true,"href":"https:\/\/www.hashtag.al\/index.php\/wp-json\/wp\/v2\/categories?post=682753"},{"taxonomy":"post_tag","embeddable":true,"href":"https:\/\/www.hashtag.al\/index.php\/wp-json\/wp\/v2\/tags?post=682753"}],"curies":[{"name":"wp","href":"https:\/\/api.w.org\/{rel}","templated":true}]}}