{"id":682735,"date":"2024-06-19T22:05:03","date_gmt":"2024-06-19T20:05:03","guid":{"rendered":"https:\/\/www.hashtag.al\/?p=682735"},"modified":"2024-06-19T22:20:30","modified_gmt":"2024-06-19T20:20:30","slug":"okb-izraeli-mund-te-kete-shkelur-ligjet-e-luftes","status":"publish","type":"post","link":"https:\/\/www.hashtag.al\/index.php\/2024\/06\/19\/okb-izraeli-mund-te-kete-shkelur-ligjet-e-luftes\/","title":{"rendered":"OKB: Izraeli mund t\u00eb ket\u00eb shkelur ligjet e luft\u00ebs","gt_translate_keys":[{"key":"rendered","format":"text"}]},"content":{"rendered":"<p style=\"text-align: left;\"><span style=\"color: #000000;\"><img loading=\"lazy\" decoding=\"async\" class=\"size-full wp-image-682736 aligncenter\" src=\"https:\/\/www.hashtag.al\/wp-content\/uploads\/2024\/06\/Screenshot-2024-06-19-193438.png\" alt=\"\" width=\"965\" height=\"530\" srcset=\"https:\/\/www.hashtag.al\/wp-content\/uploads\/2024\/06\/Screenshot-2024-06-19-193438.png 965w, https:\/\/www.hashtag.al\/wp-content\/uploads\/2024\/06\/Screenshot-2024-06-19-193438-300x165.png 300w, https:\/\/www.hashtag.al\/wp-content\/uploads\/2024\/06\/Screenshot-2024-06-19-193438-768x422.png 768w\" sizes=\"auto, (max-width: 965px) 100vw, 965px\" \/><\/span><\/p>\n<p style=\"text-align: left;\"><span style=\"color: #000000;\">Forcat izraelite mund t\u00eb ken\u00eb shkelur n\u00eb m\u00ebnyr\u00eb t\u00eb p\u00ebrs\u00ebritur parimet themelore t\u00eb ligjeve t\u00eb luft\u00ebs dhe nuk jan\u00eb kujdesur t\u00eb mbrojn\u00eb jet\u00ebt e civil\u00ebve n\u00eb fushat\u00ebn e tyre ushtarake n\u00eb Rripin e Gaz\u00ebs, tha t\u00eb m\u00ebrkur\u00ebn zyra e Kombeve t\u00eb Bashkuara p\u00ebr t\u00eb drejtat e njeriut. Raporti i publikuar sot u kritikua nga Izraeli, q\u00eb p\u00ebr n\u00ebnt\u00eb muaj po vazhdon operacionin kund\u00ebr Hamasit.<\/span><\/p>\n<p style=\"text-align: left;\"><span style=\"color: #000000;\">N\u00eb nj\u00eb raport q\u00eb shqyrton gjasht\u00eb sulme izraelite q\u00eb shkaktuan num\u00ebr t\u00eb madh viktimash dhe shkat\u00ebrruan infrastruktur\u00ebn civile, zyra e OKB-s\u00eb p\u00ebr t\u00eb drejtat e njeriut tha se forcat izraelite \u201cmund t\u00eb ken\u00eb shkelur n\u00eb m\u00ebnyr\u00eb sistematike ligjet e luft\u00ebs\u201d, p\u00ebrfshir\u00eb parimin p\u00ebr t\u00eb b\u00ebr\u00eb dallimin mes civil\u00ebve dhe luft\u00ebtar\u00ebve, masat paraprake dhe shkall\u00ebn e forc\u00ebs s\u00eb p\u00ebrdorur n\u00eb sulm.<\/span><\/p>\n<p style=\"text-align: left;\"><span style=\"color: #000000;\">Misioni i p\u00ebrhersh\u00ebm i Izraelit n\u00eb Kombet e Bashkuara n\u00eb Gjenev\u00eb i cil\u00ebsoi si t\u00eb gabuara gjetjet e k\u00ebtij raporti dhe metodologjin\u00eb e p\u00ebrdorur.<\/span><\/p>\n<p style=\"text-align: left;\"><span style=\"color: #000000;\">Raporti analizon holl\u00ebsit\u00eb e gjasht\u00eb incidenteve q\u00eb ndodh\u00ebn mes 7 tetorit dhe 2 dhjetorit.<\/span><\/p>\n<p style=\"text-align: left;\"><span style=\"color: #000000;\">OKB pati mund\u00ebsin\u00eb t\u00eb vler\u00ebsoj\u00eb arm\u00ebt, q\u00ebllimet dhe mjetet e p\u00ebrdorura n\u00eb k\u00ebto sulme.<\/span><\/p>\n<p style=\"text-align: left;\"><span style=\"color: #000000;\"><em>\u201cMenduam se \u00ebsht\u00eb me r\u00ebnd\u00ebsi nxjerrja e k\u00ebtij raporti tani, ve\u00e7an\u00ebrisht duke e ditur se kan\u00eb kaluar rreth tet\u00eb muaj nga disa prej k\u00ebtyre sulmeve dhe ende nuk kemi par\u00eb hetime t\u00eb besueshme dhe transparente\u201d,\u00a0<\/em>thot\u00eb Ravina Shamdasani, z\u00ebdh\u00ebn\u00ebse e zyr\u00ebs s\u00eb OKB-s\u00eb p\u00ebr t\u00eb drejtat e njeriut.<\/span><\/p>\n<p style=\"text-align: left;\"><span style=\"color: #000000;\">Ajo u b\u00ebri thirrje autoriteteve izraelite q\u00eb t\u00eb nisin nj\u00eb proces hetimor dhe shtoi se n\u00eb munges\u00eb t\u00eb nj\u00eb procesi transparent \u00ebsht\u00eb i domosdosh\u00ebm veprimi nd\u00ebrkomb\u00ebtar.<\/span><\/p>\n<p style=\"text-align: left;\"><span style=\"color: #000000;\">Nd\u00ebrkoh\u00eb, n\u00eb Jeruzalem ndodhet nj\u00eb delegacion dypartiak i Kongresit amerikan i udh\u00ebhequr nga ligjv\u00ebn\u00ebsi Steny Hoyer.<\/span><\/p>\n<p style=\"text-align: left;\"><span style=\"color: #000000;\">N\u00eb takimin me an\u00ebtar\u00ebt e Komitetit Amerikano-Izraelit p\u00ebr \u00e7\u00ebshtjet publike, presidenti i Izraelit Isaac Herzog u shpreh\u00a0<em>\u201cmir\u00ebnjoh\u00ebs p\u00ebr q\u00ebndrimin e Shteteve t\u00eb Bashkuara krah Izraelit\u201d<\/em>, nd\u00ebrsa b\u00ebri thirrje q\u00eb mosmarr\u00ebveshjet t\u00eb diskutohen me qet\u00ebsi.<\/span><\/p>\n<p style=\"text-align: left;\"><span style=\"color: #000000;\"><em>\u201cNe e vler\u00ebsojm\u00eb shum\u00eb mb\u00ebshtetjen dypartiake q\u00eb tejkalon t\u00eb gjitha ndasit\u00eb dhe konfliktet e shoq\u00ebris\u00eb amerikane, n\u00eb betej\u00ebn ton\u00eb p\u00ebr nj\u00eb bot\u00eb t\u00eb lir\u00eb kund\u00ebr Perandoris\u00eb s\u00eb Djallit\u201d,\u00a0<\/em>thot\u00eb zoti Herzog.<\/span><\/p>\n<p style=\"text-align: left;\"><span style=\"color: #000000;\">Kryeministri izraelit Benjamin Netanyahu pretendon se Shtetet e Bashkuara po ndalojn\u00eb d\u00ebrgimin e arm\u00ebve t\u00eb nevojshme p\u00ebr luft\u00ebn n\u00eb Gaz\u00eb, duke l\u00ebn\u00eb t\u00eb kuptohet se kjo po ngadal\u00ebson ofensiv\u00ebn e Izraelit n\u00eb qytetin jugor Rafah.<\/span><\/p>\n<p style=\"text-align: left;\"><span style=\"color: #000000;\">Sidoqoft\u00eb, Sekretari amerikan i Shtetit Antony Blinken tha se \u00ebsht\u00eb pezulluar vet\u00ebm d\u00ebrgimi i disa municioneve t\u00eb kalibrit t\u00eb madh.<\/span><\/p>\n<p style=\"text-align: left;\"><span style=\"color: #000000;\">Lufta e Izraelit kund\u00ebr Hamasit n\u00eb Gaz\u00eb \u00ebsht\u00eb n\u00eb muajin e n\u00ebnt\u00eb.<\/span><\/p>\n<p style=\"text-align: left;\"><span style=\"color: #000000;\">Sulmi ajror dhe tok\u00ebsor i Izraelit ka shkaktuar vdekjen e mbi 37,400 personave, sipas autoriteteve sh\u00ebndet\u00ebsore n\u00eb territorin e kontrolluar nga Hamasi.<\/span><\/p>\n<p style=\"text-align: left;\"><span style=\"color: #000000;\">Lufta n\u00eb Gaz\u00eb nisi pas sulmit terrorist t\u00eb Hamasit kund\u00ebr Izraelit m\u00eb 7 tetor, kur u vran\u00eb rreth 1,200 persona dhe u mor\u00ebn peng mbi 250 t\u00eb tjer\u00eb, sipas t\u00eb dh\u00ebnave izraelite.<\/span><a href=\"https:\/\/www.zeriamerikes.com\/a\/7661926.html\"><span style=\"color: #0000ff;\"><strong>\/VOA<\/strong><\/span><\/a><\/p>\n","protected":false,"gt_translate_keys":[{"key":"rendered","format":"html"}]},"excerpt":{"rendered":"<p>Forcat izraelite mund t\u00eb ken\u00eb shkelur n\u00eb m\u00ebnyr\u00eb t\u00eb p\u00ebrs\u00ebritur parimet themelore t\u00eb ligjeve t\u00eb luft\u00ebs dhe nuk jan\u00eb kujdesur t\u00eb mbrojn\u00eb jet\u00ebt e civil\u00ebve n\u00eb fushat\u00ebn e tyre ushtarake n\u00eb Rripin e Gaz\u00ebs, tha t\u00eb m\u00ebrkur\u00ebn zyra e Kombeve t\u00eb Bashkuara p\u00ebr t\u00eb drejtat e njeriut. Raporti i publikuar sot u kritikua nga Izraeli, [&hellip;]<\/p>\n","protected":false,"gt_translate_keys":[{"key":"rendered","format":"html"}]},"author":4,"featured_media":682736,"comment_status":"closed","ping_status":"open","sticky":false,"template":"","format":"standard","meta":{"footnotes":""},"categories":[6],"tags":[],"class_list":["post-682735","post","type-post","status-publish","format-standard","has-post-thumbnail","hentry","category-nderkombetare"],"gt_translate_keys":[{"key":"link","format":"url"}],"_links":{"self":[{"href":"https:\/\/www.hashtag.al\/index.php\/wp-json\/wp\/v2\/posts\/682735","targetHints":{"allow":["GET"]}}],"collection":[{"href":"https:\/\/www.hashtag.al\/index.php\/wp-json\/wp\/v2\/posts"}],"about":[{"href":"https:\/\/www.hashtag.al\/index.php\/wp-json\/wp\/v2\/types\/post"}],"author":[{"embeddable":true,"href":"https:\/\/www.hashtag.al\/index.php\/wp-json\/wp\/v2\/users\/4"}],"replies":[{"embeddable":true,"href":"https:\/\/www.hashtag.al\/index.php\/wp-json\/wp\/v2\/comments?post=682735"}],"version-history":[{"count":0,"href":"https:\/\/www.hashtag.al\/index.php\/wp-json\/wp\/v2\/posts\/682735\/revisions"}],"wp:featuredmedia":[{"embeddable":true,"href":"https:\/\/www.hashtag.al\/index.php\/wp-json\/wp\/v2\/media\/682736"}],"wp:attachment":[{"href":"https:\/\/www.hashtag.al\/index.php\/wp-json\/wp\/v2\/media?parent=682735"}],"wp:term":[{"taxonomy":"category","embeddable":true,"href":"https:\/\/www.hashtag.al\/index.php\/wp-json\/wp\/v2\/categories?post=682735"},{"taxonomy":"post_tag","embeddable":true,"href":"https:\/\/www.hashtag.al\/index.php\/wp-json\/wp\/v2\/tags?post=682735"}],"curies":[{"name":"wp","href":"https:\/\/api.w.org\/{rel}","templated":true}]}}