{"id":682497,"date":"2024-06-18T20:22:08","date_gmt":"2024-06-18T18:22:08","guid":{"rendered":"https:\/\/www.hashtag.al\/?p=682497"},"modified":"2024-06-18T20:22:08","modified_gmt":"2024-06-18T18:22:08","slug":"shefi-i-nato-s-ne-uashington-per-ukrainen","status":"publish","type":"post","link":"https:\/\/www.hashtag.al\/index.php\/2024\/06\/18\/shefi-i-nato-s-ne-uashington-per-ukrainen\/","title":{"rendered":"Shefi i NATO-s n\u00eb Uashington p\u00ebr Ukrain\u00ebn","gt_translate_keys":[{"key":"rendered","format":"text"}]},"content":{"rendered":"<p><img loading=\"lazy\" decoding=\"async\" class=\"size-full wp-image-682498 aligncenter\" src=\"https:\/\/www.hashtag.al\/wp-content\/uploads\/2024\/06\/Screenshot-2024-06-18-174230.png\" alt=\"\" width=\"990\" height=\"518\" srcset=\"https:\/\/www.hashtag.al\/wp-content\/uploads\/2024\/06\/Screenshot-2024-06-18-174230.png 990w, https:\/\/www.hashtag.al\/wp-content\/uploads\/2024\/06\/Screenshot-2024-06-18-174230-300x157.png 300w, https:\/\/www.hashtag.al\/wp-content\/uploads\/2024\/06\/Screenshot-2024-06-18-174230-768x402.png 768w\" sizes=\"auto, (max-width: 990px) 100vw, 990px\" \/><\/p>\n<p style=\"text-align: left;\"><span style=\"color: #000000;\">Presidenti Biden priti t\u00eb h\u00ebn\u00ebn n\u00eb Sht\u00ebpin\u00eb e Bardh\u00eb shefin e NATO-s, m\u00eb pak se nj\u00eb muaj p\u00ebrpara se aleanca per\u00ebndimore t\u00eb mblidhet n\u00eb takimin e saj vjetor n\u00eb kryeqytetin amerikan. Si\u00e7 njofton korrespondentja e Z\u00ebrit t\u00eb Amerik\u00ebs, Anita Powell, dy udh\u00ebheq\u00ebsit biseduan lidhur me mb\u00ebshtetjen afatgjat\u00eb p\u00ebr Ukrain\u00ebn, nd\u00ebrsa ky vend p\u00ebrballet me agresionin rus.<\/span><\/p>\n<p style=\"text-align: left;\"><span style=\"color: #000000;\">Nd\u00ebrsa Organizata e Traktatit t\u00eb Atlantikut t\u00eb Veriut sh\u00ebnon 75 vjetorin, Sekretari i P\u00ebrgjithsh\u00ebm Jens Stoltenberg mb\u00ebrriti n\u00eb Uashington p\u00ebr diskutuar planet p\u00ebr takimin e korrikut, ku do t\u00eb flitet p\u00ebr vazhdimin e mb\u00ebshtetjes p\u00ebr Ukrain\u00ebn n\u00eb luft\u00ebn kund\u00ebr agresorit rus.<\/span><\/p>\n<p style=\"text-align: left;\"><span style=\"color: #000000;\">Presidenti Joe Biden e vler\u00ebsoi pun\u00ebn e aleanc\u00ebs duke th\u00ebn\u00eb se nj\u00eb \u201cnum\u00ebr rekord\u201d vendesh po p\u00ebrmbushin angazhimin ndaj NATO-s p\u00ebr t\u00eb shpenzuar p\u00ebr mbrojtjen t\u00eb pakt\u00ebn 2 p\u00ebr qind t\u00eb prodhimit t\u00eb brendsh\u00ebm.<\/span><\/p>\n<p style=\"text-align: left;\"><span style=\"color: #000000;\"><em>\u201cNATO-ja u themelua 75 vjet m\u00eb par\u00eb. \u00cbsht\u00eb e r\u00ebnd\u00ebsishme t\u00eb thuhet se m\u00ebsimi q\u00eb kemi nxjerr\u00eb \u00ebsht\u00eb uniteti i aleanc\u00ebs p\u00ebr t\u00eb mbrojtur dhe frenuar agresionin. N\u00ebn udh\u00ebheqjen tuaj, NATO \u00ebsht\u00eb b\u00ebr\u00eb m\u00eb e madhe, m\u00eb e fort\u00eb dhe m\u00eb e bashkuar se ndonj\u00ebher\u00eb\u201d,<\/em> iu drejtua Presidenti Biden zotit Stoltenberg.<\/span><\/p>\n<p style=\"text-align: left;\"><span style=\"color: #000000;\">M\u00eb her\u00ebt t\u00eb h\u00ebn\u00ebn, zoti Stoltenberg tha se aleat\u00ebt e NATO-s kishin dh\u00ebn\u00eb mb\u00ebshtetje &#8220;t\u00eb pashembullt&#8221; p\u00ebr Ukrain\u00ebn. Ai tha se kjo do t\u2019i kushtoj\u00eb aleanc\u00ebs t\u00eb pakt\u00ebn 45 miliard\u00eb dollar\u00eb n\u00eb vit.<\/span><\/p>\n<p style=\"text-align: left;\"><span style=\"color: #000000;\"><em>\u201cN\u00eb takimin e korrikut pres q\u00eb udh\u00ebheq\u00ebsit e tjer\u00eb t\u00eb pajtohen q\u00eb NATO-ja t\u00eb udh\u00ebheq\u00eb koordinimin dhe ofrimin e ndihm\u00ebs s\u00eb siguris\u00eb dhe trajnimit p\u00ebr Ukrain\u00ebn. Kjo \u00ebsht\u00eb arsyeja pse propozova nj\u00eb zotim financiar afatgjat\u00eb me fonde t\u00eb reja \u00e7do vit. Sa m\u00eb e besueshme t\u00eb jet\u00eb mb\u00ebshtetja jon\u00eb afatgjat\u00eb, aq m\u00eb shpejt do ta kuptoj\u00eb Moska se nuk mund ta zgjas\u00eb konfliktin, dhe aq m\u00eb shpejt do t\u00eb p\u00ebrfundoj\u00eb kjo luft\u00eb. Mund t\u00eb duket si nj\u00eb paradoks, por rruga drejt paqes \u00ebsht\u00eb m\u00eb shum\u00eb arm\u00eb p\u00ebr Ukrain\u00ebn\u201d.<\/em><\/span><\/p>\n<p style=\"text-align: left;\"><span style=\"color: #000000;\">Analist\u00ebt thon\u00eb se k\u00ebto diskutime po p\u00ebrcaktojn\u00eb axhend\u00ebn p\u00ebr takimin e ardhsh\u00ebm.<\/span><\/p>\n<p style=\"text-align: left;\"><span style=\"color: #000000;\"><em>\u201cMegjithat\u00eb, \u00e7\u00ebshtjet kryesore jan\u00eb se \u00e7far\u00eb i thot\u00eb aleanca Ukrain\u00ebs pas premtimeve p\u00ebr mb\u00ebshtetje gjat\u00eb jav\u00ebve t\u00eb fundit? Cila do t\u00eb jet\u00eb natyra e marr\u00ebdh\u00ebnieve NATO-Ukrain\u00eb? NATO-ja po merr p\u00ebrsip\u00ebr nga Shtetet e Bashkuara ndihm\u00ebn ushtarake dhe koordinimin e trajnimit ushtarak p\u00ebr Ukrain\u00ebn. Nj\u00eb hap madhor q\u00eb po ndodh aktualisht\u201d,<\/em> thot\u00eb Dan Hamilton me Institutin Brookings.<\/span><\/p>\n<p style=\"text-align: left;\"><span style=\"color: #000000;\">Jav\u00ebn e kaluar, Presidenti i Ukrain\u00ebs e vler\u00ebsoi nj\u00eb marr\u00ebveshje sigurie 10-vje\u00e7are me Shtetet e Bashkuara, duke th\u00ebn\u00eb se kjo hap rrug\u00ebn p\u00ebr an\u00ebtar\u00ebsimin e Ukrain\u00ebs n\u00eb NATO.<\/span><\/p>\n<p style=\"text-align: left;\"><span style=\"color: #000000;\"><em>&#8220;\u00c7\u00ebshtja e NATO-s p\u00ebrfshihet n\u00eb tekstin e marr\u00ebveshjes. Ajo thot\u00eb se Amerika n\u00eb t\u00eb ardhmen mb\u00ebshtet an\u00ebtar\u00ebsimin e Ukrain\u00ebs n\u00eb NATO dhe e pranon se marr\u00ebveshja jon\u00eb e siguris\u00eb \u00ebsht\u00eb nj\u00eb ur\u00eb p\u00ebr an\u00ebtar\u00ebsimin e Ukrain\u00ebs n\u00eb NATO\u201d,<\/em> tha Presidenti Zelenskyy.<\/span><\/p>\n<p style=\"text-align: left;\"><span style=\"color: #000000;\">Kjo ur\u00eb mund t\u00eb jet\u00eb e gjat\u00eb, thot\u00eb analisti Hamilton, duke v\u00ebn\u00eb n\u00eb dukje se edhe vendet e tjera po nd\u00ebrmarrin angazhime dypal\u00ebshe me Ukrain\u00ebn.<\/span><\/p>\n<p style=\"text-align: left;\"><span style=\"color: #000000;\"><em>\u201cN\u00eb thelb, disa prej tyre po zotohen p\u00ebr mbrojtje reciproke. T\u00eb tjer\u00eb premtojn\u00eb mb\u00ebshtetje ushtarake p\u00ebr nj\u00eb periudh\u00eb m\u00eb t\u00eb gjat\u00eb kohore. K\u00ebshtu q\u00eb ukrainasit mund ta llogarisin k\u00ebt\u00eb mb\u00ebshtetje\u201d<\/em>, thot\u00eb Dan Hamilton me Institutin Brookings.<\/span><\/p>\n<p style=\"text-align: left;\"><span style=\"color: #000000;\">Analisti thot\u00eb se n\u00eb radarin e NATO-s \u00ebsht\u00eb edhe m\u00ebnyra se si mund t\u00eb p\u00ebrfundoj\u00eb lufta, si\u00e7 \u00ebsht\u00eb nd\u00ebrgjegj\u00ebsimi n\u00eb rritje p\u00ebr k\u00ebrc\u00ebnime p\u00ebrtej Atlantikut t\u00eb Veriut, sikurse pasqyrohet edhe nga planet e udh\u00ebheq\u00ebsve t\u00eb Japonis\u00eb, Australis\u00eb, Kores\u00eb s\u00eb Jugut dhe Zeland\u00ebs s\u00eb Re p\u00ebr t\u00eb marr\u00eb pjes\u00eb n\u00eb takimin e NATO-s q\u00eb fillon m\u00eb 9 korrik n\u00eb kryeqytetin amerikan.<\/span>\/<span style=\"color: #0000ff;\"><strong><a style=\"color: #0000ff;\" href=\"https:\/\/www.zeriamerikes.com\/a\/7660518.html\">VOA<\/a><\/strong><\/span><\/p>\n","protected":false,"gt_translate_keys":[{"key":"rendered","format":"html"}]},"excerpt":{"rendered":"<p>Presidenti Biden priti t\u00eb h\u00ebn\u00ebn n\u00eb Sht\u00ebpin\u00eb e Bardh\u00eb shefin e NATO-s, m\u00eb pak se nj\u00eb muaj p\u00ebrpara se aleanca per\u00ebndimore t\u00eb mblidhet n\u00eb takimin e saj vjetor n\u00eb kryeqytetin amerikan. Si\u00e7 njofton korrespondentja e Z\u00ebrit t\u00eb Amerik\u00ebs, Anita Powell, dy udh\u00ebheq\u00ebsit biseduan lidhur me mb\u00ebshtetjen afatgjat\u00eb p\u00ebr Ukrain\u00ebn, nd\u00ebrsa ky vend p\u00ebrballet me agresionin [&hellip;]<\/p>\n","protected":false,"gt_translate_keys":[{"key":"rendered","format":"html"}]},"author":4,"featured_media":682498,"comment_status":"closed","ping_status":"open","sticky":false,"template":"","format":"standard","meta":{"footnotes":""},"categories":[6],"tags":[],"class_list":["post-682497","post","type-post","status-publish","format-standard","has-post-thumbnail","hentry","category-nderkombetare"],"gt_translate_keys":[{"key":"link","format":"url"}],"_links":{"self":[{"href":"https:\/\/www.hashtag.al\/index.php\/wp-json\/wp\/v2\/posts\/682497","targetHints":{"allow":["GET"]}}],"collection":[{"href":"https:\/\/www.hashtag.al\/index.php\/wp-json\/wp\/v2\/posts"}],"about":[{"href":"https:\/\/www.hashtag.al\/index.php\/wp-json\/wp\/v2\/types\/post"}],"author":[{"embeddable":true,"href":"https:\/\/www.hashtag.al\/index.php\/wp-json\/wp\/v2\/users\/4"}],"replies":[{"embeddable":true,"href":"https:\/\/www.hashtag.al\/index.php\/wp-json\/wp\/v2\/comments?post=682497"}],"version-history":[{"count":0,"href":"https:\/\/www.hashtag.al\/index.php\/wp-json\/wp\/v2\/posts\/682497\/revisions"}],"wp:featuredmedia":[{"embeddable":true,"href":"https:\/\/www.hashtag.al\/index.php\/wp-json\/wp\/v2\/media\/682498"}],"wp:attachment":[{"href":"https:\/\/www.hashtag.al\/index.php\/wp-json\/wp\/v2\/media?parent=682497"}],"wp:term":[{"taxonomy":"category","embeddable":true,"href":"https:\/\/www.hashtag.al\/index.php\/wp-json\/wp\/v2\/categories?post=682497"},{"taxonomy":"post_tag","embeddable":true,"href":"https:\/\/www.hashtag.al\/index.php\/wp-json\/wp\/v2\/tags?post=682497"}],"curies":[{"name":"wp","href":"https:\/\/api.w.org\/{rel}","templated":true}]}}