{"id":682482,"date":"2024-06-18T16:42:42","date_gmt":"2024-06-18T14:42:42","guid":{"rendered":"https:\/\/www.hashtag.al\/?p=682482"},"modified":"2024-06-18T16:42:42","modified_gmt":"2024-06-18T14:42:42","slug":"pl-do-kthejme-ne-menyre-te-plote-pronat-tek-komunitetet-fetare","status":"publish","type":"post","link":"https:\/\/www.hashtag.al\/index.php\/2024\/06\/18\/pl-do-kthejme-ne-menyre-te-plote-pronat-tek-komunitetet-fetare\/","title":{"rendered":"PL: Do kthejm\u00eb n\u00eb m\u00ebnyr\u00eb t\u00eb plot\u00eb pronat tek komunitetet fetare","gt_translate_keys":[{"key":"rendered","format":"text"}]},"content":{"rendered":"<p><span style=\"color: #000000;\"><a href=\"https:\/\/www.hashtag.al\/wp-content\/uploads\/2024\/05\/tedi-blushi-2.jpg\"><img loading=\"lazy\" decoding=\"async\" class=\"aligncenter size-full wp-image-677558\" src=\"https:\/\/www.hashtag.al\/wp-content\/uploads\/2024\/05\/tedi-blushi-2.jpg\" alt=\"\" width=\"1117\" height=\"659\" srcset=\"https:\/\/www.hashtag.al\/wp-content\/uploads\/2024\/05\/tedi-blushi-2.jpg 1117w, https:\/\/www.hashtag.al\/wp-content\/uploads\/2024\/05\/tedi-blushi-2-300x177.jpg 300w, https:\/\/www.hashtag.al\/wp-content\/uploads\/2024\/05\/tedi-blushi-2-1024x604.jpg 1024w, https:\/\/www.hashtag.al\/wp-content\/uploads\/2024\/05\/tedi-blushi-2-768x453.jpg 768w\" sizes=\"auto, (max-width: 1117px) 100vw, 1117px\" \/><\/a><\/span><\/p>\n<p><span style=\"color: #000000;\">Sekretari i P\u00ebrgjithsh\u00ebm i Partis\u00eb s\u00eb Liris\u00eb, Tedi Blushi, n\u00eb nj\u00eb deklarat\u00eb p\u00ebr mediat tha se PL do t\u00eb angazhohet q\u00eb t\u00eb kthej\u00eb n\u00eb m\u00ebnyr\u00eb t\u00eb plot\u00eb pronat tek komunitetet fetare dhe se do t\u00eb 10-fishoj\u00eb mb\u00ebshtetjen financiae p\u00ebr komunitetet fetare.<\/span><\/p>\n<p><span style=\"color: #000000;\"><em>\u201cKthimi i plot\u00eb i pronave t\u00eb komuniteteve fetare dhe kompensimi fizik aty ku kthimi nuk \u00ebsht\u00eb i mundur \u00ebsht\u00eb prioritet kryesor p\u00ebr Partin\u00eb e Liris\u00eb dhe ne do t\u2019u japim zgjidhje urgjente, nj\u00ebher\u00eb e p\u00ebrgjithmon\u00eb, duke ua kthyer t\u00eb gjitha pronat brenda 100 dit\u00ebve t\u00eb para t\u00eb qeverisjes.<\/em><\/span><\/p>\n<p><span style=\"color: #000000;\"><em>Partia e Liris\u00eb angazhohet p\u00ebr t\u00eb 10-fishuar mb\u00ebshtetjen p\u00ebr komunitetet fetare brenda vitit t\u00eb par\u00eb t\u00eb qeverisjes, me t\u00eb pakt\u00ebn 10 milion euro nga rreth 1 milion euro n\u00eb vit q\u00eb marrin aktualisht, si dhe financimin e tyre sipas praktikave m\u00eb t\u00eb mira nd\u00ebrkomb\u00ebtare<\/em>\u201d, shprehet Blushi.<\/span><\/p>\n<p>&nbsp;<\/p>\n<p><span style=\"color: #000000;\">Deklarat\u00eb p\u00ebr mediat e Sekretarit t\u00eb P\u00ebrgjithsh\u00ebm, z.Tedi Blushi<\/span><\/p>\n<p><span style=\"color: #000000;\"><em>Blushi: Partia e Liris\u00eb angazhohet p\u00ebr kthimin e plot\u00eb t\u00eb pronave t\u00eb komuniteteve fetare dhe 10-fishim t\u00eb mb\u00ebshtetjes s\u00eb tyre financiare nga shteti<\/em><\/span><\/p>\n<p><span style=\"color: #000000;\"><em>Premtimi i \u201cRilindjes\u201d n\u00eb vitin 2013 p\u00ebr t\u2019ju kthyer t\u00eb gjitha pronat komuniteteve fetare rezulton pas 11 vitesh n\u00eb pushtet nj\u00eb mashtrim i madh dhe i pabes\u00eb.<\/em><\/span><\/p>\n<p><span style=\"color: #000000;\"><em>\u00cbsht\u00eb kriminale q\u00eb \u00e7\u00ebshtjet e pron\u00ebsis\u00eb t\u00eb komuniteteve fetare t\u00eb zvarriten q\u00ebllimisht dhe t\u00eb mbeten t\u00eb pazgjidhura vet\u00ebm p\u00ebr shkak t\u00eb korrupsionit skizofrenik dhe klientelizmit t\u00eb Edi Ram\u00ebs, q\u00eb k\u00ebto prona i trajton si t\u00eb vetat, duke i grabitur apo duke jua falur gjoja \u201cinvestitor\u00ebve strategjik\u00eb\u201d.<\/em><\/span><\/p>\n<p><span style=\"color: #000000;\"><em>Edhe pse shteti shqiptar, ka lidhur marr\u00ebveshje me t\u00eb pes\u00eb bashk\u00ebsit\u00eb tradicionale fetare shqiptare, k\u00ebto marr\u00ebveshje jan\u00eb shkelur me t\u00eb dyja k\u00ebmb\u00ebt nga \u201cRilindja\u201d sa i takon detyrimit p\u00ebr trajtimin me p\u00ebrpar\u00ebsi t\u00eb \u00e7\u00ebshtjeve t\u00eb kthimit dhe kompensimin e pronave t\u00eb tyre n\u00eb p\u00ebrputhje me legjislacionin n\u00eb fuqi.<\/em><\/span><\/p>\n<p><span style=\"color: #000000;\"><em>Ajo q\u00eb i p\u00ebrket Zotit, q\u00eb \u00ebsht\u00eb n\u00eb sh\u00ebrbim t\u00eb njer\u00ebzve, dhe q\u00eb p\u00ebrcaktohet si e drejt\u00eb themelore, nuk duhet neglizhuar, n\u00ebp\u00ebrk\u00ebmbur dhe grabitur prej askujt. E drejta e pron\u00ebs, \u00ebsht\u00eb e mbrojtur nga Kushtetuta e Republik\u00ebs s\u00eb Shqip\u00ebris\u00eb dhe \u00ebsht\u00eb nj\u00eb nga t\u00eb drejtat themelore t\u00eb njeriut.<\/em><\/span><\/p>\n<p><span style=\"color: #000000;\"><em>Kthimi i plot\u00eb i pronave t\u00eb komuniteteve fetare dhe kompensimi fizik aty ku kthimi nuk \u00ebsht\u00eb i mundur \u00ebsht\u00eb prioritet kryesor p\u00ebr Partin\u00eb e Liris\u00eb dhe ne do t\u2019u japim zgjidhje urgjente, nj\u00ebher\u00eb e p\u00ebrgjithmon\u00eb, duke ua kthyer t\u00eb gjitha pronat brenda 100 dit\u00ebve t\u00eb para t\u00eb qeverisjes.<\/em><\/span><\/p>\n<p><span style=\"color: #000000;\"><em>Partia e Liris\u00eb angazhohet p\u00ebr t\u00eb 10-fishuar mb\u00ebshtetjen p\u00ebr komunitetet fetare brenda vitit t\u00eb par\u00eb t\u00eb qeverisjes, me t\u00eb pakt\u00ebn 10 milion euro nga rreth 1 milion euro n\u00eb vit q\u00eb marrin aktualisht, si dhe financimin e tyre sipas praktikave m\u00eb t\u00eb mira nd\u00ebrkomb\u00ebtare.<\/em><\/span><\/p>\n<p><span style=\"color: #000000;\"><em>\u00cbsht\u00eb e papranueshme dhe kriminale q\u00eb t\u00eb gjitha komunitetet fetare t\u00eb financohen sot nga shteti m\u00eb pak se \u201cRilindja\u201d, q\u00eb merr rreth 1.5 milion euro n\u00eb vit, apo t\u00eb mb\u00ebshteten financiarisht nj\u00ebsoj si parti q\u00eb nuk kan\u00eb as vul\u00eb!<\/em><\/span><\/p>\n<p><span style=\"color: #000000;\"><em>Mungesa e financimit t\u00eb nevojsh\u00ebm \u00ebsht\u00eb nj\u00eb nga arsyet pse klerik\u00ebt tan\u00eb t\u00eb shkolluar po largohen nga vendi p\u00ebr arsye ekonomike. N\u00ebse Qeveria nuk i mb\u00ebshtet komunitetet fetare nga buxheti i shtetit, q\u00eb mos t\u2019i shtrijn\u00eb dor\u00ebn askujt, at\u00ebher\u00eb n\u00eb k\u00ebt\u00eb m\u00ebnyr\u00eb \u201cRilindja\u201d i sh\u00ebrben p\u00ebr\u00e7arjes fetare dhe shnd\u00ebrrimit t\u00eb k\u00ebtyre institucioneve n\u00eb instrumenta.<\/em><\/span><\/p>\n<p><span style=\"color: #000000;\"><em>\u00a0<\/em><\/span><\/p>\n<p><span style=\"color: #000000;\"><em>Partia e Liris\u00eb angazhohet gjithashtu q\u00eb:<\/em><\/span><\/p>\n<p><span style=\"color: #000000;\"><em>\u2013\u00a0\u00a0\u00a0\u00a0\u00a0\u00a0 Bashk\u00ebsit\u00eb fetare t\u00eb ken\u00eb p\u00ebrpar\u00ebsi p\u00ebr shqyrtimin e dosjeve t\u00eb depozituara n\u00eb Agjencin\u00eb e Trajtimit t\u00eb Pronave dhe t\u00eb ken\u00eb mund\u00ebsi p\u00ebr t\u00eb rihapur dosje t\u00eb reja.<\/em><\/span><\/p>\n<p><span style=\"color: #000000;\"><em>\u2013\u00a0\u00a0\u00a0\u00a0\u00a0\u00a0 Objektet e kultit t\u00eb deklaruara p\u00ebr legalizim t\u00eb ken\u00eb p\u00ebrpar\u00ebsi n\u00eb legalizimin sipas aplikimeve t\u00eb b\u00ebra n\u00eb Drejtorit\u00eb Rajonale t\u00eb Kadastr\u00ebs dhe t\u00eb jepet e drejta p\u00ebr t\u00eb kryer aplikime t\u00eb reja dhe t\u00eb p\u00ebrjashtohen nga tarifa p\u00ebr legalizimin e objekteve t\u00eb kultit dhe objekteve ndihm\u00ebse n\u00eb referim t\u00eb ligjit.<\/em><\/span><\/p>\n<p><span style=\"color: #000000;\"><em>\u2013\u00a0\u00a0\u00a0\u00a0\u00a0\u00a0 Bashk\u00ebsit\u00eb fetare tradicionale t\u00eb p\u00ebrjashtohen nga tarifa p\u00ebr regjistrimin e pasurive t\u00eb paluajtshme n\u00eb referim t\u00eb ligjit dhe nga tarifat p\u00ebr t\u00eb gjitha llojet e sh\u00ebrbimeve q\u00eb kan\u00eb t\u00eb b\u00ebjn\u00eb me k\u00ebrkesat p\u00ebr Regjistrimin e Pasurive t\u00eb Paluajtshme.<\/em><\/span><\/p>\n<p><span style=\"color: #000000;\"><em>\u2013\u00a0\u00a0\u00a0\u00a0\u00a0\u00a0 Bashk\u00ebsit\u00eb fetare t\u00eb p\u00ebrjashtohen nga tarifat p\u00ebr sh\u00ebrbimet e ofruara nga sh\u00ebrbimi p\u00ebrmbarimor.<\/em><\/span><\/p>\n<p><span style=\"color: #000000;\"><em>\u2013\u00a0\u00a0\u00a0\u00a0\u00a0\u00a0 Bashk\u00ebsit\u00eb fetare t\u00eb p\u00ebrjashtohen nga tarifat gjyq\u00ebsore q\u00eb kan\u00eb t\u00eb b\u00ebjn\u00eb me t\u00eb gjitha marr\u00ebdh\u00ebniet me gjykatat.<\/em><\/span><\/p>\n<p><span style=\"color: #000000;\"><em>Partia e Liris\u00eb shpreh falenderimin, mir\u00ebnjohjen dhe respektin m\u00eb t\u00eb thell\u00eb p\u00ebr t\u00eb gjitha bashk\u00ebsit\u00eb fetare n\u00eb vend, p\u00ebr udh\u00ebheq\u00ebsit e tyre t\u00eb ndritur, t\u00eb cil\u00ebt kontribuojn\u00eb aq shum\u00eb p\u00ebr forcimin e harmonis\u00eb ton\u00eb t\u00eb mrekullueshme nd\u00ebrfetare dhe punojn\u00eb pa u lodhur p\u00ebr t\u00eb edukuar t\u00eb rinjt\u00eb me vlerat m\u00eb t\u00eb mira hyjnore, njer\u00ebzore, shoq\u00ebrore dhe komb\u00ebtare, duke u p\u00ebrpjekur t\u2019i mbajn\u00eb larg veseve<\/em><\/span><\/p>\n<p><span style=\"color: #000000;\"><em>P\u00ebrsh\u00ebndesim p\u00ebrpjekjet e palodhura dhe nismat konkrete t\u00eb komuniteteve fetare p\u00ebr t\u00eb luftuar varf\u00ebrin\u00eb, korrupsionin, arroganc\u00ebn dhe padrejt\u00ebsit\u00eb duke kontribuar p\u00ebr nj\u00eb shoq\u00ebri m\u00eb t\u00eb mir\u00eb, m\u00eb t\u00eb drejt\u00eb dhe m\u00eb t\u00eb dhembshur<\/em><\/span><\/p>\n<p><span style=\"color: #000000;\"><em>Partia e Liris\u00eb vler\u00ebson, ndan t\u00eb nj\u00ebjtin q\u00ebndrim dhe p\u00ebrsh\u00ebndet mesazhet shum\u00eb t\u00eb qarta t\u00eb komuniteteve tona fetare, n\u00eb mbrojtje t\u00eb vlerave t\u00eb familjes, shoq\u00ebris\u00eb dhe t\u00eb kombit nga nismat kriminale t\u00eb \u201cRilindjes\u201d q\u00eb promovojn\u00eb perversitetin dhe devijancat, si \u201cPrindi 1\u201d dhe \u201cPrindi 2\u201d apo ligji fam\u00ebkeq i surrogacis\u00eb.<\/em><\/span><\/p>\n<p><span style=\"color: #000000;\"><em>Gjithashtu p\u00ebrsh\u00ebndesim q\u00ebndrimet e qarta t\u00eb tyre kund\u00ebr axhend\u00ebs s\u00eb q\u00ebllimshme antikomb\u00ebtare t\u00eb shpopullimit dhe ndajm\u00eb t\u00eb nj\u00ebjtin vler\u00ebsim se mesazhi i shenjt\u00eb, p\u00ebrbashkues dhe frym\u00ebzues i udh\u00ebheq\u00ebsve tan\u00eb t\u00eb ndritur dhe t\u00eb paharruar fetar\u00eb \u201cPa Atdhe, nuk ka fe\u201d \u00ebsht\u00eb nj\u00eb amanet p\u00ebr t\u00eb gjith\u00eb shqiptar\u00ebt, q\u00eb nuk duhet harruar kurr\u00eb.<\/em><\/span><\/p>\n","protected":false,"gt_translate_keys":[{"key":"rendered","format":"html"}]},"excerpt":{"rendered":"<p>Sekretari i P\u00ebrgjithsh\u00ebm i Partis\u00eb s\u00eb Liris\u00eb, Tedi Blushi, n\u00eb nj\u00eb deklarat\u00eb p\u00ebr mediat tha se PL do t\u00eb angazhohet q\u00eb t\u00eb kthej\u00eb n\u00eb m\u00ebnyr\u00eb t\u00eb plot\u00eb pronat tek komunitetet fetare dhe se do t\u00eb 10-fishoj\u00eb mb\u00ebshtetjen financiae p\u00ebr komunitetet fetare. \u201cKthimi i plot\u00eb i pronave t\u00eb komuniteteve fetare dhe kompensimi fizik aty ku kthimi [&hellip;]<\/p>\n","protected":false,"gt_translate_keys":[{"key":"rendered","format":"html"}]},"author":32,"featured_media":677558,"comment_status":"closed","ping_status":"open","sticky":false,"template":"","format":"standard","meta":{"footnotes":""},"categories":[65],"tags":[],"class_list":["post-682482","post","type-post","status-publish","format-standard","has-post-thumbnail","hentry","category-lajme"],"gt_translate_keys":[{"key":"link","format":"url"}],"_links":{"self":[{"href":"https:\/\/www.hashtag.al\/index.php\/wp-json\/wp\/v2\/posts\/682482","targetHints":{"allow":["GET"]}}],"collection":[{"href":"https:\/\/www.hashtag.al\/index.php\/wp-json\/wp\/v2\/posts"}],"about":[{"href":"https:\/\/www.hashtag.al\/index.php\/wp-json\/wp\/v2\/types\/post"}],"author":[{"embeddable":true,"href":"https:\/\/www.hashtag.al\/index.php\/wp-json\/wp\/v2\/users\/32"}],"replies":[{"embeddable":true,"href":"https:\/\/www.hashtag.al\/index.php\/wp-json\/wp\/v2\/comments?post=682482"}],"version-history":[{"count":0,"href":"https:\/\/www.hashtag.al\/index.php\/wp-json\/wp\/v2\/posts\/682482\/revisions"}],"wp:featuredmedia":[{"embeddable":true,"href":"https:\/\/www.hashtag.al\/index.php\/wp-json\/wp\/v2\/media\/677558"}],"wp:attachment":[{"href":"https:\/\/www.hashtag.al\/index.php\/wp-json\/wp\/v2\/media?parent=682482"}],"wp:term":[{"taxonomy":"category","embeddable":true,"href":"https:\/\/www.hashtag.al\/index.php\/wp-json\/wp\/v2\/categories?post=682482"},{"taxonomy":"post_tag","embeddable":true,"href":"https:\/\/www.hashtag.al\/index.php\/wp-json\/wp\/v2\/tags?post=682482"}],"curies":[{"name":"wp","href":"https:\/\/api.w.org\/{rel}","templated":true}]}}