{"id":682278,"date":"2024-06-17T22:40:31","date_gmt":"2024-06-17T20:40:31","guid":{"rendered":"https:\/\/www.hashtag.al\/?p=682278"},"modified":"2024-06-17T22:40:31","modified_gmt":"2024-06-17T20:40:31","slug":"stoltenberg-nato-bisedime-per-ti-vene-armet-berthamore-ne-gjendje-gatishmerie","status":"publish","type":"post","link":"https:\/\/www.hashtag.al\/index.php\/2024\/06\/17\/stoltenberg-nato-bisedime-per-ti-vene-armet-berthamore-ne-gjendje-gatishmerie\/","title":{"rendered":"Stoltenberg: NATO, bisedime p\u00ebr t\u2019i v\u00ebn\u00eb arm\u00ebt b\u00ebrthamore n\u00eb gjendje gatishm\u00ebrie","gt_translate_keys":[{"key":"rendered","format":"text"}]},"content":{"rendered":"<p style=\"text-align: left;\"><span style=\"color: #000000;\"><img loading=\"lazy\" decoding=\"async\" class=\"size-full wp-image-682279 aligncenter\" src=\"https:\/\/www.hashtag.al\/wp-content\/uploads\/2024\/06\/Screenshot-2024-06-17-215639.png\" alt=\"\" width=\"915\" height=\"516\" srcset=\"https:\/\/www.hashtag.al\/wp-content\/uploads\/2024\/06\/Screenshot-2024-06-17-215639.png 915w, https:\/\/www.hashtag.al\/wp-content\/uploads\/2024\/06\/Screenshot-2024-06-17-215639-300x169.png 300w, https:\/\/www.hashtag.al\/wp-content\/uploads\/2024\/06\/Screenshot-2024-06-17-215639-768x433.png 768w\" sizes=\"auto, (max-width: 915px) 100vw, 915px\" \/><\/span><\/p>\n<p style=\"text-align: left;\"><span style=\"color: #000000;\">NATO-ja \u00ebsht\u00eb angazhuar n\u00eb bisedime p\u00ebr t\u00eb vendosur m\u00eb shum\u00eb arm\u00eb b\u00ebrthamore n\u00eb gjendje gatishm\u00ebrie, duke i zhvendosur ato nga depot, p\u00ebrball\u00eb k\u00ebrc\u00ebnimeve n\u00eb rritje nga Rusia dhe Kina, deklaroi t\u00eb h\u00ebn\u00ebn shefi i aleanc\u00ebs.<\/span><\/p>\n<p style=\"text-align: left;\"><span style=\"color: #000000;\">Sekretari i P\u00ebrgjithsh\u00ebm i NATO-s Jens Stoltenberg i tha gazet\u00ebs s\u00eb p\u00ebrditshme britanike \u201cThe Telegraph\u201d se shtete an\u00ebtare po diskutojn\u00eb me nj\u00ebra tjetr\u00ebn iden\u00eb p\u00ebr t\u00eb p\u00ebrdorur transparenc\u00ebn rreth arsenalit b\u00ebrthamor t\u00eb aleanc\u00ebs si hap parandalues.<\/span><\/p>\n<p style=\"text-align: left;\"><span style=\"color: #000000;\"><em>\u201cNuk do t\u00eb flas p\u00ebr detaje operacionale se sa koka t\u00eb arm\u00ebve b\u00ebrthamore duhej t\u00eb ishin operacionale dhe se cila duhet t\u00eb mbahen n\u00eb depo, por duhet t\u00eb konsultohemi rreth k\u00ebtyre \u00e7\u00ebshtjeve. Dhe sakt\u00ebsisht k\u00ebt\u00eb po b\u00ebjm\u00eb,\u201d\u00a0<\/em>i tha ai gazet\u00ebs.<\/span><\/p>\n<p style=\"text-align: left;\"><span style=\"color: #000000;\"><em>\u201cTransparenca na ndihmon t\u00eb komunikojm\u00eb mesazhin e drejtp\u00ebrdrejt\u00eb q\u00eb ne jemi, natyrisht, nj\u00eb aleanc\u00eb b\u00ebrthamore.\u201d<\/em><\/span><\/p>\n<p style=\"text-align: left;\"><span style=\"color: #000000;\"><em>\u201cQ\u00ebllimi i NATO-s, natyrisht, \u00ebsht\u00eb nj\u00eb bot\u00eb pa arm\u00eb b\u00ebrthamore, por p\u00ebrderisa arm\u00ebt b\u00ebrthamore ekzistojn\u00eb, ne do t\u00eb vazhdojm\u00eb t\u00eb mbesim aleanc\u00eb b\u00ebrthamore, ngase n\u00eb nj\u00eb bot\u00eb ku Rusia, Kina dhe Koreja e Veriut kan\u00eb arm\u00eb b\u00ebrthamore, dhe NATO-ja nuk ka, ajo bot\u00eb do t\u00eb jet\u00eb bot\u00eb m\u00eb e rrezikshme.\u201d<\/em><\/span><\/p>\n<p style=\"text-align: left;\"><span style=\"color: #000000;\">Jav\u00ebn e kaluar Sekretari Stoltenberg tha se arm\u00ebt b\u00ebrthamore ishin\u00a0<em>\u201cgarancia kryesore e siguris\u00eb\u201d<\/em>\u00a0s\u00eb NATO-s dhe mjet p\u00ebr t\u00eb ruajtur paqen.<\/span><\/p>\n<p style=\"text-align: left;\"><span style=\"color: #000000;\">Z\u00ebdh\u00ebn\u00ebsi i Kremlinit, Dmitry Peskov tha se<em>\u00a0\u201ckjo nuk \u00ebsht\u00eb asgj\u00eb tjet\u00ebr pos nj\u00eb p\u00ebrshkall\u00ebzim tjet\u00ebr tensioni\u201d.<\/em><\/span><\/p>\n<p style=\"text-align: left;\"><span style=\"color: #000000;\">M\u00eb von\u00eb zoti Stoltenberg tha se Rusia po p\u00ebrpiqet t\u00eb krijoj\u00eb huti dhe se komentet e tij i referohen modernizimit t\u00eb arsenalit parandalues b\u00ebrthamor t\u00eb NATO-s, p\u00ebrfshir\u00eb z\u00ebvend\u00ebsimin e avion\u00ebve luftarak\u00eb F-16 me F-35 dhe modernizimin e arm\u00ebve n\u00eb Evrop\u00eb, gj\u00ebra, q\u00eb sipas tij, jan\u00eb b\u00ebr\u00eb t\u00eb ditura tash sa koh\u00eb.<\/span><\/p>\n<p style=\"text-align: left;\"><span style=\"color: #000000;\"><em>\u201cRusia gjithnj\u00eb p\u00ebrpiqet t\u00eb krijoj\u00eb situata p\u00ebr ta faj\u00ebsuar NATO-n, por realiteti \u00ebsht\u00eb q\u00eb NATO-ja \u00ebsht\u00eb transparente\u201d,\u00a0<\/em>u tha ai gazetar\u00ebve n\u00eb Uashington.<\/span><\/p>\n<p style=\"text-align: left;\"><span style=\"color: #000000;\">Gjat\u00eb q\u00ebndrimit n\u00eb Uashington t\u00eb h\u00ebn\u00ebn, Sekretari Stoltenberg tha te mbi 20 shtete an\u00ebtare t\u00eb NATO-s kan\u00eb p\u00ebrmbushur objektivat e aleanc\u00ebs ushtarake per\u00ebndimore p\u00ebr shpenzime ushtarake k\u00ebt\u00eb vit, nj\u00eb rekord nd\u00ebrkoh\u00eb q\u00eb lufta e Rusis\u00eb n\u00eb Ukrain\u00eb po rrit k\u00ebrc\u00ebnimin p\u00ebr nj\u00eb zgjerim t\u00eb konfliktit n\u00eb Evrop\u00eb.<\/span><\/p>\n<p style=\"text-align: left;\"><span style=\"color: #000000;\">Kjo shif\u00ebr paraqet nj\u00eb rritje prej kat\u00ebrfish t\u00eb numrit t\u00eb shteteve an\u00ebtare t\u00eb NATO-s q\u00eb po p\u00ebrmbushin obligimet e tyre rreth shpenzimeve ushtarake krahasuar me vitin 2021. At\u00eb vit, para se Presidenti rus Vladimir Putin t\u00eb sulmonte Ukrain\u00ebn, vet\u00ebm gjasht\u00eb an\u00ebtare t\u00eb NATO-s kishin p\u00ebrmbushur at\u00eb objektiv.<\/span><\/p>\n<p style=\"text-align: left;\"><span style=\"color: #000000;\"><em>\u201cEvropian\u00ebt po b\u00ebjn\u00eb m\u00eb shum\u00eb p\u00ebr sigurin\u00eb e tyre kolektive se para disa vitesh,\u201d<\/em>\u00a0tha zoti Stoltenberg gjat\u00eb nj\u00eb fjalimi n\u00eb Qendr\u00ebn \u2018Wilson\u2019 para se t\u00eb takonte Presidentin amerikan Joe Biden n\u00eb Sht\u00ebpin\u00eb e Bardh\u00eb.<\/span><\/p>\n<p style=\"text-align: left;\"><span style=\"color: #000000;\">An\u00ebtar\u00ebt e NATO-s ran\u00eb dakord vitin e kaluar t\u00eb shpenzojn\u00eb t\u00eb pakt\u00ebn 2 p\u00ebr qind t\u00eb bruto prodhimit t\u00eb tyre vendor p\u00ebr mbrojtjen. Kjo rritje n\u00eb shpenzimet p\u00ebr mbrojtjen \u00ebsht\u00eb reflektim i shqet\u00ebsimeve rreth luft\u00ebs n\u00eb Ukrain\u00eb.<\/span><\/p>\n<p style=\"text-align: left;\"><span style=\"color: #000000;\">Disa vende jan\u00eb t\u00eb shqet\u00ebsuara edhe p\u00ebr shkak t\u00eb mund\u00ebsis\u00eb s\u00eb rizgjedhjes s\u00eb ish Presidentit Donald Trump, i cili i ka p\u00ebrshkruar shum\u00eb nga aleat\u00ebt e NATO-s se po shfryt\u00ebzojn\u00eb shpenzimet ushtarake amerikane dhe gjat\u00eb fushat\u00ebs ka deklaruar se nuk do t\u00eb mbroj\u00eb an\u00ebtar\u00ebt e NATO-s q\u00eb nuk p\u00ebrmbushin objektiva e shpenzimeve p\u00ebr \u00e7\u00ebshtje t\u00eb mbrojtjes.<\/span><\/p>\n<p style=\"text-align: left;\"><span style=\"color: #000000;\">Vizita e Sekretarit Stoltenberg po krijon kontekstin p\u00ebr takimin e r\u00ebnd\u00ebsish\u00ebm t\u00eb udh\u00ebheq\u00ebsve t\u00eb NATO-s q\u00eb do t\u00eb mbahet n\u00eb muajin korrik n\u00eb Uashington. Aleanca p\u00ebr mbrojtje t\u00eb nd\u00ebrsjell\u00eb \u00ebsht\u00eb rritur n\u00eb num\u00ebr dhe n\u00eb forc\u00eb q\u00eb prej sulmit t\u00eb Rusis\u00eb ndaj Ukrain\u00ebs para dy vitesh, duke pranuar n\u00eb radh\u00ebt e saj Suedin\u00eb dhe Finland\u00ebn.<\/span><\/p>\n<p style=\"text-align: left;\"><span style=\"color: #000000;\">Pjesa m\u00eb e madhe e takimit pritet t\u00eb p\u00ebrqendrohet tek diskutimet se \u00e7far\u00eb mund t\u00eb b\u00ebj\u00eb NATO dhe qeverit\u00eb e shteteve an\u00ebtare t\u00eb saj p\u00ebr Ukrain\u00ebn, e cila vazhdon t\u00eb p\u00ebrballet me sulme t\u00eb pand\u00ebrprera ajrore dhe tok\u00ebsore nga Rusia. Deri m\u00eb tani, k\u00ebto qeveri u kan\u00eb rezistuar thirrjeve t\u00eb Presidentit ukrainas Volodymyr Zelenskyy q\u00eb ta pranojn\u00eb shtetin e tij n\u00eb aleanc\u00eb p\u00ebrderisa lufta ende po vazhdon.<\/span><\/p>\n<p style=\"text-align: left;\"><span style=\"color: #000000;\">Sekretari Stoltenberg u p\u00ebrqendrua tek p\u00ebrpjekjet p\u00ebr t\u2019i ndihmuar Ukrain\u00ebs gjat\u00eb k\u00ebsaj periudhe. K\u00ebto p\u00ebrpjekje p\u00ebrfshijn\u00eb thjeshtimin e nj\u00eb procesi p\u00ebr an\u00ebtar\u00ebsimin e dikursh\u00ebm t\u00eb Ukrain\u00ebs n\u00eb NATO dhe furnizimin me arm\u00eb dhe trajnim ushtris\u00eb s\u00eb Ukrain\u00ebs nga shtetet an\u00ebtare t\u00eb NATO-s, p\u00ebrfshir\u00eb Shtetet e Bashkuara t\u00eb cilat po i japin Ukrain\u00ebs aeroplan\u00ebt F-16 dhe po trajnojn\u00eb pilot\u00ebt ukrainas n\u00eb Shtetet e Bashkuara p\u00ebr t\u00eb drejtuar k\u00ebta avion\u00eb luftarak\u00eb t\u00eb avancuar.<\/span><\/p>\n<p style=\"text-align: left;\"><span style=\"color: #000000;\"><em>\u201cIdeja \u00ebsht\u00eb t\u2019i afrojm\u00eb sa m\u00eb af\u00ebr an\u00ebtar\u00ebsimit n\u00eb m\u00ebnyr\u00eb q\u00eb kur t\u00eb vij\u00eb koha, kur ka konsensus, t\u00eb b\u00ebhet an\u00ebtare menj\u00ebher\u00eb,\u201d\u00a0<\/em>deklaroi zoti Stoltenberg.<\/span><\/p>\n<p style=\"text-align: left;\"><span style=\"color: #000000;\">Pavar\u00ebsisht se si p\u00ebrfundon ofensiva e Rusis\u00eb, an\u00ebtar\u00ebsimi i Ukrain\u00ebs n\u00eb aleanc\u00eb do t\u2019ia nd\u00ebrroj\u00eb mendjen zotit Putin q\u00eb t\u00eb provoj\u00eb s\u00ebrish n\u00eb t\u00eb ardhmen q\u00eb ta pushtoj\u00eb Ukrain\u00ebn, tha shefi i NATO-s.<\/span><\/p>\n<p style=\"text-align: left;\"><span style=\"color: #000000;\"><em>\u201cKur luftimet p\u00ebrfundojn\u00eb, an\u00ebtar\u00ebsimi n\u00eb NATO\u201d<\/em>\u00a0i Ukrain\u00ebs\u00a0<em>\u201cdo t\u00eb siguroj\u00eb q\u00eb lufta me t\u00eb v\u00ebrtet\u00eb do t\u00eb marr\u00eb fund,\u201d<\/em> tha ai.\/<a style=\"color: #000000;\" href=\"https:\/\/www.zeriamerikes.com\/a\/7659475.html\">Voa<\/a><\/span><\/p>\n","protected":false,"gt_translate_keys":[{"key":"rendered","format":"html"}]},"excerpt":{"rendered":"<p>NATO-ja \u00ebsht\u00eb angazhuar n\u00eb bisedime p\u00ebr t\u00eb vendosur m\u00eb shum\u00eb arm\u00eb b\u00ebrthamore n\u00eb gjendje gatishm\u00ebrie, duke i zhvendosur ato nga depot, p\u00ebrball\u00eb k\u00ebrc\u00ebnimeve n\u00eb rritje nga Rusia dhe Kina, deklaroi t\u00eb h\u00ebn\u00ebn shefi i aleanc\u00ebs. Sekretari i P\u00ebrgjithsh\u00ebm i NATO-s Jens Stoltenberg i tha gazet\u00ebs s\u00eb p\u00ebrditshme britanike \u201cThe Telegraph\u201d se shtete an\u00ebtare po diskutojn\u00eb [&hellip;]<\/p>\n","protected":false,"gt_translate_keys":[{"key":"rendered","format":"html"}]},"author":4,"featured_media":682279,"comment_status":"closed","ping_status":"open","sticky":false,"template":"","format":"standard","meta":{"footnotes":""},"categories":[6],"tags":[],"class_list":["post-682278","post","type-post","status-publish","format-standard","has-post-thumbnail","hentry","category-nderkombetare"],"gt_translate_keys":[{"key":"link","format":"url"}],"_links":{"self":[{"href":"https:\/\/www.hashtag.al\/index.php\/wp-json\/wp\/v2\/posts\/682278","targetHints":{"allow":["GET"]}}],"collection":[{"href":"https:\/\/www.hashtag.al\/index.php\/wp-json\/wp\/v2\/posts"}],"about":[{"href":"https:\/\/www.hashtag.al\/index.php\/wp-json\/wp\/v2\/types\/post"}],"author":[{"embeddable":true,"href":"https:\/\/www.hashtag.al\/index.php\/wp-json\/wp\/v2\/users\/4"}],"replies":[{"embeddable":true,"href":"https:\/\/www.hashtag.al\/index.php\/wp-json\/wp\/v2\/comments?post=682278"}],"version-history":[{"count":0,"href":"https:\/\/www.hashtag.al\/index.php\/wp-json\/wp\/v2\/posts\/682278\/revisions"}],"wp:featuredmedia":[{"embeddable":true,"href":"https:\/\/www.hashtag.al\/index.php\/wp-json\/wp\/v2\/media\/682279"}],"wp:attachment":[{"href":"https:\/\/www.hashtag.al\/index.php\/wp-json\/wp\/v2\/media?parent=682278"}],"wp:term":[{"taxonomy":"category","embeddable":true,"href":"https:\/\/www.hashtag.al\/index.php\/wp-json\/wp\/v2\/categories?post=682278"},{"taxonomy":"post_tag","embeddable":true,"href":"https:\/\/www.hashtag.al\/index.php\/wp-json\/wp\/v2\/tags?post=682278"}],"curies":[{"name":"wp","href":"https:\/\/api.w.org\/{rel}","templated":true}]}}