{"id":682271,"date":"2024-06-17T20:56:30","date_gmt":"2024-06-17T18:56:30","guid":{"rendered":"https:\/\/www.hashtag.al\/?p=682271"},"modified":"2024-06-17T20:56:30","modified_gmt":"2024-06-17T18:56:30","slug":"kryeministri-izraelit-shperndan-kabinetin-e-luftes","status":"publish","type":"post","link":"https:\/\/www.hashtag.al\/index.php\/2024\/06\/17\/kryeministri-izraelit-shperndan-kabinetin-e-luftes\/","title":{"rendered":"Kryeministri izraelit shp\u00ebrndan kabinetin e luft\u00ebs","gt_translate_keys":[{"key":"rendered","format":"text"}]},"content":{"rendered":"<p style=\"text-align: left;\"><span style=\"color: #000000;\"><img loading=\"lazy\" decoding=\"async\" class=\"size-full wp-image-679992 aligncenter\" src=\"https:\/\/www.hashtag.al\/wp-content\/uploads\/2024\/06\/Benjamin-Netanyahu1-768x431-1.jpg\" alt=\"\" width=\"768\" height=\"431\" srcset=\"https:\/\/www.hashtag.al\/wp-content\/uploads\/2024\/06\/Benjamin-Netanyahu1-768x431-1.jpg 768w, https:\/\/www.hashtag.al\/wp-content\/uploads\/2024\/06\/Benjamin-Netanyahu1-768x431-1-300x168.jpg 300w\" sizes=\"auto, (max-width: 768px) 100vw, 768px\" \/><\/span><\/p>\n<p style=\"text-align: left;\"><span style=\"color: #000000;\">Pas dor\u00ebheqjes s\u00eb ish gjeneralit Benny Gantz nga qeveria, Kryeministri izraelit, Benjamin Netanyahu, vendosi t\u00eb shp\u00ebrndaj kabinetin e luft\u00ebs q\u00eb u krijua pas sulmit t\u00eb 7 tetorit nga Hamasi n\u00eb Izrael. Lajmi u b\u00eb i ditur pasi ushtria izraelite njoftoi gjat\u00eb fundjav\u00ebs p\u00ebr nj\u00eb \u201cndalim t\u00eb p\u00ebrkohsh\u00ebm t\u00eb luftimeve, gjat\u00eb dit\u00ebs, q\u00eb e quajti nj\u00eb vendim taktik t\u00eb saj me synimin p\u00ebr futjen e ndihmave n\u00eb Gaz\u00eb. Si\u00e7 njofton korrespondenti i Z\u00ebrit t\u00eb Amerik\u00ebs, Arash Arabasadi, vendimi nuk n\u00ebnkupton fillimin e nj\u00eb arm\u00ebpushimi t\u00eb plot\u00eb si\u00e7 \u00ebsht\u00eb k\u00ebrkuar edhe nga Presidenti i Shteteve t\u00eb Bashkuara Joe Biden.<\/span><\/p>\n<p style=\"text-align: left;\"><span style=\"color: #000000;\">Kryeministri izraelit Benjamin Netanyahu vendosi t\u00eb shp\u00ebrndaj kabinetin e luft\u00ebs prej gjasht\u00eb an\u00ebtar\u00ebsh, nj\u00eb vendim q\u00eb pritej pas dor\u00ebheqjes s\u00eb politikanit t\u00eb qendr\u00ebs, Benny Gantz.<\/span><\/p>\n<p><span style=\"color: #000000;\">Kryeministri Netanyahu pritet tashm\u00eb t\u00eb zhvilloj\u00eb konsultime p\u00ebr luft\u00ebn n\u00eb Gaz\u00eb me nj\u00eb grup t\u00eb vog\u00ebl ministrash, duke p\u00ebrfshir\u00eb ministrin e Mbrojtjes Yoav Gallant dhe ministrin e \u00c7\u00ebshtjeve Strategjike Ron Dermer, t\u00eb cil\u00ebt ishin pjes\u00eb e kabinetit t\u00eb luft\u00ebs.<\/span><\/p>\n<p><span style=\"color: #000000;\">Nd\u00ebrkaq, Forcat izraelite t\u00eb Mbrojtjes publikuan nj\u00eb video k\u00ebt\u00eb fundjav\u00eb ku thuhet se nj\u00ebsit\u00eb elitare sulmonin at\u00eb q\u00eb e p\u00ebrshkruan si \u201cinfrastruktur\u00eb terroriste\u201d n\u00eb Gaz\u00eb me\u00a0<em>\u201csasi t\u00eb m\u00ebdha arm\u00ebsh\u201d.<\/em><\/span><\/p>\n<p><span style=\"color: #000000;\">Videot e forcave izraelite nuk jan\u00eb t\u00eb verifikuara nga burime t\u00eb pavarura.<\/span><\/p>\n<p><span style=\"color: #000000;\">Kjo \u00ebsht\u00eb nj\u00eb nga ofensivat e fundit t\u00eb Izraelit n\u00eb konfliktin q\u00eb filloi para n\u00ebnt\u00eb muajsh. Lufta filloi pas sulmit terrorist t\u00eb Hamasit m\u00eb 7 tetor n\u00eb Izrael. At\u00eb dit\u00eb, grupi, i shpallur si organizat\u00eb terroriste nga per\u00ebndimi, dhe aleat\u00ebt e tij sulmuan kufirin me Izraelin duke vrar\u00eb 1200 njer\u00ebz dhe duke rr\u00ebmbyer 250 t\u00eb tjer\u00eb.<\/span><\/p>\n<p><span style=\"color: #000000;\">Kund\u00ebrp\u00ebrgjigja ushtarake izraelite ishte e fuqishme duke vrar\u00eb m\u00eb shum\u00eb se 37 mij\u00eb njer\u00ebz, kryesisht civil\u00eb, sipas t\u00eb dh\u00ebnave t\u00eb Hamasit q\u00eb nuk jan\u00eb t\u00eb konfirmuara nga burime t\u00eb pavarura.<\/span><\/p>\n<p><span style=\"color: #000000;\">Kombet e Bashkuara kan\u00eb paralajm\u00ebruar p\u00ebr muaj t\u00eb t\u00ebr\u00eb p\u00ebr \u201ckatastrof\u00eb\u201d dhe \u201curi\u201d n\u00eb Gaz\u00eb\u201d, pasi Izraeli mbylli pikat e hyrjes ku normalisht do t\u00eb kalonin ushqimi, uji, karburanti dhe ila\u00e7et.<\/span><\/p>\n<p><span style=\"color: #000000;\">Por q\u00eb nga e diela, Forcat e Mbrojtjes s\u00eb Izraelit njoftuan p\u00ebr nj\u00eb \u201cndales\u00eb t\u00eb p\u00ebrkohshme t\u00eb luftimeve\u201d gjat\u00eb dit\u00ebs.<\/span><\/p>\n<p><span style=\"color: #000000;\">Nga pes\u00eb e m\u00ebngjesit deri n\u00eb kat\u00ebr pasdite, ndalesa synon t\u00eb lejoj\u00eb kalimin e sigurt t\u00eb kamion\u00ebve me ndihma q\u00eb sjellin furnizimet shum\u00eb t\u00eb nevojshme n\u00eb Gaz\u00eb.<\/span><\/p>\n<p><span style=\"color: #000000;\">Njoftimi u mir\u00ebprit nga organizatat humanitare q\u00eb b\u00ebjn\u00eb p\u00ebrpjekje p\u00ebr muaj t\u00eb t\u00ebr\u00eb p\u00ebr t\u00eb ofruar ndihma.<\/span><\/p>\n<p><span style=\"color: #000000;\"><em>\u201cK\u00ebtu kemi nj\u00eb katastrof\u00eb t\u00eb munges\u00ebs s\u00eb ujit dhe higjien\u00ebs. Njer\u00ebzit kan\u00eb nd\u00ebrtuar kampe n\u00eb rrug\u00eb, n\u00eb plazh apo n\u00eb rastin m\u00eb t\u00eb mir\u00eb n\u00eb ndonj\u00eb strehimore. Aty tani jan\u00eb krijuar lumenj t\u00eb uj\u00ebrave t\u00eb zeza\u201d,<\/em>\u00a0thot\u00eb Carl Skau nga Programi Bot\u00ebror i Ushqimit i OKB-s\u00eb.<\/span><\/p>\n<p><span style=\"color: #000000;\">Lajmi p\u00ebr \u201cndales\u00ebn e p\u00ebrkohshme taktike\u201d vjen pasi qeveria e kryeministrit Benjamin Netanyahu njoftoi se tet\u00eb nga ushtar\u00ebt e saj u vran\u00eb n\u00eb Rafah t\u00eb Rripit t\u00eb Gaz\u00ebs n\u00eb at\u00eb q\u00eb ishte sulmi m\u00eb vdekjeprur\u00ebs i till\u00eb nga Hamasi q\u00eb disa muaj.<\/span><\/p>\n<p><span style=\"color: #000000;\">Kryeministri Netanyahu tha se ata u vran\u00eb nga nj\u00eb raket\u00eb antitank apo nj\u00eb bomb\u00eb q\u00eb ishte v\u00ebn\u00eb n\u00eb rrug\u00eb.<\/span><\/p>\n<p><span style=\"color: #000000;\">Nd\u00ebrkoh\u00eb, izraelit\u00ebt vazhduan protestat e tyre javore kund\u00ebr qeveris\u00eb s\u00eb zotit Netanyahu duke b\u00ebr\u00eb thirrje p\u00ebr fundin e luft\u00ebs dhe lirimin e pengjeve t\u00eb marr\u00eb nga Hamasi.<\/span><\/p>\n<p><span style=\"color: #000000;\">Lajmi p\u00ebr hyrjen e sigurt t\u00eb ndihmave humanitare vjen nd\u00ebrsa myslimanet festojn\u00eb Kurban Bajramin. K\u00ebt\u00eb vit kjo fest\u00eb merr nj\u00eb kuptim t\u00eb ri. Pas disa muajsh luft\u00eb, n\u00eb vend q\u00eb t\u00eb festojn\u00eb n\u00eb sht\u00ebpit\u00eb e tyre, shum\u00eb palestinez\u00eb tashm\u00eb luten mbi grumbuj gur\u00ebsh dhe rr\u00ebnojash.<\/span><span style=\"color: #0000ff;\"><strong><a style=\"color: #0000ff;\" href=\"https:\/\/www.zeriamerikes.com\/a\/7658880.html\">\/VOA<\/a><\/strong><\/span><\/p>\n<div class=\"wsw__embed\">\n<div class=\"media-pholder media-pholder--video \">\n<div class=\"c-sticky-container\" data-poster=\"https:\/\/gdb.voanews.com\/01000000-0aff-0242-c068-08dc8eea9241_tv_w250_r1.jpg\">\n<div id=\"sp-1\" class=\"c-sticky-element c-sticky-element--initialised\" data-sp_api=\"pangea-video\" data-persistent=\"\" data-persistent-browse-out=\"\" data-sp_instance_id=\"1\">\n<div class=\"c-mmp c-mmp--enabled c-mmp--video c-mmp--standard c-mmp--has-poster c-sticky-element__swipe-el c-mmp--paused c-mmp--can-play c-mmp--s c-mmp--rendered\" data-player_id=\"1\" data-title=\"Kryeministri izraelit shp\u00ebrndan kabinetin e luft\u00ebs \" data-hide-title=\"False\" data-breakpoint_s=\"320\" data-breakpoint_m=\"640\" data-breakpoint_l=\"992\" data-hlsjs-src=\"\/Scripts\/responsive\/hls.b\" data-bypass-dash-for-vod=\"true\" data-bypass-dash-for-live-video=\"true\" data-bypass-dash-for-live-audio=\"true\"><\/div>\n<\/div>\n<\/div>\n<\/div>\n<\/div>\n","protected":false,"gt_translate_keys":[{"key":"rendered","format":"html"}]},"excerpt":{"rendered":"<p>Pas dor\u00ebheqjes s\u00eb ish gjeneralit Benny Gantz nga qeveria, Kryeministri izraelit, Benjamin Netanyahu, vendosi t\u00eb shp\u00ebrndaj kabinetin e luft\u00ebs q\u00eb u krijua pas sulmit t\u00eb 7 tetorit nga Hamasi n\u00eb Izrael. Lajmi u b\u00eb i ditur pasi ushtria izraelite njoftoi gjat\u00eb fundjav\u00ebs p\u00ebr nj\u00eb \u201cndalim t\u00eb p\u00ebrkohsh\u00ebm t\u00eb luftimeve, gjat\u00eb dit\u00ebs, q\u00eb e quajti nj\u00eb [&hellip;]<\/p>\n","protected":false,"gt_translate_keys":[{"key":"rendered","format":"html"}]},"author":4,"featured_media":679992,"comment_status":"closed","ping_status":"open","sticky":false,"template":"","format":"standard","meta":{"footnotes":""},"categories":[6],"tags":[],"class_list":["post-682271","post","type-post","status-publish","format-standard","has-post-thumbnail","hentry","category-nderkombetare"],"gt_translate_keys":[{"key":"link","format":"url"}],"_links":{"self":[{"href":"https:\/\/www.hashtag.al\/index.php\/wp-json\/wp\/v2\/posts\/682271","targetHints":{"allow":["GET"]}}],"collection":[{"href":"https:\/\/www.hashtag.al\/index.php\/wp-json\/wp\/v2\/posts"}],"about":[{"href":"https:\/\/www.hashtag.al\/index.php\/wp-json\/wp\/v2\/types\/post"}],"author":[{"embeddable":true,"href":"https:\/\/www.hashtag.al\/index.php\/wp-json\/wp\/v2\/users\/4"}],"replies":[{"embeddable":true,"href":"https:\/\/www.hashtag.al\/index.php\/wp-json\/wp\/v2\/comments?post=682271"}],"version-history":[{"count":0,"href":"https:\/\/www.hashtag.al\/index.php\/wp-json\/wp\/v2\/posts\/682271\/revisions"}],"wp:featuredmedia":[{"embeddable":true,"href":"https:\/\/www.hashtag.al\/index.php\/wp-json\/wp\/v2\/media\/679992"}],"wp:attachment":[{"href":"https:\/\/www.hashtag.al\/index.php\/wp-json\/wp\/v2\/media?parent=682271"}],"wp:term":[{"taxonomy":"category","embeddable":true,"href":"https:\/\/www.hashtag.al\/index.php\/wp-json\/wp\/v2\/categories?post=682271"},{"taxonomy":"post_tag","embeddable":true,"href":"https:\/\/www.hashtag.al\/index.php\/wp-json\/wp\/v2\/tags?post=682271"}],"curies":[{"name":"wp","href":"https:\/\/api.w.org\/{rel}","templated":true}]}}