{"id":681908,"date":"2024-06-15T22:10:35","date_gmt":"2024-06-15T20:10:35","guid":{"rendered":"https:\/\/www.hashtag.al\/?p=681908"},"modified":"2024-06-15T22:10:43","modified_gmt":"2024-06-15T20:10:43","slug":"rekordi-goli-i-nedim-bajramit-me-i-shpejti-ne-historine-e-evropianeve","status":"publish","type":"post","link":"https:\/\/www.hashtag.al\/index.php\/2024\/06\/15\/rekordi-goli-i-nedim-bajramit-me-i-shpejti-ne-historine-e-evropianeve\/","title":{"rendered":"Rekordi, goli i Nedim Bajramit m\u00eb i shpejti n\u00eb historin\u00eb e evropian\u00ebve","gt_translate_keys":[{"key":"rendered","format":"text"}]},"content":{"rendered":"<p><img loading=\"lazy\" decoding=\"async\" class=\"aligncenter size-full wp-image-681910\" src=\"https:\/\/www.hashtag.al\/wp-content\/uploads\/2024\/06\/bajrami.jpg\" alt=\"\" width=\"1080\" height=\"1350\" srcset=\"https:\/\/www.hashtag.al\/wp-content\/uploads\/2024\/06\/bajrami.jpg 1080w, https:\/\/www.hashtag.al\/wp-content\/uploads\/2024\/06\/bajrami-240x300.jpg 240w, https:\/\/www.hashtag.al\/wp-content\/uploads\/2024\/06\/bajrami-819x1024.jpg 819w, https:\/\/www.hashtag.al\/wp-content\/uploads\/2024\/06\/bajrami-768x960.jpg 768w\" sizes=\"auto, (max-width: 1080px) 100vw, 1080px\" \/><\/p>\n<p><span style=\"color: #000000;\">Goli i Nedim Bajramit n\u00eb sekond\u00ebn e 23 n\u00eb ndeshjen ndaj Italis\u00eb \u00ebsht\u00eb goli m\u00eb i shpejt\u00eb n\u00eb historin\u00eb e Evropian\u00ebve t\u00eb fubollit.<\/span><\/p>\n<p><span style=\"color: #000000;\"> Faqja UEFA n\u00eb Facebook konfirmon rekordin p\u00ebrmes nj\u00eb postimi t\u00eb dedikuar p\u00ebr lojtarin e komb\u00ebtares shqiptare. <\/span><\/p>\n<p><span style=\"color: #000000;\">Pjesa e par\u00eb e ndeshjes u mbyll me avantazhin e Italis\u00eb q\u00eb sh\u00ebnoi dy gola t\u00eb shpejt\u00eb me Bastoni e Barrella.<\/span><\/p>\n<p><span style=\"color: #000000;\"><img loading=\"lazy\" decoding=\"async\" class=\"aligncenter size-full wp-image-681909\" src=\"https:\/\/www.hashtag.al\/wp-content\/uploads\/2024\/06\/bajarami.png\" alt=\"\" width=\"690\" height=\"746\" srcset=\"https:\/\/www.hashtag.al\/wp-content\/uploads\/2024\/06\/bajarami.png 690w, https:\/\/www.hashtag.al\/wp-content\/uploads\/2024\/06\/bajarami-277x300.png 277w\" sizes=\"auto, (max-width: 690px) 100vw, 690px\" \/><\/span><\/p>\n","protected":false,"gt_translate_keys":[{"key":"rendered","format":"html"}]},"excerpt":{"rendered":"<p>Goli i Nedim Bajramit n\u00eb sekond\u00ebn e 23 n\u00eb ndeshjen ndaj Italis\u00eb \u00ebsht\u00eb goli m\u00eb i shpejt\u00eb n\u00eb historin\u00eb e Evropian\u00ebve t\u00eb fubollit. Faqja UEFA n\u00eb Facebook konfirmon rekordin p\u00ebrmes nj\u00eb postimi t\u00eb dedikuar p\u00ebr lojtarin e komb\u00ebtares shqiptare. Pjesa e par\u00eb e ndeshjes u mbyll me avantazhin e Italis\u00eb q\u00eb sh\u00ebnoi dy gola t\u00eb [&hellip;]<\/p>\n","protected":false,"gt_translate_keys":[{"key":"rendered","format":"html"}]},"author":51,"featured_media":681910,"comment_status":"closed","ping_status":"open","sticky":false,"template":"","format":"standard","meta":{"footnotes":""},"categories":[134],"tags":[],"class_list":["post-681908","post","type-post","status-publish","format-standard","has-post-thumbnail","hentry","category-sport"],"gt_translate_keys":[{"key":"link","format":"url"}],"_links":{"self":[{"href":"https:\/\/www.hashtag.al\/index.php\/wp-json\/wp\/v2\/posts\/681908","targetHints":{"allow":["GET"]}}],"collection":[{"href":"https:\/\/www.hashtag.al\/index.php\/wp-json\/wp\/v2\/posts"}],"about":[{"href":"https:\/\/www.hashtag.al\/index.php\/wp-json\/wp\/v2\/types\/post"}],"author":[{"embeddable":true,"href":"https:\/\/www.hashtag.al\/index.php\/wp-json\/wp\/v2\/users\/51"}],"replies":[{"embeddable":true,"href":"https:\/\/www.hashtag.al\/index.php\/wp-json\/wp\/v2\/comments?post=681908"}],"version-history":[{"count":0,"href":"https:\/\/www.hashtag.al\/index.php\/wp-json\/wp\/v2\/posts\/681908\/revisions"}],"wp:featuredmedia":[{"embeddable":true,"href":"https:\/\/www.hashtag.al\/index.php\/wp-json\/wp\/v2\/media\/681910"}],"wp:attachment":[{"href":"https:\/\/www.hashtag.al\/index.php\/wp-json\/wp\/v2\/media?parent=681908"}],"wp:term":[{"taxonomy":"category","embeddable":true,"href":"https:\/\/www.hashtag.al\/index.php\/wp-json\/wp\/v2\/categories?post=681908"},{"taxonomy":"post_tag","embeddable":true,"href":"https:\/\/www.hashtag.al\/index.php\/wp-json\/wp\/v2\/tags?post=681908"}],"curies":[{"name":"wp","href":"https:\/\/api.w.org\/{rel}","templated":true}]}}