{"id":681474,"date":"2024-06-13T20:54:49","date_gmt":"2024-06-13T18:54:49","guid":{"rendered":"https:\/\/www.hashtag.al\/?p=681474"},"modified":"2024-06-13T20:54:49","modified_gmt":"2024-06-13T18:54:49","slug":"salianji-i-ben-thirrje-kolegeve-per-bashkim-te-mos-i-japim-oksigjen-qeverise","status":"publish","type":"post","link":"https:\/\/www.hashtag.al\/index.php\/2024\/06\/13\/salianji-i-ben-thirrje-kolegeve-per-bashkim-te-mos-i-japim-oksigjen-qeverise\/","title":{"rendered":"Salianji i b\u00ebn thirrje koleg\u00ebve p\u00ebr bashkim: T\u00eb mos i japim oksigjen qeveris\u00eb","gt_translate_keys":[{"key":"rendered","format":"text"}]},"content":{"rendered":"<p><span style=\"color: #000000;\"><a style=\"color: #000000;\" href=\"https:\/\/www.hashtag.al\/wp-content\/uploads\/2024\/06\/Ervin-Salianji1-768x432-1.jpg\"><img loading=\"lazy\" decoding=\"async\" class=\"aligncenter size-full wp-image-680994\" src=\"https:\/\/www.hashtag.al\/wp-content\/uploads\/2024\/06\/Ervin-Salianji1-768x432-1.jpg\" alt=\"\" width=\"768\" height=\"432\" srcset=\"https:\/\/www.hashtag.al\/wp-content\/uploads\/2024\/06\/Ervin-Salianji1-768x432-1.jpg 768w, https:\/\/www.hashtag.al\/wp-content\/uploads\/2024\/06\/Ervin-Salianji1-768x432-1-300x169.jpg 300w\" sizes=\"auto, (max-width: 768px) 100vw, 768px\" \/><\/a><\/span><\/p>\n<p><span style=\"color: #000000;\">Deputeti demokrat Ervin Salianji ka b\u00ebr\u00eb nj\u00eb thirrje p\u00ebr bashkim t\u00eb t\u00eb gjith\u00eb demokrat\u00ebve n\u00eb Partin\u00eb Demokratike, pas vendimit t\u00eb Gjykat\u00ebs s\u00eb Apelit q\u00eb njohu Sali Berish\u00ebn si kryetar t\u00eb partis\u00eb, duke i dh\u00ebn\u00eb atij vul\u00ebn dhe logon e PD-s\u00eb.<\/span><\/p>\n<p><span style=\"color: #000000;\">N\u00eb apelimin e tij, Salianji theksoi se askush nuk duhet t\u00eb humbas\u00eb kontributet e tij n\u00eb k\u00ebt\u00eb parti dhe se \u00ebsht\u00eb e r\u00ebnd\u00ebsishme q\u00eb t\u00eb gjith\u00eb t\u00eb bashkohen p\u00ebr t\u00eb rikapitalizuar kontributet e tyre n\u00eb Partin\u00eb Demokratike. Ai theksoi nevoj\u00ebn p\u00ebr nj\u00eb bashkim t\u00eb p\u00ebrgjithsh\u00ebm brenda partis\u00eb, duke p\u00ebrfshir\u00eb t\u00eb gjith\u00eb ata q\u00eb kan\u00eb kontribuar n\u00eb t\u00eb kaluar\u00ebn dhe q\u00eb duan t\u00eb vazhdojn\u00eb t\u00eb japin kontributin e tyre p\u00ebr t\u00eb ardhmen e PD-s\u00eb.<\/span><\/p>\n<p><span style=\"color: #000000;\">\u201c<em>Duhet t\u00eb bashkohemi t\u00eb gjith\u00eb bashk\u00eb dhe betejat p\u00ebr ide ti b\u00ebjm\u00eb aty. T\u00eb mos humben kontributet e askujt q\u00eb ka dh\u00ebn\u00eb n\u00eb PD.<\/em><\/span><\/p>\n<p><span style=\"color: #000000;\"><em>Ne jemi garancia, sikund\u00ebr kemi qen\u00eb edhe m\u00eb par\u00eb.<\/em><\/span><\/p>\n<p><span style=\"color: #000000;\"><em>Shumicat dhe pakicat nuk jan\u00eb t\u00eb p\u00ebrjetshme n\u00eb partit\u00eb politike. T\u00eb mos i japim oksigjen Qeveris\u00eb duke qen\u00eb t\u00eb shp\u00ebrndar\u00eb, t\u2019i n\u00ebnshtrohemi rregullave, t\u00eb njohim fuqin\u00eb e vot\u00ebs.<\/em><\/span><\/p>\n<p><span style=\"color: #000000;\"><em>Vota e p\u00ebrcakton se kush drejton<\/em>\u201d, tha Salianji.<\/span><\/p>\n","protected":false,"gt_translate_keys":[{"key":"rendered","format":"html"}]},"excerpt":{"rendered":"<p>Deputeti demokrat Ervin Salianji ka b\u00ebr\u00eb nj\u00eb thirrje p\u00ebr bashkim t\u00eb t\u00eb gjith\u00eb demokrat\u00ebve n\u00eb Partin\u00eb Demokratike, pas vendimit t\u00eb Gjykat\u00ebs s\u00eb Apelit q\u00eb njohu Sali Berish\u00ebn si kryetar t\u00eb partis\u00eb, duke i dh\u00ebn\u00eb atij vul\u00ebn dhe logon e PD-s\u00eb. N\u00eb apelimin e tij, Salianji theksoi se askush nuk duhet t\u00eb humbas\u00eb kontributet e tij [&hellip;]<\/p>\n","protected":false,"gt_translate_keys":[{"key":"rendered","format":"html"}]},"author":32,"featured_media":680994,"comment_status":"closed","ping_status":"open","sticky":false,"template":"","format":"standard","meta":{"footnotes":""},"categories":[65,13],"tags":[],"class_list":["post-681474","post","type-post","status-publish","format-standard","has-post-thumbnail","hentry","category-lajme","category-te-fundit"],"gt_translate_keys":[{"key":"link","format":"url"}],"_links":{"self":[{"href":"https:\/\/www.hashtag.al\/index.php\/wp-json\/wp\/v2\/posts\/681474","targetHints":{"allow":["GET"]}}],"collection":[{"href":"https:\/\/www.hashtag.al\/index.php\/wp-json\/wp\/v2\/posts"}],"about":[{"href":"https:\/\/www.hashtag.al\/index.php\/wp-json\/wp\/v2\/types\/post"}],"author":[{"embeddable":true,"href":"https:\/\/www.hashtag.al\/index.php\/wp-json\/wp\/v2\/users\/32"}],"replies":[{"embeddable":true,"href":"https:\/\/www.hashtag.al\/index.php\/wp-json\/wp\/v2\/comments?post=681474"}],"version-history":[{"count":0,"href":"https:\/\/www.hashtag.al\/index.php\/wp-json\/wp\/v2\/posts\/681474\/revisions"}],"wp:featuredmedia":[{"embeddable":true,"href":"https:\/\/www.hashtag.al\/index.php\/wp-json\/wp\/v2\/media\/680994"}],"wp:attachment":[{"href":"https:\/\/www.hashtag.al\/index.php\/wp-json\/wp\/v2\/media?parent=681474"}],"wp:term":[{"taxonomy":"category","embeddable":true,"href":"https:\/\/www.hashtag.al\/index.php\/wp-json\/wp\/v2\/categories?post=681474"},{"taxonomy":"post_tag","embeddable":true,"href":"https:\/\/www.hashtag.al\/index.php\/wp-json\/wp\/v2\/tags?post=681474"}],"curies":[{"name":"wp","href":"https:\/\/api.w.org\/{rel}","templated":true}]}}