{"id":681363,"date":"2024-06-13T12:02:21","date_gmt":"2024-06-13T10:02:21","guid":{"rendered":"https:\/\/www.hashtag.al\/?p=681363"},"modified":"2024-06-13T12:02:21","modified_gmt":"2024-06-13T10:02:21","slug":"denohet-me-1-vit-burg-ish-kryebashkiakja-e-libohoves","status":"publish","type":"post","link":"https:\/\/www.hashtag.al\/index.php\/2024\/06\/13\/denohet-me-1-vit-burg-ish-kryebashkiakja-e-libohoves\/","title":{"rendered":"D\u00ebnohet me 1 vit burg ish-kryebashkiakja e Libohov\u00ebs","gt_translate_keys":[{"key":"rendered","format":"text"}]},"content":{"rendered":"<p><img loading=\"lazy\" decoding=\"async\" class=\"aligncenter size-full wp-image-681364\" src=\"https:\/\/www.hashtag.al\/wp-content\/uploads\/2024\/06\/luizamandi.png\" alt=\"\" width=\"1113\" height=\"635\" srcset=\"https:\/\/www.hashtag.al\/wp-content\/uploads\/2024\/06\/luizamandi.png 1113w, https:\/\/www.hashtag.al\/wp-content\/uploads\/2024\/06\/luizamandi-300x171.png 300w, https:\/\/www.hashtag.al\/wp-content\/uploads\/2024\/06\/luizamandi-1024x584.png 1024w, https:\/\/www.hashtag.al\/wp-content\/uploads\/2024\/06\/luizamandi-768x438.png 768w\" sizes=\"auto, (max-width: 1113px) 100vw, 1113px\" \/><\/p>\n<p><span style=\"color: #000000;\">Ish-kryebashkiakja e Libohov\u00ebs Luiza Mandi \u00ebsht\u00eb d\u00ebnuar nga Gjykata e Posa\u00e7me me 1 vit burg, por ka p\u00ebrfituar nga gjykimi i shkurtuar dhe \u00ebsht\u00eb d\u00ebnuar p\u00ebrfundimisht me 8 muaj burg.<\/span><\/p>\n<p><span style=\"color: #000000;\">Mandi akuzohej nga SPAK p\u00ebr \u201cshp\u00ebrdorim detyre\u201d, lidhur me nj\u00eb kall\u00ebzim q\u00eb u depozitua nga nj\u00eb qytetar, i cili denoncoi faktin q\u00eb n\u00eb pronat e familjar\u00ebve t\u00eb tij po zhvillohej nj\u00eb projekt nga Bashkia p\u00ebr zgjerimin e rrug\u00ebs.<\/span><\/p>\n<p><span style=\"color: #000000;\">Pas k\u00ebtij kall\u00ebzimi, SPAK sekuestroi projektin dhe konstatoi se ishte c\u00ebnuar prona e familjar\u00ebve t\u00eb qytetarit n\u00eb fjal\u00eb.<\/span><\/p>\n<p><span style=\"color: #000000;\">Luiza Mandi ndodhet jasht\u00eb Shqip\u00ebris\u00eb e gjyqi ndaj saj \u00ebsht\u00eb kryer n\u00eb munges\u00eb.<\/span><\/p>\n","protected":false,"gt_translate_keys":[{"key":"rendered","format":"html"}]},"excerpt":{"rendered":"<p>Ish-kryebashkiakja e Libohov\u00ebs Luiza Mandi \u00ebsht\u00eb d\u00ebnuar nga Gjykata e Posa\u00e7me me 1 vit burg, por ka p\u00ebrfituar nga gjykimi i shkurtuar dhe \u00ebsht\u00eb d\u00ebnuar p\u00ebrfundimisht me 8 muaj burg. Mandi akuzohej nga SPAK p\u00ebr \u201cshp\u00ebrdorim detyre\u201d, lidhur me nj\u00eb kall\u00ebzim q\u00eb u depozitua nga nj\u00eb qytetar, i cili denoncoi faktin q\u00eb n\u00eb pronat e [&hellip;]<\/p>\n","protected":false,"gt_translate_keys":[{"key":"rendered","format":"html"}]},"author":51,"featured_media":681364,"comment_status":"closed","ping_status":"open","sticky":false,"template":"","format":"standard","meta":{"footnotes":""},"categories":[65],"tags":[],"class_list":["post-681363","post","type-post","status-publish","format-standard","has-post-thumbnail","hentry","category-lajme"],"gt_translate_keys":[{"key":"link","format":"url"}],"_links":{"self":[{"href":"https:\/\/www.hashtag.al\/index.php\/wp-json\/wp\/v2\/posts\/681363","targetHints":{"allow":["GET"]}}],"collection":[{"href":"https:\/\/www.hashtag.al\/index.php\/wp-json\/wp\/v2\/posts"}],"about":[{"href":"https:\/\/www.hashtag.al\/index.php\/wp-json\/wp\/v2\/types\/post"}],"author":[{"embeddable":true,"href":"https:\/\/www.hashtag.al\/index.php\/wp-json\/wp\/v2\/users\/51"}],"replies":[{"embeddable":true,"href":"https:\/\/www.hashtag.al\/index.php\/wp-json\/wp\/v2\/comments?post=681363"}],"version-history":[{"count":0,"href":"https:\/\/www.hashtag.al\/index.php\/wp-json\/wp\/v2\/posts\/681363\/revisions"}],"wp:featuredmedia":[{"embeddable":true,"href":"https:\/\/www.hashtag.al\/index.php\/wp-json\/wp\/v2\/media\/681364"}],"wp:attachment":[{"href":"https:\/\/www.hashtag.al\/index.php\/wp-json\/wp\/v2\/media?parent=681363"}],"wp:term":[{"taxonomy":"category","embeddable":true,"href":"https:\/\/www.hashtag.al\/index.php\/wp-json\/wp\/v2\/categories?post=681363"},{"taxonomy":"post_tag","embeddable":true,"href":"https:\/\/www.hashtag.al\/index.php\/wp-json\/wp\/v2\/tags?post=681363"}],"curies":[{"name":"wp","href":"https:\/\/api.w.org\/{rel}","templated":true}]}}