{"id":681343,"date":"2024-06-13T10:29:19","date_gmt":"2024-06-13T08:29:19","guid":{"rendered":"https:\/\/www.hashtag.al\/?p=681343"},"modified":"2024-06-13T10:33:24","modified_gmt":"2024-06-13T08:33:24","slug":"ilir-meta-paraqitet-ne-spak-2","status":"publish","type":"post","link":"https:\/\/www.hashtag.al\/index.php\/2024\/06\/13\/ilir-meta-paraqitet-ne-spak-2\/","title":{"rendered":"Ilir Meta\u00a0 paraqitet n\u00eb SPAK","gt_translate_keys":[{"key":"rendered","format":"text"}]},"content":{"rendered":"<p><img loading=\"lazy\" decoding=\"async\" class=\"size-full wp-image-681344 aligncenter\" src=\"https:\/\/www.hashtag.al\/wp-content\/uploads\/2024\/06\/1718266810_ilirmeta.jpg\" alt=\"\" width=\"780\" height=\"440\" srcset=\"https:\/\/www.hashtag.al\/wp-content\/uploads\/2024\/06\/1718266810_ilirmeta.jpg 780w, https:\/\/www.hashtag.al\/wp-content\/uploads\/2024\/06\/1718266810_ilirmeta-300x169.jpg 300w, https:\/\/www.hashtag.al\/wp-content\/uploads\/2024\/06\/1718266810_ilirmeta-768x433.jpg 768w\" sizes=\"auto, (max-width: 780px) 100vw, 780px\" \/><\/p>\n<p><span style=\"font-weight: 400; color: #000000;\">Kreu i Partis\u00eb s\u00eb Liris\u00eb, Ilir Meta \u00ebsht\u00eb thirrur n\u00eb SPAK.<\/span><\/p>\n<p><span style=\"font-weight: 400; color: #000000;\">Meta paraqitet n\u00eb Prokurorin\u00eb e Posa\u00e7me nj\u00eb dit\u00eb pas bashk\u00ebshortes s\u00eb tij Monika Kryemadhi.<\/span><\/p>\n<p><span style=\"font-weight: 400; color: #000000;\">Teksa futej n\u00eb Prokurorin\u00eb e Posa\u00e7me, Meta sulmoi s\u00ebrish kreun e SPAK, Altin Dumanin.<\/span><\/p>\n<p><span style=\"color: #000000;\"><i><span style=\"font-weight: 400;\">&#8220;Dumdumani \u00ebsht\u00eb ai q\u00eb s\u2019guxon t\u2019i p\u00ebrmend\u00eb emrin Edi Ram\u00ebs, as p\u00ebr \u00e7\u00ebshtjen e Sali Berish\u00ebs. Un\u00eb po shkoj te Dumdumani, kur t\u00eb dal do ju tregoj&#8221;<\/span><\/i><span style=\"font-weight: 400;\">, tha Meta\u00a0<\/span><\/span><\/p>\n","protected":false,"gt_translate_keys":[{"key":"rendered","format":"html"}]},"excerpt":{"rendered":"<p>Kreu i Partis\u00eb s\u00eb Liris\u00eb, Ilir Meta \u00ebsht\u00eb thirrur n\u00eb SPAK. Meta paraqitet n\u00eb Prokurorin\u00eb e Posa\u00e7me nj\u00eb dit\u00eb pas bashk\u00ebshortes s\u00eb tij Monika Kryemadhi. Teksa futej n\u00eb Prokurorin\u00eb e Posa\u00e7me, Meta sulmoi s\u00ebrish kreun e SPAK, Altin Dumanin. &#8220;Dumdumani \u00ebsht\u00eb ai q\u00eb s\u2019guxon t\u2019i p\u00ebrmend\u00eb emrin Edi Ram\u00ebs, as p\u00ebr \u00e7\u00ebshtjen e Sali Berish\u00ebs. [&hellip;]<\/p>\n","protected":false,"gt_translate_keys":[{"key":"rendered","format":"html"}]},"author":4,"featured_media":681344,"comment_status":"closed","ping_status":"open","sticky":false,"template":"","format":"standard","meta":{"footnotes":""},"categories":[65],"tags":[],"class_list":["post-681343","post","type-post","status-publish","format-standard","has-post-thumbnail","hentry","category-lajme"],"gt_translate_keys":[{"key":"link","format":"url"}],"_links":{"self":[{"href":"https:\/\/www.hashtag.al\/index.php\/wp-json\/wp\/v2\/posts\/681343","targetHints":{"allow":["GET"]}}],"collection":[{"href":"https:\/\/www.hashtag.al\/index.php\/wp-json\/wp\/v2\/posts"}],"about":[{"href":"https:\/\/www.hashtag.al\/index.php\/wp-json\/wp\/v2\/types\/post"}],"author":[{"embeddable":true,"href":"https:\/\/www.hashtag.al\/index.php\/wp-json\/wp\/v2\/users\/4"}],"replies":[{"embeddable":true,"href":"https:\/\/www.hashtag.al\/index.php\/wp-json\/wp\/v2\/comments?post=681343"}],"version-history":[{"count":0,"href":"https:\/\/www.hashtag.al\/index.php\/wp-json\/wp\/v2\/posts\/681343\/revisions"}],"wp:featuredmedia":[{"embeddable":true,"href":"https:\/\/www.hashtag.al\/index.php\/wp-json\/wp\/v2\/media\/681344"}],"wp:attachment":[{"href":"https:\/\/www.hashtag.al\/index.php\/wp-json\/wp\/v2\/media?parent=681343"}],"wp:term":[{"taxonomy":"category","embeddable":true,"href":"https:\/\/www.hashtag.al\/index.php\/wp-json\/wp\/v2\/categories?post=681343"},{"taxonomy":"post_tag","embeddable":true,"href":"https:\/\/www.hashtag.al\/index.php\/wp-json\/wp\/v2\/tags?post=681343"}],"curies":[{"name":"wp","href":"https:\/\/api.w.org\/{rel}","templated":true}]}}