{"id":681328,"date":"2024-06-13T09:34:47","date_gmt":"2024-06-13T07:34:47","guid":{"rendered":"https:\/\/www.hashtag.al\/?p=681328"},"modified":"2024-06-13T09:34:47","modified_gmt":"2024-06-13T07:34:47","slug":"parlamenti-i-argjentines-miraton-projektligjin-e-reformave-protesta-te-ashpra-jashte","status":"publish","type":"post","link":"https:\/\/www.hashtag.al\/index.php\/2024\/06\/13\/parlamenti-i-argjentines-miraton-projektligjin-e-reformave-protesta-te-ashpra-jashte\/","title":{"rendered":"Parlamenti i Argjentin\u00ebs miraton projektligjin e reformave, protesta t\u00eb ashpra jasht\u00eb","gt_translate_keys":[{"key":"rendered","format":"text"}]},"content":{"rendered":"<p><img loading=\"lazy\" decoding=\"async\" class=\"aligncenter size-full wp-image-681331\" src=\"https:\/\/www.hashtag.al\/wp-content\/uploads\/2024\/06\/argjentina.PNG3_.png\" alt=\"\" width=\"950\" height=\"630\" srcset=\"https:\/\/www.hashtag.al\/wp-content\/uploads\/2024\/06\/argjentina.PNG3_.png 950w, https:\/\/www.hashtag.al\/wp-content\/uploads\/2024\/06\/argjentina.PNG3_-300x199.png 300w, https:\/\/www.hashtag.al\/wp-content\/uploads\/2024\/06\/argjentina.PNG3_-768x509.png 768w\" sizes=\"auto, (max-width: 950px) 100vw, 950px\" \/><\/p>\n<p><span style=\"color: #000000;\">Senati i Argjentin\u00ebs miratoi t\u00eb m\u00ebrkur\u00ebn nj\u00eb projektligj t\u00eb gjer\u00eb q\u00eb \u00ebsht\u00eb ky\u00e7 p\u00ebr planet e reform\u00ebs ekonomike t\u00eb presidentit libertar Javier Milei, nd\u00ebrsa protestuesit vun\u00eb zjarr dhe u p\u00ebrlesh\u00ebn me policin\u00eb n\u00eb rrug\u00ebt jasht\u00eb Kongresit.<\/span><\/p>\n<p><span style=\"color: #000000;\">Projektligji u miratua pas nj\u00eb debati maraton\u00eb, me senator\u00ebt tani q\u00eb duhet t\u00eb votojn\u00eb p\u00ebr \u00e7do nen t\u00eb paket\u00ebs s\u00eb krijuar p\u00ebr t\u00eb nxitur investimet duke privatizuar nj\u00ebsit\u00eb shtet\u00ebrore dhe duke ofruar stimuj p\u00ebr bizneset.<\/span><\/p>\n<p><span style=\"color: #000000;\">Projektligji fillimisht u miratua nga dhoma e ul\u00ebt e deputet\u00ebve n\u00eb prill, por tani do kthehet p\u00ebr nj\u00eb votim tjet\u00ebr pas ndryshimeve n\u00eb Senat.<\/span><\/p>\n<p><span style=\"color: #000000;\"><em>&#8220;Sot jan\u00eb dy Argjentina,&#8221;<\/em> tha kryetarja e parlamentit Villarruel nd\u00ebrsa votoi n\u00eb favor t\u00eb reform\u00ebs.<\/span><\/p>\n<p><span style=\"color: #000000;\"><em>\u201cNj\u00eb Argjentin\u00eb e dhunshme q\u00eb i v\u00eb zjarrin makinave, hedh gur\u00eb dhe debaton ushtrimin e demokracis\u00eb, dhe nj\u00eb Argjentin\u00eb tjet\u00ebr me pun\u00ebtor\u00eb q\u00eb presin me shum\u00eb dhimbje dhe sakrifica ndryshimin q\u00eb votuan\u201d.<\/em><\/span><\/p>\n<p><span style=\"color: #000000;\">Qeveria e Mileit, e cila kontrollon vet\u00ebm nj\u00eb pakic\u00eb vendesh n\u00eb t\u00eb dyja dhomat, kishte b\u00ebr\u00eb pazare p\u00ebr t\u00eb fituar mbi aleat\u00ebt. Ajo e dinte se projektligji do p\u00ebrballej me ndryshime, por kishte shpresuar q\u00eb t\u00eb pakt\u00ebn t\u00eb merrte miratimin e p\u00ebrgjithsh\u00ebm.<\/span><\/p>\n<p><span style=\"color: #000000;\">Blloku kryesor i opozit\u00ebs peroniste me prirje t\u00eb majt\u00eb, i lidhur ngusht\u00eb me sindikatat, kishte votuar at\u00eb q\u00eb njihet si projektligji i &#8220;bazave&#8221;, me votim ende n\u00eb pritje p\u00ebr nj\u00eb paket\u00eb t\u00eb ve\u00e7ant\u00eb fiskale.<\/span><\/p>\n<p><span style=\"color: #000000;\">Projektligji \u00ebsht\u00eb ky\u00e7 p\u00ebr planet e Mileit p\u00ebr t\u00eb riparuar nj\u00eb ekonomi me shum\u00eb probleme, me inflacion af\u00ebr 300%, dhe p\u00ebrfshin plane p\u00ebr privatizimin e firmave publike, dh\u00ebnien e pushteteve t\u00eb ve\u00e7anta presidentit dhe nxitjen e investimeve.<\/span><\/p>\n<p><span style=\"color: #000000;\">Por disa protestues kan\u00eb frik\u00eb se kjo do t&#8217;i l\u00ebr\u00eb t\u00eb ekspozuar m\u00eb tej ndaj rritjes s\u00eb papun\u00ebsis\u00eb dhe \u00e7mimeve t\u00eb konsumit.<\/span><\/p>\n<p><span style=\"color: #000000;\">Pamjet e Reuters nga rrug\u00ebt e Buenos Aires treguan nj\u00eb makin\u00eb t\u00eb djegur, me protestues t\u00eb shp\u00ebrndar\u00eb q\u00eb hidhnin gur\u00eb dhe shishe, nd\u00ebrsa policia me pajisje kund\u00ebr protestave p\u00ebrdori gaz lotsjell\u00ebs, makina uj\u00ebhedh\u00ebse dhe plumba gome.<\/span><\/p>\n<p><span style=\"color: #000000;\">Zyra e Mileit festoi miratimin e projektligjit.<\/span><\/p>\n<p><span style=\"color: #000000;\"><em>&#8220;Ajo q\u00eb ndodhi sonte \u00ebsht\u00eb nj\u00eb triumf p\u00ebr popullin argjentinas dhe hapi i par\u00eb p\u00ebr t\u00eb rikuperuar madh\u00ebshtin\u00eb ton\u00eb,&#8221;<\/em> tha zyra presidenciale n\u00eb nj\u00eb deklarat\u00eb.<\/span><\/p>\n","protected":false,"gt_translate_keys":[{"key":"rendered","format":"html"}]},"excerpt":{"rendered":"<p>Senati i Argjentin\u00ebs miratoi t\u00eb m\u00ebrkur\u00ebn nj\u00eb projektligj t\u00eb gjer\u00eb q\u00eb \u00ebsht\u00eb ky\u00e7 p\u00ebr planet e reform\u00ebs ekonomike t\u00eb presidentit libertar Javier Milei, nd\u00ebrsa protestuesit vun\u00eb zjarr dhe u p\u00ebrlesh\u00ebn me policin\u00eb n\u00eb rrug\u00ebt jasht\u00eb Kongresit. Projektligji u miratua pas nj\u00eb debati maraton\u00eb, me senator\u00ebt tani q\u00eb duhet t\u00eb votojn\u00eb p\u00ebr \u00e7do nen t\u00eb paket\u00ebs [&hellip;]<\/p>\n","protected":false,"gt_translate_keys":[{"key":"rendered","format":"html"}]},"author":51,"featured_media":681331,"comment_status":"closed","ping_status":"open","sticky":false,"template":"","format":"standard","meta":{"footnotes":""},"categories":[53],"tags":[],"class_list":["post-681328","post","type-post","status-publish","format-standard","has-post-thumbnail","hentry","category-fast-foodi"],"gt_translate_keys":[{"key":"link","format":"url"}],"_links":{"self":[{"href":"https:\/\/www.hashtag.al\/index.php\/wp-json\/wp\/v2\/posts\/681328","targetHints":{"allow":["GET"]}}],"collection":[{"href":"https:\/\/www.hashtag.al\/index.php\/wp-json\/wp\/v2\/posts"}],"about":[{"href":"https:\/\/www.hashtag.al\/index.php\/wp-json\/wp\/v2\/types\/post"}],"author":[{"embeddable":true,"href":"https:\/\/www.hashtag.al\/index.php\/wp-json\/wp\/v2\/users\/51"}],"replies":[{"embeddable":true,"href":"https:\/\/www.hashtag.al\/index.php\/wp-json\/wp\/v2\/comments?post=681328"}],"version-history":[{"count":0,"href":"https:\/\/www.hashtag.al\/index.php\/wp-json\/wp\/v2\/posts\/681328\/revisions"}],"wp:featuredmedia":[{"embeddable":true,"href":"https:\/\/www.hashtag.al\/index.php\/wp-json\/wp\/v2\/media\/681331"}],"wp:attachment":[{"href":"https:\/\/www.hashtag.al\/index.php\/wp-json\/wp\/v2\/media?parent=681328"}],"wp:term":[{"taxonomy":"category","embeddable":true,"href":"https:\/\/www.hashtag.al\/index.php\/wp-json\/wp\/v2\/categories?post=681328"},{"taxonomy":"post_tag","embeddable":true,"href":"https:\/\/www.hashtag.al\/index.php\/wp-json\/wp\/v2\/tags?post=681328"}],"curies":[{"name":"wp","href":"https:\/\/api.w.org\/{rel}","templated":true}]}}