{"id":681255,"date":"2024-06-12T19:04:11","date_gmt":"2024-06-12T17:04:11","guid":{"rendered":"https:\/\/www.hashtag.al\/?p=681255"},"modified":"2024-06-12T19:04:11","modified_gmt":"2024-06-12T17:04:11","slug":"nato-per-25-vjetorin-e-clirimit-te-kosoves-puna-jone-mbetet-sigurimi-i-paqes","status":"publish","type":"post","link":"https:\/\/www.hashtag.al\/index.php\/2024\/06\/12\/nato-per-25-vjetorin-e-clirimit-te-kosoves-puna-jone-mbetet-sigurimi-i-paqes\/","title":{"rendered":"NATO p\u00ebr 25-vjetorin e \u00e7lirimit t\u00eb Kosov\u00ebs: Puna jon\u00eb mbetet sigurimi i paqes","gt_translate_keys":[{"key":"rendered","format":"text"}]},"content":{"rendered":"<p style=\"text-align: left;\"><span style=\"color: #000000;\"><img loading=\"lazy\" decoding=\"async\" class=\"size-full wp-image-681257 aligncenter\" src=\"https:\/\/www.hashtag.al\/wp-content\/uploads\/2024\/06\/Screenshot-2024-06-12-184629.png\" alt=\"\" width=\"755\" height=\"620\" srcset=\"https:\/\/www.hashtag.al\/wp-content\/uploads\/2024\/06\/Screenshot-2024-06-12-184629.png 755w, https:\/\/www.hashtag.al\/wp-content\/uploads\/2024\/06\/Screenshot-2024-06-12-184629-300x246.png 300w\" sizes=\"auto, (max-width: 755px) 100vw, 755px\" \/><\/span><\/p>\n<p style=\"text-align: left;\"><span style=\"color: #000000;\">Kosova ka p\u00ebrkujtuar dat\u00ebn 12 qershor, duke festuar 25-vjetorin e Dit\u00ebs s\u00eb \u00c7lirimit, q\u00eb simbolizon hyrjen e trupave paqeruajt\u00ebse t\u00eb NATO-s n\u00eb territorin e saj. Ky moment historik ka pasuar fushat\u00ebn ajrore t\u00eb kryer nga Aleanca Veri-Atlantike kund\u00ebr forcave ushtarake dhe policore serbe, nj\u00eb p\u00ebrpjekje e vendosur p\u00ebr t\u00eb ndaluar vuajtjet e popullsis\u00eb shqiptare n\u00eb Kosov\u00eb.<\/span><\/p>\n<p style=\"text-align: left;\"><span style=\"color: #000000;\">N\u00eb shenj\u00eb t\u00eb k\u00ebtij jubileu, NATO ka b\u00ebr\u00eb nj\u00eb postim n\u00eb faqen e saj zyrtare, duke kujtuar edhe nj\u00ebher\u00eb nd\u00ebrhyrjen e saj, gj\u00eb q\u00eb ishte nj\u00eb moment historik p\u00ebr lirin\u00eb e popullit shqiptar. <em>\u201cSot sh\u00ebnohen 25 vjet nga misioni paqeruajt\u00ebs i NATO-s n\u00eb Kosov\u00eb. Misioni yn\u00eb mbetet i fokusuar n\u00eb ruajtjen e nj\u00eb mjedis t\u00eb sigurt dhe garantimin e liris\u00eb s\u00eb l\u00ebvizjes p\u00ebr t\u00eb gjith\u00eb njer\u00ebzit n\u00eb Kosov\u00eb, n\u00eb m\u00ebnyr\u00eb t\u00eb paanshme dhe n\u00eb p\u00ebrputhje me mandatin e OKB-s\u00eb\u201d,<\/em> thuhet n\u00eb njoftim.<\/span><\/p>\n<blockquote class=\"twitter-tweet\">\n<p dir=\"ltr\" lang=\"en\">Today marks 25 years of NATO\u2019s Kosovo Force peacekeeping mission.<\/p>\n<p>The mission works to maintain a safe and secure environment and freedom of movement for all people in Kosovo, impartially and in line with its UN mandate.<\/p>\n<p>Learn more about <a href=\"https:\/\/twitter.com\/NATO_KFOR?ref_src=twsrc%5Etfw\">@NATO_KFOR<\/a> \u2935\ufe0f <a href=\"https:\/\/t.co\/GxvK2J8dxp\">pic.twitter.com\/GxvK2J8dxp<\/a><\/p>\n<p>\u2014 NATO (@NATO) <a href=\"https:\/\/twitter.com\/NATO\/status\/1800896009653919881?ref_src=twsrc%5Etfw\">June 12, 2024<\/a><\/p><\/blockquote>\n<p><script async src=\"https:\/\/platform.twitter.com\/widgets.js\" charset=\"utf-8\"><\/script><\/p>\n","protected":false,"gt_translate_keys":[{"key":"rendered","format":"html"}]},"excerpt":{"rendered":"<p>Kosova ka p\u00ebrkujtuar dat\u00ebn 12 qershor, duke festuar 25-vjetorin e Dit\u00ebs s\u00eb \u00c7lirimit, q\u00eb simbolizon hyrjen e trupave paqeruajt\u00ebse t\u00eb NATO-s n\u00eb territorin e saj. Ky moment historik ka pasuar fushat\u00ebn ajrore t\u00eb kryer nga Aleanca Veri-Atlantike kund\u00ebr forcave ushtarake dhe policore serbe, nj\u00eb p\u00ebrpjekje e vendosur p\u00ebr t\u00eb ndaluar vuajtjet e popullsis\u00eb shqiptare n\u00eb [&hellip;]<\/p>\n","protected":false,"gt_translate_keys":[{"key":"rendered","format":"html"}]},"author":4,"featured_media":681257,"comment_status":"closed","ping_status":"open","sticky":false,"template":"","format":"standard","meta":{"footnotes":""},"categories":[149],"tags":[],"class_list":["post-681255","post","type-post","status-publish","format-standard","has-post-thumbnail","hentry","category-kosoverajon"],"gt_translate_keys":[{"key":"link","format":"url"}],"_links":{"self":[{"href":"https:\/\/www.hashtag.al\/index.php\/wp-json\/wp\/v2\/posts\/681255","targetHints":{"allow":["GET"]}}],"collection":[{"href":"https:\/\/www.hashtag.al\/index.php\/wp-json\/wp\/v2\/posts"}],"about":[{"href":"https:\/\/www.hashtag.al\/index.php\/wp-json\/wp\/v2\/types\/post"}],"author":[{"embeddable":true,"href":"https:\/\/www.hashtag.al\/index.php\/wp-json\/wp\/v2\/users\/4"}],"replies":[{"embeddable":true,"href":"https:\/\/www.hashtag.al\/index.php\/wp-json\/wp\/v2\/comments?post=681255"}],"version-history":[{"count":0,"href":"https:\/\/www.hashtag.al\/index.php\/wp-json\/wp\/v2\/posts\/681255\/revisions"}],"wp:featuredmedia":[{"embeddable":true,"href":"https:\/\/www.hashtag.al\/index.php\/wp-json\/wp\/v2\/media\/681257"}],"wp:attachment":[{"href":"https:\/\/www.hashtag.al\/index.php\/wp-json\/wp\/v2\/media?parent=681255"}],"wp:term":[{"taxonomy":"category","embeddable":true,"href":"https:\/\/www.hashtag.al\/index.php\/wp-json\/wp\/v2\/categories?post=681255"},{"taxonomy":"post_tag","embeddable":true,"href":"https:\/\/www.hashtag.al\/index.php\/wp-json\/wp\/v2\/tags?post=681255"}],"curies":[{"name":"wp","href":"https:\/\/api.w.org\/{rel}","templated":true}]}}