{"id":681189,"date":"2024-06-12T14:47:03","date_gmt":"2024-06-12T12:47:03","guid":{"rendered":"https:\/\/www.hashtag.al\/?p=681189"},"modified":"2024-06-12T14:47:03","modified_gmt":"2024-06-12T12:47:03","slug":"armand-duka-kemi-nje-skuader-te-mire-duam-te-kalojme-grupet-e-euro-2024-s","status":"publish","type":"post","link":"https:\/\/www.hashtag.al\/index.php\/2024\/06\/12\/armand-duka-kemi-nje-skuader-te-mire-duam-te-kalojme-grupet-e-euro-2024-s\/","title":{"rendered":"Armand Duka: Kemi nj\u00eb skuad\u00ebr t\u00eb mir\u00eb, duam t\u00eb kalojm\u00eb grupet e Euro 2024-s","gt_translate_keys":[{"key":"rendered","format":"text"}]},"content":{"rendered":"<p><span style=\"color: #000000;\"><a href=\"https:\/\/www.hashtag.al\/wp-content\/uploads\/2024\/06\/1718193200_armandduka.jpg\"><img loading=\"lazy\" decoding=\"async\" class=\"aligncenter size-full wp-image-681191\" src=\"https:\/\/www.hashtag.al\/wp-content\/uploads\/2024\/06\/1718193200_armandduka.jpg\" alt=\"\" width=\"780\" height=\"440\" srcset=\"https:\/\/www.hashtag.al\/wp-content\/uploads\/2024\/06\/1718193200_armandduka.jpg 780w, https:\/\/www.hashtag.al\/wp-content\/uploads\/2024\/06\/1718193200_armandduka-300x169.jpg 300w, https:\/\/www.hashtag.al\/wp-content\/uploads\/2024\/06\/1718193200_armandduka-768x433.jpg 768w\" sizes=\"auto, (max-width: 780px) 100vw, 780px\" \/><\/a><\/span><\/p>\n<p><span style=\"color: #000000;\">Presidenti i Federat\u00ebs Shqiptare t\u00eb Futbollit, Armand Duka ka dh\u00ebn\u00eb s\u00eb fundmi nj\u00eb intervist\u00eb p\u00ebr median italiane TvPlay, ku ka folur p\u00ebr kualifikimin e ekipit Komb\u00ebtar n\u00eb finalet e Euro 2024, skuadr\u00ebn kuqezi, teksa \u00ebsht\u00eb ndalur edhe te dy nga futbollist\u00ebt e Komb\u00ebtares, Nedim Bajram dhe Armando Broja.<\/span><\/p>\n<p><span style=\"color: #000000;\">Nd\u00ebr t\u00eb tjera, presidenti Duka ka komentuar edhe p\u00ebrballjen e ve\u00e7ant\u00eb me Italin\u00eb dhe shpreson q\u00eb Shqip\u00ebria dhe t\u00eb kaltrit do t\u00eb kalojn\u00eb s\u00eb bashku n\u00eb faz\u00ebn e 1\/16-ve.<\/span><\/p>\n<p><span style=\"color: #000000;\">\u201cEuro 2024\u201d &#8211; P\u00ebr ne \u00ebsht\u00eb krenari t\u00eb jemi n\u00eb Euro 2024 p\u00ebr k\u00ebt\u00eb event madhor. Do t\u00eb p\u00ebrballemi me tre ekipe shum\u00eb t\u00eb forta si Italia, Kroacia dhe Spanja. Edhe ne jemi nj\u00eb skuad\u00ebr e mir\u00eb, sepse kemi b\u00ebr\u00eb nj\u00eb rrug\u00ebtim t\u00eb bukur p\u00ebrgjat\u00eb kualifikueseve.<\/span><\/p>\n<p>&nbsp;<\/p>\n<p><span style=\"color: #000000;\"><strong>Objektivi yn\u00eb?<\/strong> Do jemi t\u00eb lumtur n\u00ebse do t\u00eb kualifikohemi n\u00eb faz\u00ebn e 1\/16-ve.<\/span><\/p>\n<p><span style=\"color: #000000;\">N\u00eb 2015 jemi p\u00ebrballur me Italin\u00eb n\u00eb nj\u00eb miq\u00ebsore n\u00eb Genoa dhe tifoz\u00ebt tan\u00eb kan\u00eb k\u00ebnduar himnin shqiptar dhe at\u00eb italian. Kemi shum\u00eb respekt p\u00ebr Italin\u00eb. Shpresojm\u00eb q\u00eb t\u00eb kalojm\u00eb si ne edhe Italia n\u00eb faz\u00ebn e 1\/16-ve.<\/span><\/p>\n<p><span style=\"color: #000000;\"><strong>Cili \u00ebsht\u00eb \u201cylli i ekipit\u201d?<\/strong> N\u00eb fakt forca jon\u00eb \u00ebsht\u00eb kolektivi, sepse e gjith\u00eb skuadra \u00ebsht\u00eb e bashkuar, t\u00eb gjith\u00eb bashk\u00eb p\u00ebr q\u00ebllimet tona.<\/span><\/p>\n<p><span style=\"color: #000000;\"><strong>Bajrami?<\/strong> &#8211; Sigurisht q\u00eb \u00ebsht\u00eb nj\u00eb lojtar i mir\u00eb, me cil\u00ebsi t\u00eb shk\u00eblqyera teknike. Por ne i llogarisim t\u00eb gjith\u00eb, sepse futbolli \u00ebsht\u00eb nj\u00eb sport kolektiv.<\/span><\/p>\n<p><span style=\"color: #000000;\"><strong>A po e sponsorizoj Broj\u00ebn te Milan?<\/strong> N\u00ebse ai b\u00ebhet pjes\u00eb e Seris\u00eb A do t\u00eb isha i lumtur, por n\u00eb k\u00ebto momente, askush nuk po mendon p\u00ebr merkaton.<\/span><\/p>\n<p><span style=\"color: #000000;\"><strong>Nj\u00eb parashikim p\u00ebr ndeshjen Itali \u2013 Shqip\u00ebri<\/strong>?\u00a0 Fitojm\u00eb ne me rezultatin 1-0. P\u00ebr mua do t\u00eb ishte bukur n\u00ebse Italia do t\u00eb kualifikohej me ne t\u00eb pakt\u00ebn deri n\u00eb faz\u00ebn e 1\/16-ve.<\/span><\/p>\n<p><span style=\"color: #000000;\"><strong>E ardhmja e Sylvinhos?<\/strong> Me siguri, pas Europianit do t\u00eb jet\u00eb s\u00ebrish me ne&#8221;, tha Duka.<\/span><\/p>\n<p><span style=\"color: #000000;\">Kuqezinjt\u00eb p\u00ebrballen m\u00eb 15 qershor kund\u00ebr Italis\u00eb n\u00eb Dortmund, teksa n\u00eb dat\u00ebn 19 luajn\u00eb me Kroacin\u00eb, p\u00ebr ta p\u00ebrmbyllur faz\u00ebn e grupeve kund\u00ebr Spanj\u00ebs n\u00eb dat\u00ebn 24 qershor.<\/span><\/p>\n","protected":false,"gt_translate_keys":[{"key":"rendered","format":"html"}]},"excerpt":{"rendered":"<p>Presidenti i Federat\u00ebs Shqiptare t\u00eb Futbollit, Armand Duka ka dh\u00ebn\u00eb s\u00eb fundmi nj\u00eb intervist\u00eb p\u00ebr median italiane TvPlay, ku ka folur p\u00ebr kualifikimin e ekipit Komb\u00ebtar n\u00eb finalet e Euro 2024, skuadr\u00ebn kuqezi, teksa \u00ebsht\u00eb ndalur edhe te dy nga futbollist\u00ebt e Komb\u00ebtares, Nedim Bajram dhe Armando Broja. Nd\u00ebr t\u00eb tjera, presidenti Duka ka komentuar [&hellip;]<\/p>\n","protected":false,"gt_translate_keys":[{"key":"rendered","format":"html"}]},"author":32,"featured_media":681191,"comment_status":"closed","ping_status":"open","sticky":false,"template":"","format":"standard","meta":{"footnotes":""},"categories":[134],"tags":[],"class_list":["post-681189","post","type-post","status-publish","format-standard","has-post-thumbnail","hentry","category-sport"],"gt_translate_keys":[{"key":"link","format":"url"}],"_links":{"self":[{"href":"https:\/\/www.hashtag.al\/index.php\/wp-json\/wp\/v2\/posts\/681189","targetHints":{"allow":["GET"]}}],"collection":[{"href":"https:\/\/www.hashtag.al\/index.php\/wp-json\/wp\/v2\/posts"}],"about":[{"href":"https:\/\/www.hashtag.al\/index.php\/wp-json\/wp\/v2\/types\/post"}],"author":[{"embeddable":true,"href":"https:\/\/www.hashtag.al\/index.php\/wp-json\/wp\/v2\/users\/32"}],"replies":[{"embeddable":true,"href":"https:\/\/www.hashtag.al\/index.php\/wp-json\/wp\/v2\/comments?post=681189"}],"version-history":[{"count":0,"href":"https:\/\/www.hashtag.al\/index.php\/wp-json\/wp\/v2\/posts\/681189\/revisions"}],"wp:featuredmedia":[{"embeddable":true,"href":"https:\/\/www.hashtag.al\/index.php\/wp-json\/wp\/v2\/media\/681191"}],"wp:attachment":[{"href":"https:\/\/www.hashtag.al\/index.php\/wp-json\/wp\/v2\/media?parent=681189"}],"wp:term":[{"taxonomy":"category","embeddable":true,"href":"https:\/\/www.hashtag.al\/index.php\/wp-json\/wp\/v2\/categories?post=681189"},{"taxonomy":"post_tag","embeddable":true,"href":"https:\/\/www.hashtag.al\/index.php\/wp-json\/wp\/v2\/tags?post=681189"}],"curies":[{"name":"wp","href":"https:\/\/api.w.org\/{rel}","templated":true}]}}