{"id":680993,"date":"2024-06-11T18:24:06","date_gmt":"2024-06-11T16:24:06","guid":{"rendered":"https:\/\/www.hashtag.al\/?p=680993"},"modified":"2024-06-11T18:26:02","modified_gmt":"2024-06-11T16:26:02","slug":"vula-e-pd-i-shkon-berishes-salianji-grupit-te-bashes-jeni-te-mirepritur-te-bashkohemi-qe-te-rrezojme-qeverine","status":"publish","type":"post","link":"https:\/\/www.hashtag.al\/index.php\/2024\/06\/11\/vula-e-pd-i-shkon-berishes-salianji-grupit-te-bashes-jeni-te-mirepritur-te-bashkohemi-qe-te-rrezojme-qeverine\/","title":{"rendered":"Vula e PD i shkon Berish\u00ebs, Salianji grupit t\u00eb Bash\u00ebs: Jeni t\u00eb mir\u00ebpritur t\u00eb bashkohemi q\u00eb t\u00eb rr\u00ebzojm\u00eb qeverin\u00eb","gt_translate_keys":[{"key":"rendered","format":"text"}]},"content":{"rendered":"<p style=\"text-align: left;\"><span style=\"color: #000000;\"><img loading=\"lazy\" decoding=\"async\" class=\"size-full wp-image-680994 aligncenter\" src=\"https:\/\/www.hashtag.al\/wp-content\/uploads\/2024\/06\/Ervin-Salianji1-768x432-1.jpg\" alt=\"\" width=\"768\" height=\"432\" srcset=\"https:\/\/www.hashtag.al\/wp-content\/uploads\/2024\/06\/Ervin-Salianji1-768x432-1.jpg 768w, https:\/\/www.hashtag.al\/wp-content\/uploads\/2024\/06\/Ervin-Salianji1-768x432-1-300x169.jpg 300w\" sizes=\"auto, (max-width: 768px) 100vw, 768px\" \/><\/span><\/p>\n<p style=\"text-align: left;\"><span style=\"color: #000000;\">Salianji i ka b\u00ebr\u00eb thirrje grupit t\u00eb Bash\u00ebs se jan\u00eb t\u00eb mir\u00ebpritur n\u00eb PD-n\u00eb e Rithemelimit. Sipas Salianjit, demokrat\u00ebt e bashkuar do ta rr\u00ebzojn\u00eb qeverin\u00eb nj\u00eb or\u00eb e m\u00eb shpejt.<\/span><\/p>\n<p style=\"text-align: left;\"><span style=\"color: #000000;\"><strong>Ervin Salianji<\/strong>: <em>Mendimet dhe qasjet e ndryshme nuk duhet t\u00eb jen\u00eb m\u00eb arsye p\u00ebr ndarje! Duhet bashkim dhe betej\u00eb idesh brenda Partis\u00eb Demokratike.<\/em><\/span><\/p>\n<p style=\"text-align: left;\"><em><span style=\"color: #000000;\">Shumicat\u00a0 dhe pakicat nuk jan\u00eb t\u00eb p\u00ebrjetshme nd\u00ebrsa Shqip\u00ebria \ud83c\udde6\ud83c\uddf1 po. Duhet t\u00eb bashkohemi, pavaresisht dallimeve, p\u00ebr t\u00eb leht\u00ebsuar ndryshimin q\u00eb duhet dhe do t\u00eb jet\u00eb i pashmangsh\u00ebm!<\/span><\/em><\/p>\n<p style=\"text-align: left;\"><em><span style=\"color: #000000;\">\u00c7do kontribut i demokrat\u00ebve nuk duhet t\u00eb humb\u00eb pavaresisht diferencave, ne jemi garancia q\u00eb sakrificat e tyre do vler\u00ebsohen! \u00cbsht\u00eb koha p\u00ebr t\u00eb hapur dyert edhe p\u00ebr drejtuesit e m\u00ebnjanuar t\u00eb PD n\u00eb \u00e7do nivel, t\u00eb fuqizojm\u00eb PDSh dhe t\u00eb p\u00ebrballemi dhe t\u00eb rr\u00ebzojm\u00eb qeverin\u00eb nj\u00eb ore e m\u00eb shpejt!<\/span><\/em><\/p>\n","protected":false,"gt_translate_keys":[{"key":"rendered","format":"html"}]},"excerpt":{"rendered":"<p>Salianji i ka b\u00ebr\u00eb thirrje grupit t\u00eb Bash\u00ebs se jan\u00eb t\u00eb mir\u00ebpritur n\u00eb PD-n\u00eb e Rithemelimit. Sipas Salianjit, demokrat\u00ebt e bashkuar do ta rr\u00ebzojn\u00eb qeverin\u00eb nj\u00eb or\u00eb e m\u00eb shpejt. Ervin Salianji: Mendimet dhe qasjet e ndryshme nuk duhet t\u00eb jen\u00eb m\u00eb arsye p\u00ebr ndarje! Duhet bashkim dhe betej\u00eb idesh brenda Partis\u00eb Demokratike. Shumicat\u00a0 dhe [&hellip;]<\/p>\n","protected":false,"gt_translate_keys":[{"key":"rendered","format":"html"}]},"author":4,"featured_media":680994,"comment_status":"closed","ping_status":"open","sticky":false,"template":"","format":"standard","meta":{"footnotes":""},"categories":[65],"tags":[],"class_list":["post-680993","post","type-post","status-publish","format-standard","has-post-thumbnail","hentry","category-lajme"],"gt_translate_keys":[{"key":"link","format":"url"}],"_links":{"self":[{"href":"https:\/\/www.hashtag.al\/index.php\/wp-json\/wp\/v2\/posts\/680993","targetHints":{"allow":["GET"]}}],"collection":[{"href":"https:\/\/www.hashtag.al\/index.php\/wp-json\/wp\/v2\/posts"}],"about":[{"href":"https:\/\/www.hashtag.al\/index.php\/wp-json\/wp\/v2\/types\/post"}],"author":[{"embeddable":true,"href":"https:\/\/www.hashtag.al\/index.php\/wp-json\/wp\/v2\/users\/4"}],"replies":[{"embeddable":true,"href":"https:\/\/www.hashtag.al\/index.php\/wp-json\/wp\/v2\/comments?post=680993"}],"version-history":[{"count":0,"href":"https:\/\/www.hashtag.al\/index.php\/wp-json\/wp\/v2\/posts\/680993\/revisions"}],"wp:featuredmedia":[{"embeddable":true,"href":"https:\/\/www.hashtag.al\/index.php\/wp-json\/wp\/v2\/media\/680994"}],"wp:attachment":[{"href":"https:\/\/www.hashtag.al\/index.php\/wp-json\/wp\/v2\/media?parent=680993"}],"wp:term":[{"taxonomy":"category","embeddable":true,"href":"https:\/\/www.hashtag.al\/index.php\/wp-json\/wp\/v2\/categories?post=680993"},{"taxonomy":"post_tag","embeddable":true,"href":"https:\/\/www.hashtag.al\/index.php\/wp-json\/wp\/v2\/tags?post=680993"}],"curies":[{"name":"wp","href":"https:\/\/api.w.org\/{rel}","templated":true}]}}