{"id":680990,"date":"2024-06-11T18:16:23","date_gmt":"2024-06-11T16:16:23","guid":{"rendered":"https:\/\/www.hashtag.al\/?p=680990"},"modified":"2024-06-11T18:16:23","modified_gmt":"2024-06-11T16:16:23","slug":"rama-76-e-delegateve-vijne-per-here-te-pare","status":"publish","type":"post","link":"https:\/\/www.hashtag.al\/index.php\/2024\/06\/11\/rama-76-e-delegateve-vijne-per-here-te-pare\/","title":{"rendered":"Rama: 76 % e delegat\u00ebve vijn\u00eb p\u00ebr her\u00eb t\u00eb par\u00eb","gt_translate_keys":[{"key":"rendered","format":"text"}]},"content":{"rendered":"<div class=\"col-md-1 col-sm-1\">\n<div class=\"article-sharing-options\">\n<p style=\"text-align: left;\"><span style=\"color: #000000;\"><img loading=\"lazy\" decoding=\"async\" class=\"size-full wp-image-680986 aligncenter\" src=\"https:\/\/www.hashtag.al\/wp-content\/uploads\/2024\/06\/EDI-RAMA-9-768x415-1-e1718122064228.jpg\" alt=\"\" width=\"605\" height=\"414\" srcset=\"https:\/\/www.hashtag.al\/wp-content\/uploads\/2024\/06\/EDI-RAMA-9-768x415-1-e1718122064228.jpg 605w, https:\/\/www.hashtag.al\/wp-content\/uploads\/2024\/06\/EDI-RAMA-9-768x415-1-e1718122064228-300x205.jpg 300w\" sizes=\"auto, (max-width: 605px) 100vw, 605px\" \/><\/span><\/p>\n<p style=\"text-align: left;\"><span style=\"color: #000000;\">Kryetari i Partis\u00eb Socialiste, Edi Rama, nj\u00ebherazi edhe Kryeminist\u00ebr, n\u00eb nj\u00eb mbledhje online t\u00eb Asambles\u00eb Komb\u00ebtare t\u00eb PS-s\u00eb, tha se nga organizatat socialiste jan\u00eb propozuar 10 mij\u00eb delegat\u00eb, nga t\u00eb cil\u00ebt ka dal\u00eb numri 1200 delegat\u00eb t\u00eb Kongresit.<\/span><\/p>\n<p style=\"text-align: left;\"><span style=\"color: #000000;\">Rama tha se ky \u00ebsht\u00eb numri i delegat\u00ebve q\u00eb do t\u00eb marrin pjes\u00eb n\u00eb Kongresin zgjedhor t\u00eb 20 korrikut, i cili pritet t\u00eb zgjedh\u00eb edhe Asamblen\u00eb e re t\u00eb PS-s\u00eb.<\/span><\/p>\n<\/div>\n<\/div>\n<div class=\"col-md-10 col-sm-10 article-text\">\n<p style=\"text-align: left;\"><span style=\"color: #000000;\">Duke sqaruar se si ndahen delegat\u00ebt e Kongresit, Rama tha se 925 delegat\u00eb jan\u00eb zgjedhur nga an\u00ebtar\u00ebsia, nd\u00ebrsa pjesa tjet\u00ebr jan\u00eb an\u00ebtar\u00ebt ex ficio si kryetar\u00eb bashkish, kryetar k\u00ebshillash e k\u00ebshtu me rradh\u00eb. Rama tha se 76 % e 925 delegat\u00ebve t\u00eb zgjedhur, jan\u00eb p\u00ebr her\u00eb t\u00eb par\u00eb n\u00eb Kongresin e PS-s\u00eb.<\/span><\/p>\n<\/div>\n<div class=\"col-md-10 col-sm-10 article-text\">\n<p style=\"text-align: left;\"><span style=\"color: #000000;\"><em>\u201cKemi shkuar p\u00ebrtej 50 % t\u00eb t\u00eb rinjve, pra jemi n\u00eb 76 %. i nj\u00ebjti kriter dhe e nj\u00ebjta ambicie duhet t\u00eb karakterizoj\u00eb edhe zgjedhjen e an\u00ebtar\u00ebve t\u00eb Asambles\u00eb t\u00eb re t\u00eb PS-s\u00eb.<\/em><\/span><\/p>\n<p style=\"text-align: left;\"><span style=\"color: #000000;\"><em>P\u00ebrsa i p\u00ebrket k\u00ebtyre t\u00eb dyt\u00ebve dua t\u00eb theksoj se jan\u00eb 156 an\u00ebtar\u00eb dhe anetare t\u00eb Asambles\u00eb q\u00eb do t\u00eb zgjidhen me vot\u00eb nga Kongresi, nd\u00ebrkoh\u00eb q\u00eb nj\u00eb pjes\u00eb jan\u00eb ex-ficio, deputet\u00ebt, kryetar\u00ebt e bashkive, k\u00ebshillave etj.<\/em><\/span><\/p>\n<p style=\"text-align: left;\"><span style=\"color: #000000;\"><em>Ka pasur nj\u00eb zhvillim pozitiv dometh\u00ebn\u00ebs me organizimin e PS n\u00eb emigracion, kemi zhvilluar dy ture p\u00ebr t\u00eb takuar shqiptar\u00ebt, n\u00eb Greqi dhe Itali. K\u00ebto takime nuk ka qen\u00eb thjesht nj\u00eb q\u00ebllim n\u00eb vetvete, as thjesht takime pa vazhdim, por ka qen\u00eb nj\u00eb trokitje n\u00eb der\u00ebn e shqiptar\u00ebve t\u00eb Europ\u00ebs, p\u00ebrtej mureve t\u00eb sall\u00ebs, ku ka f<\/em>illuar nj\u00eb pun\u00eb dometh\u00ebn\u00ebse p\u00ebr t\u00eb rienergjizuar plot\u00ebsisht rrjetin e an\u00ebtar\u00ebsis\u00eb dhe simpatizant\u00ebve t\u00eb PS\u201d, tha Rama.<\/span><\/p>\n<p style=\"text-align: left;\"><span style=\"color: #000000;\">Ai u shpreh se PS ka 93 mij\u00eb an\u00ebtar\u00eb, nga t\u00eb cil\u00ebt 32 mij\u00eb jan\u00eb an\u00ebtar\u00eb dhe an\u00ebtare t\u00eb rinj dhe t\u00eb reja.<\/span><\/p>\n<\/div>\n","protected":false,"gt_translate_keys":[{"key":"rendered","format":"html"}]},"excerpt":{"rendered":"<p>Kryetari i Partis\u00eb Socialiste, Edi Rama, nj\u00ebherazi edhe Kryeminist\u00ebr, n\u00eb nj\u00eb mbledhje online t\u00eb Asambles\u00eb Komb\u00ebtare t\u00eb PS-s\u00eb, tha se nga organizatat socialiste jan\u00eb propozuar 10 mij\u00eb delegat\u00eb, nga t\u00eb cil\u00ebt ka dal\u00eb numri 1200 delegat\u00eb t\u00eb Kongresit. Rama tha se ky \u00ebsht\u00eb numri i delegat\u00ebve q\u00eb do t\u00eb marrin pjes\u00eb n\u00eb Kongresin zgjedhor t\u00eb [&hellip;]<\/p>\n","protected":false,"gt_translate_keys":[{"key":"rendered","format":"html"}]},"author":4,"featured_media":680986,"comment_status":"closed","ping_status":"open","sticky":false,"template":"","format":"standard","meta":{"footnotes":""},"categories":[65],"tags":[],"class_list":["post-680990","post","type-post","status-publish","format-standard","has-post-thumbnail","hentry","category-lajme"],"gt_translate_keys":[{"key":"link","format":"url"}],"_links":{"self":[{"href":"https:\/\/www.hashtag.al\/index.php\/wp-json\/wp\/v2\/posts\/680990","targetHints":{"allow":["GET"]}}],"collection":[{"href":"https:\/\/www.hashtag.al\/index.php\/wp-json\/wp\/v2\/posts"}],"about":[{"href":"https:\/\/www.hashtag.al\/index.php\/wp-json\/wp\/v2\/types\/post"}],"author":[{"embeddable":true,"href":"https:\/\/www.hashtag.al\/index.php\/wp-json\/wp\/v2\/users\/4"}],"replies":[{"embeddable":true,"href":"https:\/\/www.hashtag.al\/index.php\/wp-json\/wp\/v2\/comments?post=680990"}],"version-history":[{"count":0,"href":"https:\/\/www.hashtag.al\/index.php\/wp-json\/wp\/v2\/posts\/680990\/revisions"}],"wp:featuredmedia":[{"embeddable":true,"href":"https:\/\/www.hashtag.al\/index.php\/wp-json\/wp\/v2\/media\/680986"}],"wp:attachment":[{"href":"https:\/\/www.hashtag.al\/index.php\/wp-json\/wp\/v2\/media?parent=680990"}],"wp:term":[{"taxonomy":"category","embeddable":true,"href":"https:\/\/www.hashtag.al\/index.php\/wp-json\/wp\/v2\/categories?post=680990"},{"taxonomy":"post_tag","embeddable":true,"href":"https:\/\/www.hashtag.al\/index.php\/wp-json\/wp\/v2\/tags?post=680990"}],"curies":[{"name":"wp","href":"https:\/\/api.w.org\/{rel}","templated":true}]}}