{"id":680976,"date":"2024-06-11T18:02:47","date_gmt":"2024-06-11T16:02:47","guid":{"rendered":"https:\/\/www.hashtag.al\/?p=680976"},"modified":"2024-06-11T18:02:47","modified_gmt":"2024-06-11T16:02:47","slug":"rama-ne-shtator-rinisim-turin-ne-diaspore","status":"publish","type":"post","link":"https:\/\/www.hashtag.al\/index.php\/2024\/06\/11\/rama-ne-shtator-rinisim-turin-ne-diaspore\/","title":{"rendered":"Rama: N\u00eb shtator rinisim turin n\u00eb Diaspor\u00eb","gt_translate_keys":[{"key":"rendered","format":"text"}]},"content":{"rendered":"<p style=\"text-align: left;\"><span style=\"color: #000000;\"><img loading=\"lazy\" decoding=\"async\" class=\"size-full wp-image-680977 aligncenter\" src=\"https:\/\/www.hashtag.al\/wp-content\/uploads\/2024\/06\/Screenshot-2024-06-11-174350.png\" alt=\"\" width=\"682\" height=\"383\" srcset=\"https:\/\/www.hashtag.al\/wp-content\/uploads\/2024\/06\/Screenshot-2024-06-11-174350.png 682w, https:\/\/www.hashtag.al\/wp-content\/uploads\/2024\/06\/Screenshot-2024-06-11-174350-300x168.png 300w\" sizes=\"auto, (max-width: 682px) 100vw, 682px\" \/><\/span><\/p>\n<p style=\"text-align: left;\"><span style=\"color: #000000;\">Kreu i shtetit, Edi Rama tha se ka pasur zhvillime pozitive me organizimin e Partis\u00eb Socialiste n\u00eb emigracion.<\/span><\/p>\n<p style=\"text-align: left;\"><span style=\"color: #000000;\">Gjat\u00eb fjal\u00ebs s\u00eb tij n\u00eb Asamblen\u00eb Komb\u00ebtare t\u00eb Partis\u00eb Socialiste, Rama u shpreh se n\u00eb shtator do t\u00eb rinis\u00eb turi me diaspor\u00ebn, teksa shtoi se do t\u00eb ket\u00eb takim edhe n\u00eb SHBA. Nd\u00ebrkaq, Kongresi i PS pritet t\u00eb zhvillohet m\u00eb 20 korrik.<\/span><\/p>\n<p style=\"text-align: left;\"><span style=\"color: #000000;\"><em>\u201cDua t\u00eb theksoj se jan\u00eb faktikisht, 156 an\u00ebtar\u00eb dhe an\u00ebtare t\u00eb Asambles\u00eb Komb\u00ebtare q\u00eb do zgjidhen nga Kongresi, edhe n\u00eb Asamble, nj\u00eb pjes\u00eb jan\u00eb an\u00ebtar\u00eb eksoficio, jan\u00eb kryetar\u00eb bashkish, deptuet\u00ebt e Grupit Parlamentar t\u00eb Partis\u00eb Socialiste.<\/em><\/span><\/p>\n<p style=\"text-align: left;\"><span style=\"color: #000000;\"><em> 156 do t\u00eb zgjidhen me vot\u00eb n\u00eb Kongresin e ardhsh\u00ebm zgjedhor, ambicia e kthyer n\u00eb kriter, 3\/4 e tyre duhet t\u00eb jen\u00eb per her\u00eb t\u00eb par\u00eb n\u00eb Asamblen\u00eb Komb\u00ebtare ka pasur zhvillim pozitiv edhe me organizimin e PS n\u00eb emigracion. <\/em><\/span><\/p>\n<p style=\"text-align: left;\"><span style=\"color: #000000;\"><em>Kemi zhvilluar dy takimet e para t\u00eb trurit t\u00eb dakord\u00ebsuar p\u00ebr t\u00eb takuar shqiptar\u00ebt e Europ\u00ebs dhe jo vet\u00ebm. <\/em><\/span><\/p>\n<p style=\"text-align: left;\"><span style=\"color: #000000;\"><em>N\u00eb Greqi dhe n\u00eb Itali, takimi nuk ka qen\u00eb thjesht nj\u00eb q\u00ebllim n\u00eb vetvete, as thjesht nj\u00eb takim pa vazhdim, por ka qen\u00eb edhe nj\u00eb trokitje n\u00eb der\u00ebn e shqiptar\u00ebve t\u00eb Europ\u00ebs, p\u00ebrtej mureve t\u00eb sall\u00ebs, ku ka filluar nj\u00eb pun\u00eb dometh\u00ebn\u00ebse p\u00ebr t\u00eb rienergjizuar t\u00ebr\u00ebsisht rrjetin e an\u00ebtar\u00ebsis\u00eb dhe simpatizant\u00ebve t\u00eb PS. <\/em><\/span><\/p>\n<p style=\"text-align: left;\"><span style=\"color: #000000;\"><em>Turi do t\u00eb vazhdoj\u00eb n\u00eb shtator, p\u00ebr shkak t\u00ebz gjedhjeve t\u00eb parakohshme n\u00eb Lond\u00ebr, u b\u00eb p[roblem marrja e sall\u00ebs q\u00eb kishim prenotuar m\u00eb par\u00eb. <\/em><\/span><\/p>\n<p style=\"text-align: left;\"><span style=\"color: #000000;\"><em>Nj\u00eb nj\u00eb situat\u00eb zgjedhore, ishte normale t\u00eb shmangnim nj\u00eb takim, sidoqoft\u00eb \u00ebsht\u00eb takim politik. Po k\u00ebshtu, duke qen\u00eb se parashikimi apo p\u00ebrgatierja p\u00ebr t\u00eb b\u00ebr\u00eb takimin e Dyseldorfit, shum\u00eb af\u00ebr me ndeshjen e skuadr\u00ebs komb\u00ebtare, nuk donim t\u00eb krjonim ide t\u00eb p\u00ebrzierjes s\u00eb dy gj\u00ebrave. <\/em><\/span><\/p>\n<p style=\"text-align: left;\"><span style=\"color: #000000;\"><em>N\u00eb shtator do t\u00eb marrim p\u00ebrs\u00ebri turin dhe do t\u00eb zhvillojm\u00eb takimet e Gjermanis\u00eb dhe Mbret\u00ebris\u00eb s\u00eb Bashkuar. Do p\u00ebrgatitemi p\u00ebr nj\u00eb takim n\u00eb SHBA\u201d,<\/em> theksoi ai.<\/span><\/p>\n","protected":false,"gt_translate_keys":[{"key":"rendered","format":"html"}]},"excerpt":{"rendered":"<p>Kreu i shtetit, Edi Rama tha se ka pasur zhvillime pozitive me organizimin e Partis\u00eb Socialiste n\u00eb emigracion. Gjat\u00eb fjal\u00ebs s\u00eb tij n\u00eb Asamblen\u00eb Komb\u00ebtare t\u00eb Partis\u00eb Socialiste, Rama u shpreh se n\u00eb shtator do t\u00eb rinis\u00eb turi me diaspor\u00ebn, teksa shtoi se do t\u00eb ket\u00eb takim edhe n\u00eb SHBA. Nd\u00ebrkaq, Kongresi i PS pritet [&hellip;]<\/p>\n","protected":false,"gt_translate_keys":[{"key":"rendered","format":"html"}]},"author":4,"featured_media":680977,"comment_status":"closed","ping_status":"open","sticky":false,"template":"","format":"standard","meta":{"footnotes":""},"categories":[65],"tags":[],"class_list":["post-680976","post","type-post","status-publish","format-standard","has-post-thumbnail","hentry","category-lajme"],"gt_translate_keys":[{"key":"link","format":"url"}],"_links":{"self":[{"href":"https:\/\/www.hashtag.al\/index.php\/wp-json\/wp\/v2\/posts\/680976","targetHints":{"allow":["GET"]}}],"collection":[{"href":"https:\/\/www.hashtag.al\/index.php\/wp-json\/wp\/v2\/posts"}],"about":[{"href":"https:\/\/www.hashtag.al\/index.php\/wp-json\/wp\/v2\/types\/post"}],"author":[{"embeddable":true,"href":"https:\/\/www.hashtag.al\/index.php\/wp-json\/wp\/v2\/users\/4"}],"replies":[{"embeddable":true,"href":"https:\/\/www.hashtag.al\/index.php\/wp-json\/wp\/v2\/comments?post=680976"}],"version-history":[{"count":0,"href":"https:\/\/www.hashtag.al\/index.php\/wp-json\/wp\/v2\/posts\/680976\/revisions"}],"wp:featuredmedia":[{"embeddable":true,"href":"https:\/\/www.hashtag.al\/index.php\/wp-json\/wp\/v2\/media\/680977"}],"wp:attachment":[{"href":"https:\/\/www.hashtag.al\/index.php\/wp-json\/wp\/v2\/media?parent=680976"}],"wp:term":[{"taxonomy":"category","embeddable":true,"href":"https:\/\/www.hashtag.al\/index.php\/wp-json\/wp\/v2\/categories?post=680976"},{"taxonomy":"post_tag","embeddable":true,"href":"https:\/\/www.hashtag.al\/index.php\/wp-json\/wp\/v2\/tags?post=680976"}],"curies":[{"name":"wp","href":"https:\/\/api.w.org\/{rel}","templated":true}]}}