{"id":680502,"date":"2024-06-09T20:13:06","date_gmt":"2024-06-09T18:13:06","guid":{"rendered":"https:\/\/www.hashtag.al\/?p=680502"},"modified":"2024-06-09T20:19:56","modified_gmt":"2024-06-09T18:19:56","slug":"goditje-per-netanyahun-ministri-izraelit-benny-gantz-dorehiqet-nga-kabineti-i-luftes","status":"publish","type":"post","link":"https:\/\/www.hashtag.al\/index.php\/2024\/06\/09\/goditje-per-netanyahun-ministri-izraelit-benny-gantz-dorehiqet-nga-kabineti-i-luftes\/","title":{"rendered":"Goditje p\u00ebr Netanyahun, Benny Gantz dor\u00ebhiqet nga kabineti i luft\u00ebs","gt_translate_keys":[{"key":"rendered","format":"text"}]},"content":{"rendered":"<p><span style=\"color: #000000;\"><img loading=\"lazy\" decoding=\"async\" class=\"aligncenter size-full wp-image-680503\" src=\"https:\/\/www.hashtag.al\/wp-content\/uploads\/2024\/06\/gantzi.jpg\" alt=\"\" width=\"644\" height=\"396\" srcset=\"https:\/\/www.hashtag.al\/wp-content\/uploads\/2024\/06\/gantzi.jpg 644w, https:\/\/www.hashtag.al\/wp-content\/uploads\/2024\/06\/gantzi-300x184.jpg 300w\" sizes=\"auto, (max-width: 644px) 100vw, 644px\" \/><\/span><\/p>\n<p><span style=\"color: #000000;\">An\u00ebtari i kabinetit t\u00eb luft\u00ebs n\u00eb Izrael Benny Gantz ka dh\u00ebn\u00eb dor\u00ebheqjen nga qeveria e Benjamin Netanyahut, duke i dh\u00ebn\u00eb nj\u00eb goditje kryeministrit q\u00eb dit\u00ebn e djeshme festoi operacionin e rrall\u00eb t\u00eb shp\u00ebtimit t\u00eb kat\u00ebr pengjeve t\u00eb mbajtura n\u00eb Gaza.<\/span><\/p>\n<p><span style=\"color: #000000;\"><em>\u201cNetanyahu na pengon t\u00eb ecim p\u00ebrpara drejt nj\u00eb fitoreje t\u00eb v\u00ebrtet\u00eb n\u00eb Gaza\u201d<\/em>, tha Gantz n\u00eb nj\u00eb deklarat\u00eb televizive t\u00eb diel\u00ebn, n\u00eb t\u00eb cil\u00ebn ai e p\u00ebrshkroi largimin nga qeveria si nj\u00eb \u201cvendim t\u00eb nd\u00ebrlikuar dhe t\u00eb dhimbsh\u00ebm\u201d.<\/span><\/p>\n<p><span style=\"color: #000000;\"><em>\u201cKjo \u00ebsht\u00eb arsyeja pse ne po largohemi nga qeveria e jasht\u00ebzakonshme sot me zem\u00ebr t\u00eb r\u00ebnduar\u00eb, por t\u00eb bindur n\u00eb k\u00ebt\u00eb q\u00eb po b\u00ebjm\u00eb.\u201d<\/em><\/span><\/p>\n<p><span style=\"color: #000000;\">Vendimi i Gantz, i konsideruar si sfiduesi kryesor politik i Netanyahut, p\u00ebrmbush nj\u00eb ultimatum q\u00eb ai i dha kryeministrit muajin e kaluar duke i b\u00ebr\u00eb thirrje atij q\u00eb t\u00eb hartonte nj\u00eb plan t\u00eb ri p\u00ebr luft\u00ebn kund\u00ebr Hamasit deri m\u00eb 8 qershor.<\/span><\/p>\n<p><span style=\"color: #000000;\">Vendimi i Gantz, i konsideruar si sfiduesi kryesor politik i Netanyahut, p\u00ebrmbush nj\u00eb ultimatum q\u00eb ai i dha kryeministrit muajin e kaluar duke i b\u00ebr\u00eb thirrje atij q\u00eb t\u00eb hartonte nj\u00eb plan t\u00eb ri p\u00ebr luft\u00ebn kund\u00ebr Hamasit deri m\u00eb 8 qershor.<\/span><\/p>\n<p><span style=\"color: #000000;\">Gantz pritej t\u00eb jepte dor\u00ebheqjen t\u00eb shtun\u00ebn, por e shtyu njoftimin pas lajmeve se forcat izraelite kishin shp\u00ebtuar kat\u00ebr pengje n\u00eb nj\u00eb operacion q\u00eb zyrtar\u00ebt e Gaz\u00ebs than\u00eb se la m\u00eb shum\u00eb se 270 palestinez\u00eb t\u00eb vdekur.<\/span><\/p>\n<p><span style=\"color: #000000;\">Dor\u00ebheqja e tij vjen pavar\u00ebsisht se Netanyahu t\u00eb shtun\u00ebn i b\u00ebri thirrje Gantz t\u00eb q\u00ebndroj\u00eb n\u00eb qeverin\u00eb e emergjenc\u00ebs t\u00eb Izraelit, duke th\u00ebn\u00eb se kjo \u00ebsht\u00eb koha p\u00ebr bashkim, jo p\u00ebr ndarje.<\/span><\/p>\n<p><span style=\"color: #000000;\"><em>\u201cNe duhet t\u00eb mbetemi t\u00eb bashkuar me nj\u00ebri-tjetrin p\u00ebrball\u00eb detyrave t\u00eb m\u00ebdha q\u00eb kemi p\u00ebrpara. I b\u00ebj thirrje Benny Gantz, mos e lini qeverin\u00eb e urgjenc\u00ebs. Mos hiqni dor\u00eb nga bashkimi\u201d<\/em>, shkroi Netanyahu n\u00eb Telegram.<\/span><\/p>\n<p><span style=\"color: #000000;\">Vendimi i Gantz nuk e v\u00eb qeverin\u00eb e Netanyahut n\u00eb rrezik t\u00eb menj\u00ebhersh\u00ebm, partia e tij nuk ishte pjes\u00eb e koalicionit t\u00eb kryeministrit, i cili ruan nj\u00eb shumic\u00eb me 64 vende n\u00eb parlamentin Knesset 120 an\u00ebtar\u00ebsh. Megjithat\u00eb, ajo do largohej nga kabineti i luft\u00ebs, i ngritur kat\u00ebr dit\u00eb pas sulmit t\u00eb Hamasit m\u00eb 7 tetor, pa p\u00ebrfaq\u00ebsim nga asnj\u00eb parti tjet\u00ebr p\u00ebrve\u00e7 Likud-it t\u00eb Netanyahut.<\/span><\/p>\n<p><span style=\"color: #000000;\">P\u00ebrve\u00e7 kryeministrit, i vetmi an\u00ebtar tjet\u00ebr i qeveris\u00eb s\u00eb urgjenc\u00ebs me fuqi vendimmarr\u00ebse \u00ebsht\u00eb ministri i Mbrojtjes Yoav Gallant, gjithashtu nga Likud.<\/span><\/p>\n<p><span style=\"color: #000000;\">Vendimi i Gantz vjen nd\u00ebrsa Netanyahu p\u00ebrballet me thirrje n\u00eb rritje nga aleat\u00ebt per\u00ebndimor\u00eb t\u00eb Izraelit dhe familjet e pengjeve t\u00eb mbajtura n\u00eb Gaza p\u00ebr t&#8217;i dh\u00ebn\u00eb fund luft\u00ebs dhe p\u00ebr t\u00eb kthyer rob\u00ebrit.<\/span><\/p>\n<p><span style=\"color: #000000;\">Tet\u00eb muaj q\u00eb nga fillimi i luft\u00ebs, Izraeli ende nuk i ka arritur objektivat e tij t\u00eb deklaruara pasi shumica e udh\u00ebheqjes s\u00eb lart\u00eb t\u00eb Hamasit mbetet e lir\u00eb dhe m\u00eb shum\u00eb se 100 pengje jan\u00eb mbajtur n\u00eb enklav\u00eb.<\/span><\/p>\n<p><span style=\"color: #000000;\"><span style=\"color: #ff0000;\"><strong>VINI RE<\/strong><\/span>: Ky material \u00ebsht\u00eb pron\u00ebsi intelektuale e <span style=\"color: #0000ff;\"><a style=\"color: #0000ff;\" href=\"https:\/\/edition.cnn.com\/2024\/06\/09\/middleeast\/benny-gantz-resignation-post-war-plan-gaza-intl-latam\/index.html\">CNN<\/a><\/span><\/span><\/p>\n<p><span style=\"color: #000000;\">P\u00ebrgatiti p\u00ebr <span style=\"color: #0000ff;\">Hashtag.al,<\/span> Klodian Manjani<\/span><\/p>\n","protected":false,"gt_translate_keys":[{"key":"rendered","format":"html"}]},"excerpt":{"rendered":"<p>An\u00ebtari i kabinetit t\u00eb luft\u00ebs n\u00eb Izrael Benny Gantz ka dh\u00ebn\u00eb dor\u00ebheqjen nga qeveria e Benjamin Netanyahut, duke i dh\u00ebn\u00eb nj\u00eb goditje kryeministrit q\u00eb dit\u00ebn e djeshme festoi operacionin e rrall\u00eb t\u00eb shp\u00ebtimit t\u00eb kat\u00ebr pengjeve t\u00eb mbajtura n\u00eb Gaza. \u201cNetanyahu na pengon t\u00eb ecim p\u00ebrpara drejt nj\u00eb fitoreje t\u00eb v\u00ebrtet\u00eb n\u00eb Gaza\u201d, tha Gantz [&hellip;]<\/p>\n","protected":false,"gt_translate_keys":[{"key":"rendered","format":"html"}]},"author":51,"featured_media":680503,"comment_status":"closed","ping_status":"open","sticky":false,"template":"","format":"standard","meta":{"footnotes":""},"categories":[22],"tags":[],"class_list":["post-680502","post","type-post","status-publish","format-standard","has-post-thumbnail","hentry","category-ballina"],"gt_translate_keys":[{"key":"link","format":"url"}],"_links":{"self":[{"href":"https:\/\/www.hashtag.al\/index.php\/wp-json\/wp\/v2\/posts\/680502","targetHints":{"allow":["GET"]}}],"collection":[{"href":"https:\/\/www.hashtag.al\/index.php\/wp-json\/wp\/v2\/posts"}],"about":[{"href":"https:\/\/www.hashtag.al\/index.php\/wp-json\/wp\/v2\/types\/post"}],"author":[{"embeddable":true,"href":"https:\/\/www.hashtag.al\/index.php\/wp-json\/wp\/v2\/users\/51"}],"replies":[{"embeddable":true,"href":"https:\/\/www.hashtag.al\/index.php\/wp-json\/wp\/v2\/comments?post=680502"}],"version-history":[{"count":0,"href":"https:\/\/www.hashtag.al\/index.php\/wp-json\/wp\/v2\/posts\/680502\/revisions"}],"wp:featuredmedia":[{"embeddable":true,"href":"https:\/\/www.hashtag.al\/index.php\/wp-json\/wp\/v2\/media\/680503"}],"wp:attachment":[{"href":"https:\/\/www.hashtag.al\/index.php\/wp-json\/wp\/v2\/media?parent=680502"}],"wp:term":[{"taxonomy":"category","embeddable":true,"href":"https:\/\/www.hashtag.al\/index.php\/wp-json\/wp\/v2\/categories?post=680502"},{"taxonomy":"post_tag","embeddable":true,"href":"https:\/\/www.hashtag.al\/index.php\/wp-json\/wp\/v2\/tags?post=680502"}],"curies":[{"name":"wp","href":"https:\/\/api.w.org\/{rel}","templated":true}]}}