{"id":680152,"date":"2024-06-07T21:11:39","date_gmt":"2024-06-07T19:11:39","guid":{"rendered":"https:\/\/www.hashtag.al\/?p=680152"},"modified":"2024-06-07T21:11:39","modified_gmt":"2024-06-07T19:11:39","slug":"berisha-nga-dritarja-shqiperia-narkoshtet-rama-emeroi-tre-ministra-te-brendshem-te-lidhur-me-trafikantet-e-kokaines","status":"publish","type":"post","link":"https:\/\/www.hashtag.al\/index.php\/2024\/06\/07\/berisha-nga-dritarja-shqiperia-narkoshtet-rama-emeroi-tre-ministra-te-brendshem-te-lidhur-me-trafikantet-e-kokaines\/","title":{"rendered":"Berisha nga dritarja: Shqip\u00ebria narkoshtet, Rama em\u00ebroi tre ministra t\u00eb Brendsh\u00ebm t\u00eb lidhur me trafikant\u00ebt e kokain\u00ebs","gt_translate_keys":[{"key":"rendered","format":"text"}]},"content":{"rendered":"<p><img loading=\"lazy\" decoding=\"async\" class=\"aligncenter size-full wp-image-679618\" src=\"https:\/\/www.hashtag.al\/wp-content\/uploads\/2024\/06\/berisha.jpg\" alt=\"\" width=\"768\" height=\"512\" srcset=\"https:\/\/www.hashtag.al\/wp-content\/uploads\/2024\/06\/berisha.jpg 768w, https:\/\/www.hashtag.al\/wp-content\/uploads\/2024\/06\/berisha-300x200.jpg 300w\" sizes=\"auto, (max-width: 768px) 100vw, 768px\" \/><\/p>\n<p><span style=\"color: #000000;\">Kreu i Rithemelimit tha nga arresti n\u00eb sht\u00ebpi se Shqip\u00ebria \u00ebsht\u00eb narktoshtet me kryeministrin Rama q\u00eb ka em\u00ebruar si ministra t\u00eb Brendsh\u00ebm tre emra t\u00eb lidhur me trafikun nd\u00ebrkomb\u00ebtar t\u00eb drog\u00ebs. <\/span><\/p>\n<p><span style=\"color: #000000;\">Nga dritarja e banes\u00ebs ku ndodhet n\u00eb arrest sht\u00ebpie q\u00eb prej 30 dhjetorit 2023, ai tha sipas SHISH 185 oficer\u00eb policie ishin angazhuar n\u00eb kanabizimin e vendit. <\/span><\/p>\n<p><span style=\"color: #000000;\">M\u00eb tej Berisha akuzou kryeministrin Rama dhe v\u00ebllain e tij, Olsi Rama p\u00ebr lidhje me laboratorin e kokain\u00ebs n\u00eb Xibrak\u00eb. Berisha tha gjithashtu se transporti i kokain\u00ebs nga Amerika e Jugut b\u00ebhet n\u00eb ngarkesa bananesh ose t\u00eb plehut kimik.<\/span><\/p>\n<p><span style=\"color: #000000;\"><em>\u201cA nuk u em\u00ebrua n\u00eb krye t\u00eb ministris\u00eb s\u00eb rendit, skafo-ministri i par\u00eb n\u00eb 32 vite, i cili vetur\u00ebn dhe skafin ua dha tezak\u00ebve Habilaj p\u00ebr t\u00eb b\u00ebr\u00eb trafiqe, n\u00eb t\u00eb cilat ministri merrte p\u00ebrqindjen e tij dhe p\u00ebrqindjen e madhe ia d\u00ebrgonte edhe Edi Ram\u00ebs. A nuk informoi parlamentin, SHISH se 185 oficer\u00eb policie, nga t\u00eb cil\u00ebt 125 madhor\u00eb, ishin angazhuar n\u00eb kanabizimin e vendit? Krahas kanabizimit, a nuk nisi Edi Rama sa erdhi n\u00eb pushtet me instalimin e fabrik\u00ebs m\u00eb t\u00eb madhe n\u00eb Ballkan t\u00eb p\u00ebrpunimit t\u00eb kokain\u00ebs n\u00eb Xibrak\u00eb, nga nj\u00eb grup i drejtuar nga njer\u00ebz shum\u00eb t\u00eb af\u00ebrt me Edi Ram\u00ebn, v\u00ebllai i tij Olsi Rama, Ermal Hoxha, Genti Xhixha? Pas Saimir Tahirit, a nuk u em\u00ebrua n\u00eb krye t\u00eb rendit, Fatmir Xhafaj, tashm\u00eb jo tezak i trafikant\u00ebve si\u00e7 ishte Saimir Tahiri me Habilajt, por v\u00ebllai i Gerond Xhaf\u00ebs, narkotrafikantit nd\u00ebrkomb\u00ebtar, bos i trafikut nd\u00ebrkomb\u00ebtar n\u00eb Bolonja dhe Venezuel\u00eb. A nuk \u00ebsht\u00eb sot n\u00eb krye t\u00eb rendit Taulant Balla, i lidhur s\u00eb paku me dokumente t\u00eb pakund\u00ebrshtueshme me tre dhe m\u00eb shum\u00eb grupe m\u00eb t\u00eb rrezikshme t\u00eb trafikut t\u00eb drog\u00ebs n\u00eb Shqip\u00ebri\/ Po pse mo socialist\u00eb, nuk kishte socialist\u00eb t\u00eb ndersh\u00ebm dhe guximtar\u00eb q\u00eb t\u00eb em\u00ebrohej n\u00eb vend t\u00eb Saimir Tahirit, Fatzi Xhaf\u00ebs, Taulantit me 5 mbiemra? Po i em\u00ebron droga mo zot\u00ebri. A nuk \u00ebsht\u00eb dhjet\u00ebfishuar konsumi i bananeve dhe plehut kimik n\u00eb Shqip\u00ebri? Banania dhe plehu kimik jan\u00eb tashm\u00eb bart\u00ebsit m\u00eb kryesor\u00eb t\u00eb trafikut t\u00eb kokain\u00ebs.\u201d<\/em> &#8211; tha Berisha.<\/span><\/p>\n","protected":false,"gt_translate_keys":[{"key":"rendered","format":"html"}]},"excerpt":{"rendered":"<p>Kreu i Rithemelimit tha nga arresti n\u00eb sht\u00ebpi se Shqip\u00ebria \u00ebsht\u00eb narktoshtet me kryeministrin Rama q\u00eb ka em\u00ebruar si ministra t\u00eb Brendsh\u00ebm tre emra t\u00eb lidhur me trafikun nd\u00ebrkomb\u00ebtar t\u00eb drog\u00ebs. Nga dritarja e banes\u00ebs ku ndodhet n\u00eb arrest sht\u00ebpie q\u00eb prej 30 dhjetorit 2023, ai tha sipas SHISH 185 oficer\u00eb policie ishin angazhuar n\u00eb [&hellip;]<\/p>\n","protected":false,"gt_translate_keys":[{"key":"rendered","format":"html"}]},"author":51,"featured_media":679618,"comment_status":"closed","ping_status":"open","sticky":false,"template":"","format":"standard","meta":{"footnotes":""},"categories":[65],"tags":[],"class_list":["post-680152","post","type-post","status-publish","format-standard","has-post-thumbnail","hentry","category-lajme"],"gt_translate_keys":[{"key":"link","format":"url"}],"_links":{"self":[{"href":"https:\/\/www.hashtag.al\/index.php\/wp-json\/wp\/v2\/posts\/680152","targetHints":{"allow":["GET"]}}],"collection":[{"href":"https:\/\/www.hashtag.al\/index.php\/wp-json\/wp\/v2\/posts"}],"about":[{"href":"https:\/\/www.hashtag.al\/index.php\/wp-json\/wp\/v2\/types\/post"}],"author":[{"embeddable":true,"href":"https:\/\/www.hashtag.al\/index.php\/wp-json\/wp\/v2\/users\/51"}],"replies":[{"embeddable":true,"href":"https:\/\/www.hashtag.al\/index.php\/wp-json\/wp\/v2\/comments?post=680152"}],"version-history":[{"count":0,"href":"https:\/\/www.hashtag.al\/index.php\/wp-json\/wp\/v2\/posts\/680152\/revisions"}],"wp:featuredmedia":[{"embeddable":true,"href":"https:\/\/www.hashtag.al\/index.php\/wp-json\/wp\/v2\/media\/679618"}],"wp:attachment":[{"href":"https:\/\/www.hashtag.al\/index.php\/wp-json\/wp\/v2\/media?parent=680152"}],"wp:term":[{"taxonomy":"category","embeddable":true,"href":"https:\/\/www.hashtag.al\/index.php\/wp-json\/wp\/v2\/categories?post=680152"},{"taxonomy":"post_tag","embeddable":true,"href":"https:\/\/www.hashtag.al\/index.php\/wp-json\/wp\/v2\/tags?post=680152"}],"curies":[{"name":"wp","href":"https:\/\/api.w.org\/{rel}","templated":true}]}}