{"id":679982,"date":"2024-06-07T10:20:23","date_gmt":"2024-06-07T08:20:23","guid":{"rendered":"https:\/\/www.hashtag.al\/?p=679982"},"modified":"2024-06-07T10:30:27","modified_gmt":"2024-06-07T08:30:27","slug":"kandidatja-per-kryetare-te-klp-se-mirela-bogdani-prezanton-platformen-do-bashkerendoj-punen-me-institucionet-e-tjera-te-drejtesise","status":"publish","type":"post","link":"https:\/\/www.hashtag.al\/index.php\/2024\/06\/07\/kandidatja-per-kryetare-te-klp-se-mirela-bogdani-prezanton-platformen-do-bashkerendoj-punen-me-institucionet-e-tjera-te-drejtesise\/","title":{"rendered":"Kandidatja p\u00ebr kryetare t\u00eb KLP-s\u00eb Mirela Bogdani: Do bashk\u00ebrendoj pun\u00ebn me institucionet e tjera t\u00eb drejt\u00ebsis\u00eb","gt_translate_keys":[{"key":"rendered","format":"text"}]},"content":{"rendered":"<p><img loading=\"lazy\" decoding=\"async\" class=\"size-full wp-image-679978 aligncenter\" src=\"https:\/\/www.hashtag.al\/wp-content\/uploads\/2024\/06\/1716802721_klp.jpg\" alt=\"\" width=\"780\" height=\"440\" srcset=\"https:\/\/www.hashtag.al\/wp-content\/uploads\/2024\/06\/1716802721_klp.jpg 780w, https:\/\/www.hashtag.al\/wp-content\/uploads\/2024\/06\/1716802721_klp-300x169.jpg 300w, https:\/\/www.hashtag.al\/wp-content\/uploads\/2024\/06\/1716802721_klp-768x433.jpg 768w\" sizes=\"auto, (max-width: 780px) 100vw, 780px\" \/><\/p>\n<p><span style=\"font-weight: 400; color: #000000;\">Kandidatja e vetme p\u00ebr kryetare t\u00eb KLP-s\u00eb Mirela Bogdani ka prezantuar programin e saj, pasi K\u00ebshilli i Lart\u00eb i Prokuroris\u00eb do t\u00eb zgjedh\u00eb kreun pas mbarimit t\u00eb mandatit t\u00eb Alfred Ball\u00ebs.<\/span><\/p>\n<p><span style=\"color: #000000;\"><i><span style=\"font-weight: 400;\">\u201cP\u00ebr mua \u00ebsht\u00eb tep\u00ebr e r\u00ebnd\u00ebsishme puna me partner\u00ebt nd\u00ebrkomb\u00ebtar\u00eb, q\u00eb kan\u00eb insistuar pun\u00ebn e K\u00ebshillit t\u00eb Lart\u00eb t\u00eb Prokuroris\u00eb dhe kan\u00eb vijuar mb\u00ebshtetjen. Do t\u00eb vijoj pun\u00ebn me t\u00eb gjitha institucionet e tjera t\u00eb drejt\u00ebsis\u00eb. Do t\u00eb punoj p\u00ebr rregullimin e infrastruktur\u00ebs t\u00eb zyrave t\u00eb KLP. Nj\u00eb fokus tjet\u00ebr do t\u00eb jet\u00eb bashk\u00ebpunimi me KLGJ, bashk\u00ebpunimi me Inspektorin e Lart\u00eb t\u00eb Drejt\u00ebsis\u00eb dhe me shkoll\u00ebn e magjistratur\u00ebs.<\/span><\/i><\/span><\/p>\n<p><span style=\"color: #000000;\"><i><span style=\"font-weight: 400;\">Synoj t\u00eb reformoj sistemin gjyq\u00ebsor. D\u00ebshiroj t\u00eb p\u00ebrmbush t\u00eb gjitha kushtet q\u00eb ka vendosiur BE, me q\u00ebllim q\u00eb drejt\u00ebsia n\u00eb vend t\u00eb b\u00ebj\u00eb p\u00ebrpara. Synoj t\u00eb rris edhe nivelin e kapaciteteve njer\u00ebzore, ku do t\u00eb merren parasysh kriteret e meritokracis\u00eb dhe standardeve nd\u00ebrkomb\u00ebtare, ashtu edhe t\u2019i jap r\u00ebnd\u00ebsi statusit t\u00eb n\u00ebpun\u00ebsit civil. Nj\u00eb pik\u00eb tjet\u00ebr \u00ebsht\u00eb edhe etika, q\u00eb t\u00eb ket\u00eb jet\u00ebsim tjet\u00ebr standardi\u201d,<\/span><\/i><span style=\"font-weight: 400;\"> u shpreh Bogdani.<\/span><\/span><\/p>\n","protected":false,"gt_translate_keys":[{"key":"rendered","format":"html"}]},"excerpt":{"rendered":"<p>Kandidatja e vetme p\u00ebr kryetare t\u00eb KLP-s\u00eb Mirela Bogdani ka prezantuar programin e saj, pasi K\u00ebshilli i Lart\u00eb i Prokuroris\u00eb do t\u00eb zgjedh\u00eb kreun pas mbarimit t\u00eb mandatit t\u00eb Alfred Ball\u00ebs. \u201cP\u00ebr mua \u00ebsht\u00eb tep\u00ebr e r\u00ebnd\u00ebsishme puna me partner\u00ebt nd\u00ebrkomb\u00ebtar\u00eb, q\u00eb kan\u00eb insistuar pun\u00ebn e K\u00ebshillit t\u00eb Lart\u00eb t\u00eb Prokuroris\u00eb dhe kan\u00eb vijuar mb\u00ebshtetjen. [&hellip;]<\/p>\n","protected":false,"gt_translate_keys":[{"key":"rendered","format":"html"}]},"author":4,"featured_media":679978,"comment_status":"closed","ping_status":"open","sticky":false,"template":"","format":"standard","meta":{"footnotes":""},"categories":[65],"tags":[],"class_list":["post-679982","post","type-post","status-publish","format-standard","has-post-thumbnail","hentry","category-lajme"],"gt_translate_keys":[{"key":"link","format":"url"}],"_links":{"self":[{"href":"https:\/\/www.hashtag.al\/index.php\/wp-json\/wp\/v2\/posts\/679982","targetHints":{"allow":["GET"]}}],"collection":[{"href":"https:\/\/www.hashtag.al\/index.php\/wp-json\/wp\/v2\/posts"}],"about":[{"href":"https:\/\/www.hashtag.al\/index.php\/wp-json\/wp\/v2\/types\/post"}],"author":[{"embeddable":true,"href":"https:\/\/www.hashtag.al\/index.php\/wp-json\/wp\/v2\/users\/4"}],"replies":[{"embeddable":true,"href":"https:\/\/www.hashtag.al\/index.php\/wp-json\/wp\/v2\/comments?post=679982"}],"version-history":[{"count":0,"href":"https:\/\/www.hashtag.al\/index.php\/wp-json\/wp\/v2\/posts\/679982\/revisions"}],"wp:featuredmedia":[{"embeddable":true,"href":"https:\/\/www.hashtag.al\/index.php\/wp-json\/wp\/v2\/media\/679978"}],"wp:attachment":[{"href":"https:\/\/www.hashtag.al\/index.php\/wp-json\/wp\/v2\/media?parent=679982"}],"wp:term":[{"taxonomy":"category","embeddable":true,"href":"https:\/\/www.hashtag.al\/index.php\/wp-json\/wp\/v2\/categories?post=679982"},{"taxonomy":"post_tag","embeddable":true,"href":"https:\/\/www.hashtag.al\/index.php\/wp-json\/wp\/v2\/tags?post=679982"}],"curies":[{"name":"wp","href":"https:\/\/api.w.org\/{rel}","templated":true}]}}