{"id":679969,"date":"2024-06-07T10:07:35","date_gmt":"2024-06-07T08:07:35","guid":{"rendered":"https:\/\/www.hashtag.al\/?p=679969"},"modified":"2024-06-07T10:07:35","modified_gmt":"2024-06-07T08:07:35","slug":"merr-flake-banesa-ne-korce-89-vjecari-dergohet-me-urgjence-ne-spital","status":"publish","type":"post","link":"https:\/\/www.hashtag.al\/index.php\/2024\/06\/07\/merr-flake-banesa-ne-korce-89-vjecari-dergohet-me-urgjence-ne-spital\/","title":{"rendered":"Merr flak\u00eb banesa n\u00eb Kor\u00e7\u00eb, 89-vje\u00e7ari d\u00ebrgohet me urgjenc\u00eb n\u00eb spital","gt_translate_keys":[{"key":"rendered","format":"text"}]},"content":{"rendered":"<p style=\"text-align: left;\"><span style=\"color: #000000;\"><img loading=\"lazy\" decoding=\"async\" class=\"size-full wp-image-679973 aligncenter\" src=\"https:\/\/www.hashtag.al\/wp-content\/uploads\/2024\/06\/ZJARRI-NE-HAS-1-600x450-1.jpg\" alt=\"\" width=\"600\" height=\"450\" srcset=\"https:\/\/www.hashtag.al\/wp-content\/uploads\/2024\/06\/ZJARRI-NE-HAS-1-600x450-1.jpg 600w, https:\/\/www.hashtag.al\/wp-content\/uploads\/2024\/06\/ZJARRI-NE-HAS-1-600x450-1-300x225.jpg 300w\" sizes=\"auto, (max-width: 600px) 100vw, 600px\" \/><\/span><\/p>\n<p style=\"text-align: left;\"><span style=\"color: #000000;\">Policia e Kor\u00e7\u00ebs njofton se n\u00eb lagjen num\u00ebr 4 n\u00eb qytet ka r\u00ebn\u00eb zjarr n\u00eb nj\u00eb banes\u00eb, ku jetonte nj\u00eb 89-vje\u00e7ar. I moshuari ka marr\u00eb plag\u00eb n\u00eb trup dhe \u00ebsht\u00eb d\u00ebrguar me urgjenc\u00eb n\u00eb spital.<\/span><\/p>\n<p style=\"text-align: left;\"><span style=\"color: #000000;\">S\u00eb bashku me t\u00eb n\u00eb banes\u00eb, kur ka r\u00ebn\u00eb zjarr, ka qen\u00eb e pranishme edhe nj\u00eb shtetase 47-vje\u00e7are, q\u00eb kujdesej p\u00ebr pronarin e banes\u00ebs dhe e cila ka pasur probleme me frym\u00ebmarrjen.<\/span><\/p>\n<p style=\"text-align: left;\"><span style=\"color: #000000;\"><strong>\u201cKor\u00e7\u00eb\/Informacion paraprak<\/strong><\/span><\/p>\n<p style=\"text-align: left;\"><span style=\"color: #000000;\"><em>M\u00ebngjesin e sot\u00ebm, n\u00eb lagjen nr. 4, Kor\u00e7\u00eb, ka r\u00ebn\u00eb zjarr n\u00eb banes\u00ebn e shtetasit K. Zh., rreth 89 vje\u00e7, i cili p\u00ebr pasoj\u00eb ka marr\u00eb djegie trupore dhe u d\u00ebrgua n\u00eb spital p\u00ebr ndihm\u00eb mjek\u00ebsore, s\u00eb bashku me shtetasen B. B., rreth 47 vje\u00e7e, q\u00eb kujdesej p\u00ebr pronarin e banes\u00ebs, e cila kishte probleme me frym\u00ebmarrjen.<\/em><\/span><\/p>\n<p style=\"text-align: left;\"><span style=\"color: #000000;\"><em>Grupi hetimor po punon p\u00ebr sqarimin e rrethanave dhe p\u00ebrcaktimin e shkaqeve t\u00eb r\u00ebnies s\u00eb zjarrit, i cili paraprakisht dyshohet t\u00eb ket\u00eb r\u00ebn\u00eb p\u00ebr shkaqe aksidentale\u201d,<\/em> njofton policia.<\/span><\/p>\n","protected":false,"gt_translate_keys":[{"key":"rendered","format":"html"}]},"excerpt":{"rendered":"<p>Policia e Kor\u00e7\u00ebs njofton se n\u00eb lagjen num\u00ebr 4 n\u00eb qytet ka r\u00ebn\u00eb zjarr n\u00eb nj\u00eb banes\u00eb, ku jetonte nj\u00eb 89-vje\u00e7ar. I moshuari ka marr\u00eb plag\u00eb n\u00eb trup dhe \u00ebsht\u00eb d\u00ebrguar me urgjenc\u00eb n\u00eb spital. S\u00eb bashku me t\u00eb n\u00eb banes\u00eb, kur ka r\u00ebn\u00eb zjarr, ka qen\u00eb e pranishme edhe nj\u00eb shtetase 47-vje\u00e7are, q\u00eb kujdesej [&hellip;]<\/p>\n","protected":false,"gt_translate_keys":[{"key":"rendered","format":"html"}]},"author":4,"featured_media":679973,"comment_status":"closed","ping_status":"open","sticky":false,"template":"","format":"standard","meta":{"footnotes":""},"categories":[65],"tags":[],"class_list":["post-679969","post","type-post","status-publish","format-standard","has-post-thumbnail","hentry","category-lajme"],"gt_translate_keys":[{"key":"link","format":"url"}],"_links":{"self":[{"href":"https:\/\/www.hashtag.al\/index.php\/wp-json\/wp\/v2\/posts\/679969","targetHints":{"allow":["GET"]}}],"collection":[{"href":"https:\/\/www.hashtag.al\/index.php\/wp-json\/wp\/v2\/posts"}],"about":[{"href":"https:\/\/www.hashtag.al\/index.php\/wp-json\/wp\/v2\/types\/post"}],"author":[{"embeddable":true,"href":"https:\/\/www.hashtag.al\/index.php\/wp-json\/wp\/v2\/users\/4"}],"replies":[{"embeddable":true,"href":"https:\/\/www.hashtag.al\/index.php\/wp-json\/wp\/v2\/comments?post=679969"}],"version-history":[{"count":0,"href":"https:\/\/www.hashtag.al\/index.php\/wp-json\/wp\/v2\/posts\/679969\/revisions"}],"wp:featuredmedia":[{"embeddable":true,"href":"https:\/\/www.hashtag.al\/index.php\/wp-json\/wp\/v2\/media\/679973"}],"wp:attachment":[{"href":"https:\/\/www.hashtag.al\/index.php\/wp-json\/wp\/v2\/media?parent=679969"}],"wp:term":[{"taxonomy":"category","embeddable":true,"href":"https:\/\/www.hashtag.al\/index.php\/wp-json\/wp\/v2\/categories?post=679969"},{"taxonomy":"post_tag","embeddable":true,"href":"https:\/\/www.hashtag.al\/index.php\/wp-json\/wp\/v2\/tags?post=679969"}],"curies":[{"name":"wp","href":"https:\/\/api.w.org\/{rel}","templated":true}]}}