{"id":679646,"date":"2024-06-05T23:38:26","date_gmt":"2024-06-05T21:38:26","guid":{"rendered":"https:\/\/www.hashtag.al\/?p=679646"},"modified":"2024-06-05T23:38:26","modified_gmt":"2024-06-05T21:38:26","slug":"polonia-rikthen-zonen-asnjanese-ne-kufi-me-bjellorusine","status":"publish","type":"post","link":"https:\/\/www.hashtag.al\/index.php\/2024\/06\/05\/polonia-rikthen-zonen-asnjanese-ne-kufi-me-bjellorusine\/","title":{"rendered":"Polonia rikthen zon\u00ebn asnjan\u00ebse n\u00eb kufi me Bjellorusin\u00eb","gt_translate_keys":[{"key":"rendered","format":"text"}]},"content":{"rendered":"<p><span style=\"color: #000000;\"><a style=\"color: #000000;\" href=\"https:\/\/www.hashtag.al\/wp-content\/uploads\/2024\/06\/ushtare.png\"><img loading=\"lazy\" decoding=\"async\" class=\"aligncenter size-full wp-image-679647\" src=\"https:\/\/www.hashtag.al\/wp-content\/uploads\/2024\/06\/ushtare.png\" alt=\"\" width=\"1296\" height=\"754\" srcset=\"https:\/\/www.hashtag.al\/wp-content\/uploads\/2024\/06\/ushtare.png 1296w, https:\/\/www.hashtag.al\/wp-content\/uploads\/2024\/06\/ushtare-300x175.png 300w, https:\/\/www.hashtag.al\/wp-content\/uploads\/2024\/06\/ushtare-1024x596.png 1024w, https:\/\/www.hashtag.al\/wp-content\/uploads\/2024\/06\/ushtare-768x447.png 768w, https:\/\/www.hashtag.al\/wp-content\/uploads\/2024\/06\/ushtare-250x145.png 250w\" sizes=\"auto, (max-width: 1296px) 100vw, 1296px\" \/><\/a><\/span><\/p>\n<p><span style=\"color: #000000;\">Dhuna e sh\u00ebnuar s\u00eb fundmi mes ushtar\u00ebve dhe emigrant\u00ebve n\u00eb kufirin polako-bjellorus ka nxitur qeverin\u00eb polake t\u00eb rris\u00eb sigurin\u00eb dhe t\u00eb njoftoj\u00eb n\u00eb 4 qershor rikthimin e zon\u00ebs asnjan\u00ebse 200 metra t\u00eb gjat\u00eb. Polonia e sheh fluksin e fundit t\u00eb emigrant\u00ebve nga Bjellorusia si nj\u00eb taktik\u00eb t\u00eb luft\u00ebs hibride. Korrespodenta e Z\u00ebrit t\u00eb Amerik\u00ebs, Myroslava Gongadze vizitoi rajonin dhe sjell materialin n\u00eb vazhdim.<\/span><\/p>\n<p><span style=\"color: #000000;\">N\u00eb kufirin midis Polonis\u00eb dhe Bjellorusis\u00eb, Parku Komb\u00ebtar Bialowieza, shum\u00eb i njohur nga turist\u00ebt dhe adhuruesit e natyr\u00ebs, ka qen\u00eb rishtazi terren i p\u00ebrplasjeve mes ushtar\u00ebve polak\u00eb dhe emigrant\u00ebve, duke e nxitur Polonin\u00eb t\u00eb njoftoj\u00eb rikthimin e zon\u00ebs asnjan\u00ebse 200 metra t\u00eb gjat\u00eb.<\/span><\/p>\n<p><span style=\"color: #000000;\">Zona \u00ebsht\u00eb ndar\u00eb pjes\u00ebrisht nga ky gardh q\u00eb nga viti 2021, kur Polonia u p\u00ebrball p\u00ebr her\u00eb t\u00eb par\u00eb me nj\u00eb fluks emigrant\u00ebsh nga Bjellorusia.<\/span><\/p>\n<p><span style=\"color: #000000;\">N\u00eb at\u00eb koh\u00eb, qeveria polake akuzoi Bjellorusin\u00eb p\u00ebr p\u00ebrdorimin e emigrant\u00ebve, disa nga Lindja e Mesme, si nj\u00eb taktik\u00eb t\u00eb luft\u00ebs hibride p\u00ebr t\u00eb shkaktuar paq\u00ebndrueshm\u00ebri n\u00eb kufirin me Bashkimin Evropian dhe NATO-n, p\u00ebrcjell VOA.<\/span><\/p>\n<p><span style=\"color: #000000;\">Michal Bura, nj\u00eb oficer i lart\u00eb i shtabit t\u00eb Gard\u00ebs Kufitare polake, thot\u00eb se k\u00ebt\u00eb her\u00eb dhuna n\u00eb kufi \u00ebsht\u00eb rritur.<\/span><\/p>\n<p><span style=\"color: #000000;\">\u201cGjendja n\u00eb kufi \u00ebsht\u00eb shum\u00eb e rrezikshme. \u00c7do dit\u00eb ndodhin qindra incidente t\u00eb lidhura me kalimin e paligjsh\u00ebm t\u00eb kufirit. Emigrant\u00ebt jan\u00eb shum\u00eb agresiv\u00eb dhe sulmojn\u00eb rojet kufitare polake\u201d, shprehet ai.<\/span><\/p>\n<p><span style=\"color: #000000;\">Jav\u00ebn e kaluar, dy roje kufitare polake mor\u00ebn trajtim mjek\u00ebsor n\u00eb spital pasi u l\u00ebnduan n\u00eb kufi nga sulmet e emigrant\u00ebve, sulme q\u00eb p\u00ebrfshin\u00eb goditje me thik\u00eb.<\/span><\/p>\n<p><span style=\"color: #000000;\">\u201cEmigrimi k\u00ebtu po nxitet artificialisht. Qeverit\u00eb n\u00eb Mosk\u00eb apo Minsk po vendosin se kur dhe sa njer\u00ebz do t\u00eb kalojn\u00eb kufirin. Ky nuk \u00ebsht\u00eb nj\u00eb proces i natyrsh\u00ebm emigrimi. Ky \u00ebsht\u00eb nj\u00eb nga element\u00ebt e luft\u00ebs hibride. Kjo \u00ebsht\u00eb nj\u00eb prov\u00eb p\u00ebr forc\u00ebn dhe af\u00ebsit\u00eb tona dhe nj\u00eb p\u00ebrpjekje p\u00ebr t\u00eb shp\u00ebrq\u00ebndruar v\u00ebmendjen ton\u00eb nga lufta n\u00eb Ukrain\u00eb\u201d, shprehet zoti Bura.<\/span><\/p>\n<p><span style=\"color: #000000;\">Z\u00ebri i Amerik\u00ebs iu drejtua zyrtar\u00ebve n\u00eb Ambasad\u00ebn Bjelloruse n\u00eb Poloni p\u00ebr nj\u00eb koment, por deri n\u00eb p\u00ebrgatitjen e k\u00ebtij materiali nuk mori nj\u00eb p\u00ebrgjigje.<\/span><\/p>\n<p><span style=\"color: #000000;\">Zyrtar\u00ebt bjellorus\u00eb kan\u00eb hedhur posht\u00eb akuzat se vendi i tyre ka ndihmuar n\u00eb d\u00ebrgimin e emigrant\u00ebve n\u00eb kufirin polak.<\/span><\/p>\n<p><span style=\"color: #000000;\">Pas vizit\u00ebs s\u00eb koh\u00ebve t\u00eb fundit n\u00eb k\u00ebt\u00eb zon\u00eb, kryeministri polak Donald Tusk njoftoi rikthimin e zon\u00ebs neutrale me nj\u00eb gjat\u00ebsi prej 200 metrash. Zona neutrale ishte krijuar n\u00eb vitin 2021, por u hoq nj\u00eb vit m\u00eb von\u00eb, pas nd\u00ebrtimit t\u00eb nj\u00eb gardhi kufitar.<\/span><\/p>\n<p><span style=\"color: #000000;\">Olivia Hurley \u00ebsht\u00eb nj\u00eb vullnetare e Grupit Granica, e cila ndihmon emigrant\u00ebt n\u00eb kufi dhe mbikqyr shkeljet e t\u00eb drejtave t\u00eb njeriut. Ajo thot\u00eb se emigrant\u00ebt po p\u00ebrdoren nga Bjellorusia.<\/span><\/p>\n<p><span style=\"color: #000000;\">\u201cAta duan t\u00eb hyjn\u00eb n\u00eb Bashkimin Evropian. Ata nuk duan t\u00eb arrestohen dhe t\u00eb futen n\u00eb burg p\u00ebr vrasjen, p\u00ebr shembull, t\u00eb nj\u00eb rojeje kufitare polake. Por nga pik\u00ebpamja e autoriteteve bjelloruse, kjo \u00ebsht\u00eb n\u00eb interesin e tyre, sepse ata jan\u00eb p\u00ebrpjekur shum\u00eb her\u00eb t\u00eb provokojn\u00eb ushtrin\u00eb polake dhe rojet kufitare polake q\u00eb t\u00eb p\u00ebrfshihen n\u00eb p\u00ebrplasje\u201d, shprehet Olivia Hurley nga grupi Granica.<\/span><\/p>\n<p><span style=\"color: #000000;\">Zonja Hurley sjell n\u00eb v\u00ebmendje historit\u00eb e rryfyera nga emigrant\u00ebt mbi v\u00ebshtir\u00ebsit\u00eb dhe vuajtjet q\u00eb ata kan\u00eb p\u00ebrjetuar n\u00eb Bjellorusi.<\/span><\/p>\n<p><span style=\"color: #000000;\">\u201cRrahjet, p\u00ebrdhunimet, uria, rryshfetet, kjo \u00ebsht\u00eb arsyeja pse ata i luten forcave polake q\u00eb t\u00eb mos i kthejn\u00eb p\u00ebrs\u00ebri n\u00eb Bjellorusi\u201d, thot\u00eb ajo.<\/span><\/p>\n<p><span style=\"color: #000000;\">Zonja Hurley tregon shtrirjen e zon\u00ebs asnjan\u00ebse. Ajo thot\u00eb se nj\u00eb akt i till\u00eb nuk do ta zgjidh\u00eb problemin dhe mund t\u00eb d\u00ebmtoj\u00eb sip\u00ebrrmarjet lokale.<\/span><\/p>\n<p><span style=\"color: #000000;\">\u201cKalimi n\u00eb k\u00ebt\u00eb rrug\u00eb \u00ebsht\u00eb i lejuar, por n\u00eb an\u00ebn tjet\u00ebr, 15 metra brenda n\u00eb pyll, \u00ebsht\u00eb nj\u00eb vij\u00eb e padukshme q\u00eb nuk mund ta kaloni\u201d, tregon ajo.<\/span><\/p>\n<p><span style=\"color: #000000;\">Turist\u00ebt tashm\u00eb kan\u00eb filluar t\u00eb anulojn\u00eb planet e tyre p\u00ebr t\u00eb vizituar parkun.<\/span><\/p>\n<p><span style=\"color: #000000;\">Zonja Hurley dhe t\u00eb tjer\u00eb thon\u00eb se duhet t\u00eb ket\u00eb nj\u00eb zgjidhje gjith\u00ebp\u00ebrfshir\u00ebse q\u00eb t\u00eb b\u00ebj\u00eb t\u00eb mundur sigurin\u00eb n\u00eb kufi dhe nj\u00ebkoh\u00ebsisht t\u00eb mbroj\u00eb t\u00eb drejtat e azilk\u00ebrkuesve.<\/span><\/p>\n<p>&nbsp;<\/p>\n","protected":false,"gt_translate_keys":[{"key":"rendered","format":"html"}]},"excerpt":{"rendered":"<p>Dhuna e sh\u00ebnuar s\u00eb fundmi mes ushtar\u00ebve dhe emigrant\u00ebve n\u00eb kufirin polako-bjellorus ka nxitur qeverin\u00eb polake t\u00eb rris\u00eb sigurin\u00eb dhe t\u00eb njoftoj\u00eb n\u00eb 4 qershor rikthimin e zon\u00ebs asnjan\u00ebse 200 metra t\u00eb gjat\u00eb. Polonia e sheh fluksin e fundit t\u00eb emigrant\u00ebve nga Bjellorusia si nj\u00eb taktik\u00eb t\u00eb luft\u00ebs hibride. Korrespodenta e Z\u00ebrit t\u00eb Amerik\u00ebs, Myroslava [&hellip;]<\/p>\n","protected":false,"gt_translate_keys":[{"key":"rendered","format":"html"}]},"author":32,"featured_media":679647,"comment_status":"closed","ping_status":"open","sticky":false,"template":"","format":"standard","meta":{"footnotes":""},"categories":[6,13],"tags":[],"class_list":["post-679646","post","type-post","status-publish","format-standard","has-post-thumbnail","hentry","category-nderkombetare","category-te-fundit"],"gt_translate_keys":[{"key":"link","format":"url"}],"_links":{"self":[{"href":"https:\/\/www.hashtag.al\/index.php\/wp-json\/wp\/v2\/posts\/679646","targetHints":{"allow":["GET"]}}],"collection":[{"href":"https:\/\/www.hashtag.al\/index.php\/wp-json\/wp\/v2\/posts"}],"about":[{"href":"https:\/\/www.hashtag.al\/index.php\/wp-json\/wp\/v2\/types\/post"}],"author":[{"embeddable":true,"href":"https:\/\/www.hashtag.al\/index.php\/wp-json\/wp\/v2\/users\/32"}],"replies":[{"embeddable":true,"href":"https:\/\/www.hashtag.al\/index.php\/wp-json\/wp\/v2\/comments?post=679646"}],"version-history":[{"count":0,"href":"https:\/\/www.hashtag.al\/index.php\/wp-json\/wp\/v2\/posts\/679646\/revisions"}],"wp:featuredmedia":[{"embeddable":true,"href":"https:\/\/www.hashtag.al\/index.php\/wp-json\/wp\/v2\/media\/679647"}],"wp:attachment":[{"href":"https:\/\/www.hashtag.al\/index.php\/wp-json\/wp\/v2\/media?parent=679646"}],"wp:term":[{"taxonomy":"category","embeddable":true,"href":"https:\/\/www.hashtag.al\/index.php\/wp-json\/wp\/v2\/categories?post=679646"},{"taxonomy":"post_tag","embeddable":true,"href":"https:\/\/www.hashtag.al\/index.php\/wp-json\/wp\/v2\/tags?post=679646"}],"curies":[{"name":"wp","href":"https:\/\/api.w.org\/{rel}","templated":true}]}}