{"id":679579,"date":"2024-06-05T19:46:42","date_gmt":"2024-06-05T17:46:42","guid":{"rendered":"https:\/\/www.hashtag.al\/?p=679579"},"modified":"2024-06-05T19:46:42","modified_gmt":"2024-06-05T17:46:42","slug":"gjermania-porosit-20-avione-te-rinj-eurofighter","status":"publish","type":"post","link":"https:\/\/www.hashtag.al\/index.php\/2024\/06\/05\/gjermania-porosit-20-avione-te-rinj-eurofighter\/","title":{"rendered":"Gjermania porosit 20 avion\u00eb t\u00eb rinj Eurofighter","gt_translate_keys":[{"key":"rendered","format":"text"}]},"content":{"rendered":"<p style=\"text-align: left;\"><span style=\"color: #000000;\"><img loading=\"lazy\" decoding=\"async\" class=\"size-full wp-image-679580 aligncenter\" src=\"https:\/\/www.hashtag.al\/wp-content\/uploads\/2024\/06\/68424493_1004.webp\" alt=\"\" width=\"1200\" height=\"525\" srcset=\"https:\/\/www.hashtag.al\/wp-content\/uploads\/2024\/06\/68424493_1004.webp 1200w, https:\/\/www.hashtag.al\/wp-content\/uploads\/2024\/06\/68424493_1004-300x131.webp 300w, https:\/\/www.hashtag.al\/wp-content\/uploads\/2024\/06\/68424493_1004-1024x448.webp 1024w, https:\/\/www.hashtag.al\/wp-content\/uploads\/2024\/06\/68424493_1004-768x336.webp 768w\" sizes=\"auto, (max-width: 1200px) 100vw, 1200px\" \/><\/span><\/p>\n<p style=\"text-align: left;\"><span style=\"color: #000000;\">Kancelari gjerman Olaf Scholz njoftoi sot n\u00eb Berlin porosin\u00eb p\u00ebr 20 avion\u00eb t\u00eb rinj Eurofighter. Ai premtoi &#8220;porosi t\u00eb sigura&#8221; p\u00ebr industrin\u00eb e arm\u00ebve, n\u00eb m\u00ebnyr\u00eb q\u00eb kapacitetet e prodhimit t\u00eb mund t\u00eb zhvillohen n\u00eb Gjermani dhe Evrop\u00eb.<\/span><\/p>\n<p style=\"text-align: left;\"><span style=\"color: #000000;\"><em>&#8220;Qeveria federale ka interesin m\u00eb t\u00eb madh p\u00ebr nj\u00eb industri t\u00eb fort\u00eb t\u00eb hap\u00ebsir\u00ebs ajrore n\u00eb Gjermani dhe Evrop\u00eb\u201d,<\/em> tha Scholz n\u00eb Berlin n\u00eb hapjen e International Air Show (ILA).<\/span><\/p>\n<p style=\"text-align: left;\"><span style=\"color: #000000;\"><em>&#8220;Kjo \u00ebsht\u00eb arsyeja pse ne do t\u00eb porosisim edhe 20 Eurofighter t\u00eb tjer\u00eb p\u00ebrpara p\u00ebrfundimit t\u00eb legjislatur\u00ebs, p\u00ebrve\u00e7 38 avion\u00ebve aktualisht t\u00eb porositur\u201d,<\/em> shtoi kancelari. Ai foli p\u00ebr nj\u00eb &#8220;kthes\u00eb&#8221; t\u00eb nevojshme n\u00eb industrin\u00eb e mbrojtjes. Para kat\u00ebr vjet\u00ebsh u porosit\u00ebn 38 avion\u00eb t\u00eb till\u00eb t\u00eb prodhimit evropian. Dor\u00ebzimi i k\u00ebtyre avion\u00ebve n\u00eb vler\u00ebn rreth 5,5 miliard\u00eb euro do t\u00eb ndodh\u00eb n\u00eb vitet 2025 dhe 2030.<\/span><\/p>\n<p style=\"text-align: left;\"><span style=\"color: #000000;\"><strong>Nevojitet bashk\u00ebpunim m\u00eb i ngusht\u00eb n\u00eb Evrop\u00eb<\/strong><\/span><\/p>\n<p style=\"text-align: left;\"><span style=\"color: #000000;\">P\u00ebr arsye kohe, disa sisteme arm\u00ebsh tani blihen nga partner\u00eb q\u00eb tashm\u00eb kan\u00eb produkte t\u00eb disponueshme n\u00eb treg. &#8220;P\u00ebr disa gj\u00ebra ne thjesht nuk mund t\u00eb presim. Megjithat\u00eb, shpejt\u00ebsia \u00ebsht\u00eb vet\u00ebm nj\u00eb aspekt i r\u00ebnd\u00ebsish\u00ebm<em>.&#8221; Qeveria do t\u00eb mb\u00ebshtes\u00eb gjithashtu mund\u00ebsi t\u00eb reja, p\u00ebr shembull p\u00ebr eksportin e Eurofighter. &#8220;Jam shum\u00eb i p\u00ebrkushtuar p\u00ebr ruajtjen dhe zhvillimin e kapaciteteve prodhuese\u201d,<\/em> deklaroi ai, duke iu referuar industris\u00eb s\u00eb armatimit.<\/span><\/p>\n<p style=\"text-align: left;\"><span style=\"color: #000000;\">Nj\u00eb bashk\u00ebpunim m\u00eb i ngusht\u00eb midis partner\u00ebve evropian\u00eb \u00ebsht\u00eb gjithashtu i nevojsh\u00ebm. &#8220;N\u00eb Evrop\u00eb, ne thjesht nuk mund t\u00eb p\u00ebrballojm\u00eb m\u00eb t\u00eb kemi nj\u00eb num\u00ebr duksh\u00ebm m\u00eb t\u00eb madh t\u00eb sistemeve t\u00eb arm\u00ebve konkurruese sesa, p\u00ebr shembull, SHBA,&#8221; tha kancelari p\u00ebr k\u00ebt\u00eb tem\u00eb. Duhet t\u00eb ket\u00eb m\u00eb pak sisteme q\u00eb pasqyrojn\u00eb pikat e forta t\u00eb industrive t\u00eb ndryshme.<\/span><\/p>\n<p style=\"text-align: left;\"><span style=\"color: #000000;\">Scholz tha: &#8220;<em>Ne do t\u00eb arrijm\u00eb m\u00eb pas nd\u00ebrveprueshm\u00ebrin\u00eb e nevojshme midis forcave t\u00eb armatosura evropiane dhe nj\u00eb numri m\u00eb t\u00eb madh pjes\u00ebsh&#8221;. Ai d\u00ebshiron q\u00eb industria gjermane &#8220;t\u00eb luaj\u00eb fare n\u00eb krye n\u00eb ligat e m\u00ebdha&#8221;.<\/em><\/span><\/p>\n<p style=\"text-align: left;\"><span style=\"color: #000000;\"><strong>Scholz: &#8220;Realitet i ri n\u00eb politik\u00ebn e siguris\u00eb&#8221;.<\/strong><\/span><\/p>\n<p style=\"text-align: left;\"><span style=\"color: #000000;\">&#8220;Sot ne shohim m\u00eb qart\u00eb se kurr\u00eb r\u00ebnd\u00ebsin\u00eb e nj\u00eb industrie mbrojt\u00ebse evropiane dhe gjermane t\u00eb aft\u00eb p\u00ebr t\u00eb prodhuar vazhdimisht t\u00eb gjitha llojet e r\u00ebnd\u00ebsishme t\u00eb arm\u00ebve dhe municioneve t\u00eb nevojshme\u201d, tha kancelari gjerman.<\/span><\/p>\n<p style=\"text-align: left;\"><span style=\"color: #000000;\">N\u00eb Gjermani, politika e ka &#8220;neglizhuar shum\u00eb k\u00ebt\u00eb fush\u00eb n\u00eb t\u00eb kaluar\u00ebn\u201d. Scholz tha: &#8220;Kjo i p\u00ebrket s\u00eb shkuar\u00ebs. Sulmi i Rusis\u00eb ndaj Ukrain\u00ebs, n\u00eb kund\u00ebrshtim me ligjin nd\u00ebrkomb\u00ebtar, e ka v\u00ebn\u00eb t\u00eb gjith\u00eb Gjermanin\u00eb para nj\u00eb realitet t\u00eb ri t\u00eb politik\u00ebs s\u00eb siguris\u00eb.&#8221;<\/span><\/p>\n<p style=\"text-align: left;\"><span style=\"color: #000000;\"><strong>Hap\u00ebsira \u00ebsht\u00eb gjithashtu gjithnj\u00eb e m\u00eb e r\u00ebnd\u00ebsishme<\/strong><\/span><\/p>\n<p style=\"text-align: left;\"><span style=\"color: #000000;\">Scholz i quajti gjithashtu fluturimet n\u00eb hap\u00ebsir\u00eb gjithnj\u00eb e m\u00eb t\u00eb r\u00ebnd\u00ebsishme, prandaj edhe Zyra Kancelarore do t\u00eb kujdeset p\u00ebr to. Nisja e af\u00ebrt e raket\u00ebs bart\u00ebse t\u00eb Ariane A6 &#8220;m\u00eb n\u00eb fund&#8221; do t&#8217;i lejoj\u00eb Evrop\u00ebs t\u00eb rifitoj\u00eb akses n\u00eb hap\u00ebsir\u00eb, me nj\u00eb sistem bart\u00ebsish t\u00eb m\u00ebdhenj dhe t\u00eb siguroj\u00eb sovranitet teknologjik n\u00eb nj\u00eb zon\u00eb q\u00eb \u00ebsht\u00eb vendimtare p\u00ebr konkurrenc\u00ebn e saj.<\/span><\/p>\n<p style=\"text-align: left;\"><span style=\"color: #000000;\">&#8220;Aft\u00ebsia p\u00ebr t\u00eb vepruar n\u00eb \u00e7do koh\u00eb, p\u00ebrfshir\u00eb n\u00eb hap\u00ebsir\u00eb, dhe p\u00ebr t\u00eb vendosur satelit\u00eb n\u00eb orbit\u00eb \u00ebsht\u00eb thelb\u00ebsore n\u00eb aspektin tregtar, por edhe n\u00eb aspektin e politik\u00ebs s\u00eb mbrojtjes,&#8221; paralajm\u00ebroi ai. T\u00eb nevojshme jan\u00eb sisteme t\u00eb vogla, t\u00eb besueshme dhe inovative p\u00ebr t\u00eb nisur satelit\u00eb n\u00eb hap\u00ebsir\u00eb, tha Scholz, duke iu referuar startimeve t\u00eb para t\u00eb t\u00eb ashtuquajturve mikrohedh\u00ebs gjerman\u00eb k\u00ebt\u00eb vit. K\u00ebta t\u00eb fundit d\u00ebrgojn\u00eb mikrosatelit\u00eb n\u00eb hap\u00ebsir\u00eb.<\/span><\/p>\n<p style=\"text-align: left;\"><span style=\"color: #000000;\">&#8220;Evropa ka nevoj\u00eb p\u00ebr mega-konstelacionin e saj t\u00eb satelit\u00ebve qoft\u00eb p\u00ebr internetin e gj\u00ebrave apo p\u00ebr drejtimin dhe fluturimin autonom t\u00eb s\u00eb nes\u00ebrmes\u201d, k\u00ebrkoi m\u00eb tej kancelari, duke pasur parasysh rrjetet\u00a0e\u00a0m\u00ebdha satelitore si Starlink, t\u00eb krijuar\u00a0nga Elon Musk n\u00eb SHBA.\/<span style=\"color: #0000ff;\"><strong><a style=\"color: #0000ff;\" href=\"https:\/\/www.dw.com\/sq\/gjermania-porosit-20-avion%C3%AB-t%C3%AB-rinj-eurofighter\/a-69277158\">DW<\/a><\/strong><\/span><\/span><\/p>\n","protected":false,"gt_translate_keys":[{"key":"rendered","format":"html"}]},"excerpt":{"rendered":"<p>Kancelari gjerman Olaf Scholz njoftoi sot n\u00eb Berlin porosin\u00eb p\u00ebr 20 avion\u00eb t\u00eb rinj Eurofighter. Ai premtoi &#8220;porosi t\u00eb sigura&#8221; p\u00ebr industrin\u00eb e arm\u00ebve, n\u00eb m\u00ebnyr\u00eb q\u00eb kapacitetet e prodhimit t\u00eb mund t\u00eb zhvillohen n\u00eb Gjermani dhe Evrop\u00eb. &#8220;Qeveria federale ka interesin m\u00eb t\u00eb madh p\u00ebr nj\u00eb industri t\u00eb fort\u00eb t\u00eb hap\u00ebsir\u00ebs ajrore n\u00eb Gjermani [&hellip;]<\/p>\n","protected":false,"gt_translate_keys":[{"key":"rendered","format":"html"}]},"author":4,"featured_media":679580,"comment_status":"closed","ping_status":"open","sticky":false,"template":"","format":"standard","meta":{"footnotes":""},"categories":[6],"tags":[],"class_list":["post-679579","post","type-post","status-publish","format-standard","has-post-thumbnail","hentry","category-nderkombetare"],"gt_translate_keys":[{"key":"link","format":"url"}],"_links":{"self":[{"href":"https:\/\/www.hashtag.al\/index.php\/wp-json\/wp\/v2\/posts\/679579","targetHints":{"allow":["GET"]}}],"collection":[{"href":"https:\/\/www.hashtag.al\/index.php\/wp-json\/wp\/v2\/posts"}],"about":[{"href":"https:\/\/www.hashtag.al\/index.php\/wp-json\/wp\/v2\/types\/post"}],"author":[{"embeddable":true,"href":"https:\/\/www.hashtag.al\/index.php\/wp-json\/wp\/v2\/users\/4"}],"replies":[{"embeddable":true,"href":"https:\/\/www.hashtag.al\/index.php\/wp-json\/wp\/v2\/comments?post=679579"}],"version-history":[{"count":0,"href":"https:\/\/www.hashtag.al\/index.php\/wp-json\/wp\/v2\/posts\/679579\/revisions"}],"wp:featuredmedia":[{"embeddable":true,"href":"https:\/\/www.hashtag.al\/index.php\/wp-json\/wp\/v2\/media\/679580"}],"wp:attachment":[{"href":"https:\/\/www.hashtag.al\/index.php\/wp-json\/wp\/v2\/media?parent=679579"}],"wp:term":[{"taxonomy":"category","embeddable":true,"href":"https:\/\/www.hashtag.al\/index.php\/wp-json\/wp\/v2\/categories?post=679579"},{"taxonomy":"post_tag","embeddable":true,"href":"https:\/\/www.hashtag.al\/index.php\/wp-json\/wp\/v2\/tags?post=679579"}],"curies":[{"name":"wp","href":"https:\/\/api.w.org\/{rel}","templated":true}]}}