{"id":679490,"date":"2024-06-05T12:50:59","date_gmt":"2024-06-05T10:50:59","guid":{"rendered":"https:\/\/www.hashtag.al\/?p=679490"},"modified":"2024-06-05T12:51:59","modified_gmt":"2024-06-05T10:51:59","slug":"giorgia-meloni-ne-gjader-pritet-nga-kryeministri-rama-dhe-personeli-italian","status":"publish","type":"post","link":"https:\/\/www.hashtag.al\/index.php\/2024\/06\/05\/giorgia-meloni-ne-gjader-pritet-nga-kryeministri-rama-dhe-personeli-italian\/","title":{"rendered":"Vizita e Giorgia Melonit, pritet n\u00eb Gjad\u00ebr nga kryeministri Rama dhe personeli italian","gt_translate_keys":[{"key":"rendered","format":"text"}]},"content":{"rendered":"<p><span style=\"color: #000000;\"><a href=\"https:\/\/www.hashtag.al\/wp-content\/uploads\/2024\/06\/600-400-1717582505x1717582229-melonirama-665.jpg\"><img loading=\"lazy\" decoding=\"async\" class=\"aligncenter size-full wp-image-679492\" src=\"https:\/\/www.hashtag.al\/wp-content\/uploads\/2024\/06\/600-400-1717582505x1717582229-melonirama-665.jpg\" alt=\"\" width=\"600\" height=\"400\" srcset=\"https:\/\/www.hashtag.al\/wp-content\/uploads\/2024\/06\/600-400-1717582505x1717582229-melonirama-665.jpg 600w, https:\/\/www.hashtag.al\/wp-content\/uploads\/2024\/06\/600-400-1717582505x1717582229-melonirama-665-300x200.jpg 300w\" sizes=\"auto, (max-width: 600px) 100vw, 600px\" \/><\/a><\/span><\/p>\n<p><span style=\"color: #000000;\">Kryeministrja italiane Giorgia Meloni u prit n\u00eb Gjad\u00ebr nga kryeministri Edi Rama, ministri i Brendsh\u00eb Taulant Balla dhe personeli italian i cili \u00ebsht\u00eb angazhuar p\u00ebr punimet e kampit.<\/span><\/p>\n<p><span style=\"color: #000000;\">Meloni shoq\u00ebrohet edhe nga ambasadori italian, Fabrizio Bucci.<\/span><\/p>\n<p><span style=\"color: #000000;\">Kryeministrja e Italis\u00eb mb\u00ebrriti n\u00eb aeroportin N\u00ebn\u00eb Tereza\u00a0 (ora 11:24) dhe nga aty u nis me helikopter drejt Gjadrit, nd\u00ebrkoh\u00eb kryeministri Edi Rama mb\u00ebrriti me makin\u00eb.<\/span><\/p>\n<p><span style=\"color: #000000;\">M\u00eb pas do t\u00eb shkojn\u00eb n\u00eb Sh\u00ebngjin p\u00ebr t\u00eb inspektuar qendr\u00ebn prit\u00ebse t\u00eb emigrant\u00ebve\u00a0 q\u00eb shp\u00ebtohen n\u00eb det<\/span><\/p>\n<p><span style=\"color: #000000;\">Punimet p\u00ebr qendr\u00ebn prit\u00ebse n\u00eb Sh\u00ebngjin p\u00ebrfunduan nj\u00eb dit\u00eb para vizit\u00ebs s\u00eb Melonit, aty ku edhe kryeministri Edi Rama dhe Giorgia Meloni pritet t\u00eb mbajn\u00eb nj\u00eb konferenc\u00eb p\u00ebr shtyp.<\/span><\/p>\n<p><span style=\"color: #000000;\">N\u00eb zon\u00ebn e Gjadrit n\u00eb Lezh\u00eb,vijojn\u00eb punimet e kampit t\u00eb pritjes s\u00eb emigrant\u00ebve, q\u00eb mbulon protokolli i bashk\u00ebpunimit Itali-Shqip\u00ebri p\u00ebr \u00e7\u00ebshtjet e migracionit. K\u00ebtu jan\u00eb p\u00ebrfunduar deri tani 30% e punimeve.<\/span><\/p>\n<p><span style=\"color: #000000;\">M\u00eb pas n\u00eb qendr\u00ebn prit\u00ebse n\u00eb Sh\u00ebngjin do mbahet konferenca Rama-Meloni. Konferenca \u00ebsht\u00eb caktuar t\u00eb mbahet n\u00eb 12:00.<\/span><\/p>\n<p><span style=\"color: #000000;\">Masat p\u00ebr t\u00eb garantuar sigurin\u00eb dhe mbar\u00ebvajtjen e aktivitetit kan\u00eb nisur prej t\u00eb h\u00ebn\u00ebs (3 qershor), pasi n\u00eb Portin e Sh\u00ebngjinit kan\u00eb mb\u00ebrritur tashm\u00eb oficer\u00eb t\u00eb policis\u00eb italiane.<\/span><\/p>\n<p><span style=\"color: #000000;\">Sipas marr\u00ebveshjes porti i zbarkimit t\u00eb emigrant\u00ebve do t\u00eb jet\u00eb Sh\u00ebngjini, ku do t\u00eb ngrihet qendra e par\u00eb q\u00eb do t\u00eb sh\u00ebrbej\u00eb p\u00ebr identifikimin dhe regjistrimin e refugjat\u00ebve, nd\u00ebrsa Gjadri do t\u00eb jet\u00eb kampi p\u00ebr vendq\u00ebndrimin e tyre n\u00eb pritje t\u00eb p\u00ebrgjigjeve p\u00ebr k\u00ebrkesat e azilit. Qendra prit\u00ebse do t\u00eb ket\u00eb nj\u00eb kapacitet 3 mij\u00eb vende, nd\u00ebrsa n\u00eb p\u00ebrfundim t\u00eb procedurave t\u00eb vler\u00ebsimit autoritetet italiane do t\u2019i largojn\u00eb me shpenzimet e tyre emigrant\u00ebt nga territori shqiptar.<\/span><\/p>\n<p><span style=\"color: #000000;\">Protokolli mes Shqip\u00ebris\u00eb dhe Italis\u00eb p\u00ebr emigrant\u00ebt \u00ebsht\u00eb \u00e7uar p\u00ebrpara mes shum\u00eb debateve dhe kontestime nga politika dhe opozitat e t\u00eb dyja qeverive.<\/span><\/p>\n<p><span style=\"color: #000000;\">N\u00eb vendin ton\u00eb, opozita e ka cil\u00ebsuar si anti-kushtetuese me pretendimin se cenon integritetin territorial t\u00eb vendit, nd\u00ebrsa n\u00eb vendin fqinj \u00ebsht\u00eb folur p\u00ebr shifra t\u00eb fryra q\u00eb do t\u00eb r\u00ebndojn\u00eb n\u00eb buxhet,\u00a0 pa zgjidhur problemin real t\u00eb emigrant\u00ebve t\u00eb paligjsh\u00ebm.<\/span><\/p>\n","protected":false,"gt_translate_keys":[{"key":"rendered","format":"html"}]},"excerpt":{"rendered":"<p>Kryeministrja italiane Giorgia Meloni u prit n\u00eb Gjad\u00ebr nga kryeministri Edi Rama, ministri i Brendsh\u00eb Taulant Balla dhe personeli italian i cili \u00ebsht\u00eb angazhuar p\u00ebr punimet e kampit. Meloni shoq\u00ebrohet edhe nga ambasadori italian, Fabrizio Bucci. Kryeministrja e Italis\u00eb mb\u00ebrriti n\u00eb aeroportin N\u00ebn\u00eb Tereza\u00a0 (ora 11:24) dhe nga aty u nis me helikopter drejt Gjadrit, [&hellip;]<\/p>\n","protected":false,"gt_translate_keys":[{"key":"rendered","format":"html"}]},"author":32,"featured_media":679492,"comment_status":"closed","ping_status":"open","sticky":false,"template":"","format":"standard","meta":{"footnotes":""},"categories":[65],"tags":[],"class_list":["post-679490","post","type-post","status-publish","format-standard","has-post-thumbnail","hentry","category-lajme"],"gt_translate_keys":[{"key":"link","format":"url"}],"_links":{"self":[{"href":"https:\/\/www.hashtag.al\/index.php\/wp-json\/wp\/v2\/posts\/679490","targetHints":{"allow":["GET"]}}],"collection":[{"href":"https:\/\/www.hashtag.al\/index.php\/wp-json\/wp\/v2\/posts"}],"about":[{"href":"https:\/\/www.hashtag.al\/index.php\/wp-json\/wp\/v2\/types\/post"}],"author":[{"embeddable":true,"href":"https:\/\/www.hashtag.al\/index.php\/wp-json\/wp\/v2\/users\/32"}],"replies":[{"embeddable":true,"href":"https:\/\/www.hashtag.al\/index.php\/wp-json\/wp\/v2\/comments?post=679490"}],"version-history":[{"count":0,"href":"https:\/\/www.hashtag.al\/index.php\/wp-json\/wp\/v2\/posts\/679490\/revisions"}],"wp:featuredmedia":[{"embeddable":true,"href":"https:\/\/www.hashtag.al\/index.php\/wp-json\/wp\/v2\/media\/679492"}],"wp:attachment":[{"href":"https:\/\/www.hashtag.al\/index.php\/wp-json\/wp\/v2\/media?parent=679490"}],"wp:term":[{"taxonomy":"category","embeddable":true,"href":"https:\/\/www.hashtag.al\/index.php\/wp-json\/wp\/v2\/categories?post=679490"},{"taxonomy":"post_tag","embeddable":true,"href":"https:\/\/www.hashtag.al\/index.php\/wp-json\/wp\/v2\/tags?post=679490"}],"curies":[{"name":"wp","href":"https:\/\/api.w.org\/{rel}","templated":true}]}}