{"id":679365,"date":"2024-06-04T20:50:59","date_gmt":"2024-06-04T18:50:59","guid":{"rendered":"https:\/\/www.hashtag.al\/?p=679365"},"modified":"2024-06-04T20:50:59","modified_gmt":"2024-06-04T18:50:59","slug":"kryemadhi-opozita-ka-nevoje-per-ristrukturim-djegia-e-mandateve-gabimi-im-politik","status":"publish","type":"post","link":"https:\/\/www.hashtag.al\/index.php\/2024\/06\/04\/kryemadhi-opozita-ka-nevoje-per-ristrukturim-djegia-e-mandateve-gabimi-im-politik\/","title":{"rendered":"Kryemadhi: Opozita ka nevoj\u00eb p\u00ebr ristrukturim, djegia e mandateve gabimi im politik","gt_translate_keys":[{"key":"rendered","format":"text"}]},"content":{"rendered":"<p><span style=\"color: #000000;\"><a style=\"color: #000000;\" href=\"https:\/\/www.hashtag.al\/wp-content\/uploads\/2024\/06\/kryemadhi.png\"><img loading=\"lazy\" decoding=\"async\" class=\"aligncenter size-full wp-image-679366\" src=\"https:\/\/www.hashtag.al\/wp-content\/uploads\/2024\/06\/kryemadhi.png\" alt=\"\" width=\"1146\" height=\"693\" srcset=\"https:\/\/www.hashtag.al\/wp-content\/uploads\/2024\/06\/kryemadhi.png 1146w, https:\/\/www.hashtag.al\/wp-content\/uploads\/2024\/06\/kryemadhi-300x181.png 300w, https:\/\/www.hashtag.al\/wp-content\/uploads\/2024\/06\/kryemadhi-1024x619.png 1024w, https:\/\/www.hashtag.al\/wp-content\/uploads\/2024\/06\/kryemadhi-768x464.png 768w\" sizes=\"auto, (max-width: 1146px) 100vw, 1146px\" \/><\/a><\/span><\/p>\n<p><span style=\"color: #000000;\">Deputetja e Partis\u00eb s\u00eb Liris\u00eb, Monika Kryemadhi, u shpreh se opozita ka nevoj\u00eb p\u00ebr ristrukturim. Ajo theksoi se djegia e mandateve n\u00eb 2019 ka qen\u00eb gabim i saj politik.<\/span><\/p>\n<p><span style=\"color: #000000;\">Kryemadhi theksoi se Meta ka qen\u00eb i informuar se vet\u00ebm Kryemadhi do ta digjte mandatin e deputetit, por jo se kjo qasje do t\u00eb praktikohej edhe nga deputet\u00eb e tjer\u00eb t\u00eb ish-deputet\u00ebve t\u00eb ish-LSI-s\u00eb.<\/span><\/p>\n<p><span style=\"color: #000000;\">\u201c<em>Opozita ka nevoj\u00eb p\u00ebr ristrukturim. Gabimet e mia mund t\u00eb jen\u00eb nj\u00eb m\u00ebsim shum\u00eb i mir\u00eb p\u00ebr t\u00eb tjer\u00ebt. Ilir Meta e dinte se do ta digjte vet\u00ebm Monika Kryemadhi mandatin, dhe n\u00eb mbledhjen e kryesis\u00eb me deputet\u00ebt, un\u00eb k\u00ebtu them se \u00ebsht\u00eb gabimi im.<\/em><\/span><\/p>\n<p><span style=\"color: #000000;\"><em>Kam hyr\u00eb me mendimin q\u00eb vet\u00ebm un\u00eb do ta digjja mandatin, nd\u00ebrsa pjesa tjet\u00ebr duhet t\u00eb priste Ilir Met\u00ebn, sepse n\u00eb fund t\u00eb fundit ishte ai themeluesi dhe ideatori i asaj strukture politike. Un\u00eb e faj\u00ebsoj veten time, p\u00ebr shkakun se nj\u00eb lider kur hyn n\u00eb mbledhjen e struktur\u00ebs kur \u00ebsht\u00eb i paqart\u00eb, t\u00ebrhiqet merr koh\u00ebn p\u00ebr t\u2019u konsultuar, por mungesa e eksperienc\u00ebs b\u00ebri q\u00eb t\u00eb nd\u00ebrmerrnim nj\u00eb vendim. Nuk ka qen\u00eb n\u00eb dijeni t\u00eb djegies s\u00eb mandateve, por as p\u00ebr t\u00eb timin nuk ka qen\u00eb dakord<\/em>\u201d, tha Kryemadhi.<\/span><\/p>\n","protected":false,"gt_translate_keys":[{"key":"rendered","format":"html"}]},"excerpt":{"rendered":"<p>Deputetja e Partis\u00eb s\u00eb Liris\u00eb, Monika Kryemadhi, u shpreh se opozita ka nevoj\u00eb p\u00ebr ristrukturim. Ajo theksoi se djegia e mandateve n\u00eb 2019 ka qen\u00eb gabim i saj politik. Kryemadhi theksoi se Meta ka qen\u00eb i informuar se vet\u00ebm Kryemadhi do ta digjte mandatin e deputetit, por jo se kjo qasje do t\u00eb praktikohej edhe [&hellip;]<\/p>\n","protected":false,"gt_translate_keys":[{"key":"rendered","format":"html"}]},"author":32,"featured_media":679366,"comment_status":"closed","ping_status":"open","sticky":false,"template":"","format":"standard","meta":{"footnotes":""},"categories":[65,13],"tags":[],"class_list":["post-679365","post","type-post","status-publish","format-standard","has-post-thumbnail","hentry","category-lajme","category-te-fundit"],"gt_translate_keys":[{"key":"link","format":"url"}],"_links":{"self":[{"href":"https:\/\/www.hashtag.al\/index.php\/wp-json\/wp\/v2\/posts\/679365","targetHints":{"allow":["GET"]}}],"collection":[{"href":"https:\/\/www.hashtag.al\/index.php\/wp-json\/wp\/v2\/posts"}],"about":[{"href":"https:\/\/www.hashtag.al\/index.php\/wp-json\/wp\/v2\/types\/post"}],"author":[{"embeddable":true,"href":"https:\/\/www.hashtag.al\/index.php\/wp-json\/wp\/v2\/users\/32"}],"replies":[{"embeddable":true,"href":"https:\/\/www.hashtag.al\/index.php\/wp-json\/wp\/v2\/comments?post=679365"}],"version-history":[{"count":0,"href":"https:\/\/www.hashtag.al\/index.php\/wp-json\/wp\/v2\/posts\/679365\/revisions"}],"wp:featuredmedia":[{"embeddable":true,"href":"https:\/\/www.hashtag.al\/index.php\/wp-json\/wp\/v2\/media\/679366"}],"wp:attachment":[{"href":"https:\/\/www.hashtag.al\/index.php\/wp-json\/wp\/v2\/media?parent=679365"}],"wp:term":[{"taxonomy":"category","embeddable":true,"href":"https:\/\/www.hashtag.al\/index.php\/wp-json\/wp\/v2\/categories?post=679365"},{"taxonomy":"post_tag","embeddable":true,"href":"https:\/\/www.hashtag.al\/index.php\/wp-json\/wp\/v2\/tags?post=679365"}],"curies":[{"name":"wp","href":"https:\/\/api.w.org\/{rel}","templated":true}]}}