{"id":679349,"date":"2024-06-04T19:00:38","date_gmt":"2024-06-04T17:00:38","guid":{"rendered":"https:\/\/www.hashtag.al\/?p=679349"},"modified":"2024-06-04T19:00:38","modified_gmt":"2024-06-04T17:00:38","slug":"debate-ne-komisionin-per-tims-in-pas-balles-socialistet-kerkojne-qe-edhe-rrumbullaku-te-deshmoje-me-dyer-te-mbyllura","status":"publish","type":"post","link":"https:\/\/www.hashtag.al\/index.php\/2024\/06\/04\/debate-ne-komisionin-per-tims-in-pas-balles-socialistet-kerkojne-qe-edhe-rrumbullaku-te-deshmoje-me-dyer-te-mbyllura\/","title":{"rendered":"Debate n\u00eb Komisionin p\u00ebr TIMS-in, pas Ball\u00ebs socialist\u00ebt k\u00ebrkojn\u00eb q\u00eb edhe Rrumbullaku t\u00eb d\u00ebshmoj\u00eb me dyer t\u00eb mbyllura","gt_translate_keys":[{"key":"rendered","format":"text"}]},"content":{"rendered":"<p><span style=\"color: #000000;\"><a href=\"https:\/\/www.hashtag.al\/wp-content\/uploads\/2024\/06\/Salianji-te-hetimori-768x512-1.jpg\"><img loading=\"lazy\" decoding=\"async\" class=\"aligncenter size-full wp-image-679318\" src=\"https:\/\/www.hashtag.al\/wp-content\/uploads\/2024\/06\/Salianji-te-hetimori-768x512-1.jpg\" alt=\"\" width=\"768\" height=\"512\" srcset=\"https:\/\/www.hashtag.al\/wp-content\/uploads\/2024\/06\/Salianji-te-hetimori-768x512-1.jpg 768w, https:\/\/www.hashtag.al\/wp-content\/uploads\/2024\/06\/Salianji-te-hetimori-768x512-1-300x200.jpg 300w\" sizes=\"auto, (max-width: 768px) 100vw, 768px\" \/><\/a><\/span><\/p>\n<p><span style=\"color: #000000;\">N\u00eb Komisionin Hetimor Parlamentar p\u00ebr sistemin TIMS pas d\u00ebshmis\u00eb s\u00eb dh\u00ebn\u00eb nga Ministri i Brendsh\u00ebm, Taulant Balla, deputet\u00ebt po diskutojn\u00eb n\u00ebse edhe d\u00ebshmia e Drejtorit t\u00eb P\u00ebrgjithsh\u00ebm t\u00eb Policis\u00eb s\u00eb Shtetit, Muhamet Rrumbullaku, t\u00eb zhvillohet me dyer t\u00eb hapura ose jo.<\/span><\/p>\n<p><span style=\"color: #000000;\">K\u00ebrkesa p\u00ebr zhvillimin me dyer t\u00eb mbyllura \u00ebsht\u00eb k\u00ebrkuar nga deputet\u00ebt socialist\u00eb nd\u00ebrsa \u00ebsht\u00eb kund\u00ebrshtuar nga opozita q\u00eb k\u00ebrkon prezenc\u00ebn e mediave.<\/span><\/p>\n<p><span style=\"color: #000000;\">Deputeti socialist Toni Gogu, n\u00ebnkryetar i Komisionit, tha se d\u00ebshmia e kreut t\u00eb Policis\u00eb s\u00eb Shtetit duhet t\u00eb b\u00ebhet me dyer t\u00eb mbyllura.<\/span><\/p>\n<p><span style=\"color: #000000;\">Ai tha se ka nj\u00eb k\u00ebrkes\u00eb formale nga drejtori i P\u00ebrgjithsh\u00ebm i Policis\u00eb s\u00eb Shtetit, q\u00eb k\u00ebrkon k\u00ebt\u00eb gj\u00eb.<\/span><\/p>\n<p><span style=\"color: #000000;\">\u201cK\u00ebrkojm\u00eb q\u00eb t\u00eb hidhet n\u00eb votim kjo k\u00ebrkes\u00eb\u201d, tha Gogu.<\/span><\/p>\n<p><span style=\"color: #000000;\">Nd\u00ebrkoh\u00eb kreu i Komisionit Hetimor, Ervin Salianji, referuar shkres\u00ebs s\u00eb Policis\u00eb s\u00eb Shtetit, tha se n\u00eb shkres\u00eb tekstualisht thuhet q\u00eb t\u00eb jet\u00eb nj\u00eb mbledhje e hapur p\u00ebr publikun.<\/span><\/p>\n<p><span style=\"color: #000000;\">Salianji tha se edhe n\u00eb rastet kur Policia e Shtetit k\u00ebrkon q\u00eb t\u00eb zhvillohet mbledhja me dyer t\u00eb hapura, socialist\u00ebt n\u00eb k\u00ebt\u00eb komision duan t\u2019i mbyllin goj\u00ebn, sepse kan\u00eb frik\u00eb mos del ndonj\u00eb gj\u00eb q\u00eb nuk duhet dhe e merr vesh publiku, sipas mendimit t\u00eb an\u00ebtar\u00ebve socialist\u00eb.<\/span><\/p>\n<p><span style=\"color: #000000;\">Salianji tha se PS ka frik\u00eb q\u00eb t\u00eb p\u00ebrballet me t\u00eb v\u00ebrtetat q\u00eb mund t\u00eb dalin nga ky komision, ndaj dhe k\u00ebrkon q\u00eb k\u00ebto t\u00eb v\u00ebrteta t\u00eb mos i marr\u00eb vesh publiku dhe duan nj\u00eb mbledhje me dyer t\u00eb mbyllura.<\/span><\/p>\n<p><span style=\"color: #000000;\">Ai tha se \u00ebsht\u00eb e turpshme q\u00eb dyert e Kuvendit jan\u00eb t\u00eb mbyllura p\u00ebr mediat. \u201cKeni vet\u00ebm nj\u00eb q\u00ebllim q\u00eb ky komision t\u00eb mos ket\u00eb trasnparenc\u00eb\u201d, tha Salianji.<\/span><\/p>\n<p><span style=\"color: #000000;\">Lefter G\u00ebshtenja, deputet i PD-s\u00eb, tha se kjo mazhoranc\u00eb nuk ka vullnet dhe d\u00ebshir\u00eb q\u00eb ti shkoj\u00eb deri n\u00eb fund k\u00ebtij komisioni hetimor.<\/span><\/p>\n<p><span style=\"color: #000000;\">\u201cKa nj\u00eb tendenc\u00eb p\u00ebr t\u00eb zvarritur k\u00ebt\u00eb komision, po p\u00ebrdorin manovra q\u00eb ky hetim parlamentar t\u00eb d\u00ebshtoj\u00eb\u201d, tha G\u00ebshtenja.<\/span><\/p>\n<p><span style=\"color: #000000;\">Ai u shpreh se edhe nga ajo q\u00eb deklaroi ministri i Brendsh\u00ebm asgj\u00eb nuk ishte sekrete, ndaj nuk ka asnj\u00eb kuptim q\u00eb t\u00eb vijon mbledhja me dyer t\u00eb mbyllura.<\/span><\/p>\n<p><span style=\"color: #000000;\">\u201cNuk po k\u00ebrkojm\u00eb gj\u00ebra q\u00eb p\u00ebrb\u00ebjn\u00eb sekret shtet\u00ebror, por gj\u00ebrat q\u00eb duhet t\u00eb b\u00ebhen transparente p\u00ebr publikun, nuk kan\u00eb pse t\u00eb mbahen sekret\u201d, tha G\u00ebshtenja.<\/span><\/p>\n<p>&nbsp;<\/p>\n","protected":false,"gt_translate_keys":[{"key":"rendered","format":"html"}]},"excerpt":{"rendered":"<p>N\u00eb Komisionin Hetimor Parlamentar p\u00ebr sistemin TIMS pas d\u00ebshmis\u00eb s\u00eb dh\u00ebn\u00eb nga Ministri i Brendsh\u00ebm, Taulant Balla, deputet\u00ebt po diskutojn\u00eb n\u00ebse edhe d\u00ebshmia e Drejtorit t\u00eb P\u00ebrgjithsh\u00ebm t\u00eb Policis\u00eb s\u00eb Shtetit, Muhamet Rrumbullaku, t\u00eb zhvillohet me dyer t\u00eb hapura ose jo. K\u00ebrkesa p\u00ebr zhvillimin me dyer t\u00eb mbyllura \u00ebsht\u00eb k\u00ebrkuar nga deputet\u00ebt socialist\u00eb nd\u00ebrsa \u00ebsht\u00eb [&hellip;]<\/p>\n","protected":false,"gt_translate_keys":[{"key":"rendered","format":"html"}]},"author":32,"featured_media":679318,"comment_status":"closed","ping_status":"open","sticky":false,"template":"","format":"standard","meta":{"footnotes":""},"categories":[65,13],"tags":[],"class_list":["post-679349","post","type-post","status-publish","format-standard","has-post-thumbnail","hentry","category-lajme","category-te-fundit"],"gt_translate_keys":[{"key":"link","format":"url"}],"_links":{"self":[{"href":"https:\/\/www.hashtag.al\/index.php\/wp-json\/wp\/v2\/posts\/679349","targetHints":{"allow":["GET"]}}],"collection":[{"href":"https:\/\/www.hashtag.al\/index.php\/wp-json\/wp\/v2\/posts"}],"about":[{"href":"https:\/\/www.hashtag.al\/index.php\/wp-json\/wp\/v2\/types\/post"}],"author":[{"embeddable":true,"href":"https:\/\/www.hashtag.al\/index.php\/wp-json\/wp\/v2\/users\/32"}],"replies":[{"embeddable":true,"href":"https:\/\/www.hashtag.al\/index.php\/wp-json\/wp\/v2\/comments?post=679349"}],"version-history":[{"count":0,"href":"https:\/\/www.hashtag.al\/index.php\/wp-json\/wp\/v2\/posts\/679349\/revisions"}],"wp:featuredmedia":[{"embeddable":true,"href":"https:\/\/www.hashtag.al\/index.php\/wp-json\/wp\/v2\/media\/679318"}],"wp:attachment":[{"href":"https:\/\/www.hashtag.al\/index.php\/wp-json\/wp\/v2\/media?parent=679349"}],"wp:term":[{"taxonomy":"category","embeddable":true,"href":"https:\/\/www.hashtag.al\/index.php\/wp-json\/wp\/v2\/categories?post=679349"},{"taxonomy":"post_tag","embeddable":true,"href":"https:\/\/www.hashtag.al\/index.php\/wp-json\/wp\/v2\/tags?post=679349"}],"curies":[{"name":"wp","href":"https:\/\/api.w.org\/{rel}","templated":true}]}}